{"id":2060,"date":"2019-11-27T15:36:36","date_gmt":"2019-11-27T14:36:36","guid":{"rendered":"https:\/\/agora.xtec.cat\/cfacastelldefels\/?p=2060"},"modified":"2019-11-27T16:45:08","modified_gmt":"2019-11-27T15:45:08","slug":"reunio-delegats-de-grups-i-de-lassociacio-alumnes","status":"publish","type":"post","link":"https:\/\/agora.xtec.cat\/cfacastelldefels\/general\/reunio-delegats-de-grups-i-de-lassociacio-alumnes\/","title":{"rendered":"Reuni\u00f3 delegats de grups i de l&#8217;associaci\u00f3 alumnes"},"content":{"rendered":"<p><a href=\"https:\/\/agora.xtec.cat\/cfacastelldefels\/wp-content\/uploads\/usu251\/2019\/11\/reuni\u00f3.jpg\"><img loading=\"lazy\" decoding=\"async\" class=\"wp-image-2061 alignnone\" src=\"https:\/\/agora.xtec.cat\/cfacastelldefels\/wp-content\/uploads\/usu251\/2019\/11\/reuni\u00f3.jpg\" alt=\"\" width=\"247\" height=\"164\" \/><\/a><\/p>\n<p>Reuni\u00f3 de delegats de grups i de\u00a0 l&#8217;associaci\u00f3 d&#8217;alumnes.<\/p>\n<p><strong>Grups horari de mat\u00ed: Dimarts 3 de desembre a les 11:00<\/strong><br \/>\n<strong>Grups de tarda: Dimecres 4 de desembre a les 17:45<\/strong><\/p>\n<p><strong>La reuni\u00f3 ser\u00e0 en la biblioteca del centre.<\/strong><br \/>\nEls delegats poden aportar suggeriments, i propostes de les aules, grups i companys sobre:<\/p>\n<ul>\n<li>Possibles activitats, tallers, propostes per a la festa de final d&#8217;any del dia 20 de desembre, mat\u00ed.<\/li>\n<li>Incid\u00e8ncies i propostes sobre el primer trimestre del curs<\/li>\n<li>Propostes possibles d&#8217;activitats culturals del 2n trimestre i del tercer. Comentar activitat de teatre.<\/li>\n<li>Propostes de millora del centre i suggeriments.<\/li>\n<li>Altres comentaris<\/li>\n<\/ul>\n<p>\u00c9s interessant que els representants pugui recollir el sentir als seus grups<\/p>\n<p>&nbsp;<\/p>\n","protected":false},"excerpt":{"rendered":"<p>Reuni\u00f3 de delegats de grups i de\u00a0 l&#8217;associaci\u00f3 d&#8217;alumnes. Grups horari de mat\u00ed: Dimarts 3 de desembre a les 11:00 Grups de tarda: Dimecres 4 de desembre a les 17:45 La reuni\u00f3 ser\u00e0 en la biblioteca del centre. Els delegats poden aportar suggeriments, i propostes de les aules, grups i companys sobre: Possibles activitats, tallers, [&hellip;]<\/p>\n","protected":false},"author":1,"featured_media":0,"comment_status":"closed","ping_status":"closed","sticky":false,"template":"","format":"standard","meta":{"_bbp_topic_count":0,"_bbp_reply_count":0,"_bbp_total_topic_count":0,"_bbp_total_reply_count":0,"_bbp_voice_count":0,"_bbp_anonymous_reply_count":0,"_bbp_topic_count_hidden":0,"_bbp_reply_count_hidden":0,"_bbp_forum_subforum_count":0,"site-sidebar-layout":"default","site-content-layout":"","ast-site-content-layout":"","site-content-style":"default","site-sidebar-style":"default","ast-global-header-display":"","ast-banner-title-visibility":"","ast-main-header-display":"","ast-hfb-above-header-display":"","ast-hfb-below-header-display":"","ast-hfb-mobile-header-display":"","site-post-title":"","ast-breadcrumbs-content":"","ast-featured-img":"","footer-sml-layout":"","theme-transparent-header-meta":"","adv-header-id-meta":"","stick-header-meta":"","header-above-stick-meta":"","header-main-stick-meta":"","header-below-stick-meta":"","astra-migrate-meta-layouts":"default","ast-page-background-enabled":"default","ast-page-background-meta":{"desktop":{"background-color":"var(--ast-global-color-4)","background-image":"","background-repeat":"repeat","background-position":"center center","background-size":"auto","background-attachment":"scroll","background-type":"","background-media":"","overlay-type":"","overlay-color":"","overlay-opacity":"","overlay-gradient":""},"tablet":{"background-color":"","background-image":"","background-repeat":"repeat","background-position":"center center","background-size":"auto","background-attachment":"scroll","background-type":"","background-media":"","overlay-type":"","overlay-color":"","overlay-opacity":"","overlay-gradient":""},"mobile":{"background-color":"","background-image":"","background-repeat":"repeat","background-position":"center center","background-size":"auto","background-attachment":"scroll","background-type":"","background-media":"","overlay-type":"","overlay-color":"","overlay-opacity":"","overlay-gradient":""}},"ast-content-background-meta":{"desktop":{"background-color":"var(--ast-global-color-5)","background-image":"","background-repeat":"repeat","background-position":"center center","background-size":"auto","background-attachment":"scroll","background-type":"","background-media":"","overlay-type":"","overlay-color":"","overlay-opacity":"","overlay-gradient":""},"tablet":{"background-color":"var(--ast-global-color-5)","background-image":"","background-repeat":"repeat","background-position":"center center","background-size":"auto","background-attachment":"scroll","background-type":"","background-media":"","overlay-type":"","overlay-color":"","overlay-opacity":"","overlay-gradient":""},"mobile":{"background-color":"var(--ast-global-color-5)","background-image":"","background-repeat":"repeat","background-position":"center center","background-size":"auto","background-attachment":"scroll","background-type":"","background-media":"","overlay-type":"","overlay-color":"","overlay-opacity":"","overlay-gradient":""}},"footnotes":""},"categories":[140,1,86,29],"tags":[124,57,64,56],"class_list":["post-2060","post","type-post","status-publish","format-standard","hentry","category-associacio","category-general","category-muralla-digital-revista","category-portada","tag-agendacultutral","tag-centre","tag-general-2","tag-informacio"],"post_mailing_queue_ids":[],"_links":{"self":[{"href":"https:\/\/agora.xtec.cat\/cfacastelldefels\/wp-json\/wp\/v2\/posts\/2060","targetHints":{"allow":["GET"]}}],"collection":[{"href":"https:\/\/agora.xtec.cat\/cfacastelldefels\/wp-json\/wp\/v2\/posts"}],"about":[{"href":"https:\/\/agora.xtec.cat\/cfacastelldefels\/wp-json\/wp\/v2\/types\/post"}],"author":[{"embeddable":true,"href":"https:\/\/agora.xtec.cat\/cfacastelldefels\/wp-json\/wp\/v2\/users\/1"}],"replies":[{"embeddable":true,"href":"https:\/\/agora.xtec.cat\/cfacastelldefels\/wp-json\/wp\/v2\/comments?post=2060"}],"version-history":[{"count":3,"href":"https:\/\/agora.xtec.cat\/cfacastelldefels\/wp-json\/wp\/v2\/posts\/2060\/revisions"}],"predecessor-version":[{"id":2067,"href":"https:\/\/agora.xtec.cat\/cfacastelldefels\/wp-json\/wp\/v2\/posts\/2060\/revisions\/2067"}],"wp:attachment":[{"href":"https:\/\/agora.xtec.cat\/cfacastelldefels\/wp-json\/wp\/v2\/media?parent=2060"}],"wp:term":[{"taxonomy":"category","embeddable":true,"href":"https:\/\/agora.xtec.cat\/cfacastelldefels\/wp-json\/wp\/v2\/categories?post=2060"},{"taxonomy":"post_tag","embeddable":true,"href":"https:\/\/agora.xtec.cat\/cfacastelldefels\/wp-json\/wp\/v2\/tags?post=2060"}],"curies":[{"name":"wp","href":"https:\/\/api.w.org\/{rel}","templated":true}]}}