{"id":1990,"date":"2019-09-02T12:38:38","date_gmt":"2019-09-02T10:38:38","guid":{"rendered":"http:\/\/agora.xtec.cat\/cfacastelldefels\/?p=1990"},"modified":"2019-09-02T12:39:04","modified_gmt":"2019-09-02T10:39:04","slug":"matricula-2019-2020","status":"publish","type":"post","link":"https:\/\/agora.xtec.cat\/cfacastelldefels\/general\/matricula-2019-2020\/","title":{"rendered":"MATR\u00cdCULA 2019\/2020"},"content":{"rendered":"<p><span style=\"color: #ff0000;\"><strong>Horaris d&#8217;atenci\u00f3 al p\u00fablic per gesti\u00f3 matricula<\/strong><\/span><\/p>\n<ul>\n<li>Dilluns\/lunes\/Monday\u00a0 2, Dimecres\/ mi\u00e9rcoles\/Wednesday 4, dilluns 9\u00a0 <strong>de 16:00 a 19:00<\/strong><\/li>\n<li>Dimarts\/martes\/Tuesday 3, Dijous\/jueves\/Thursday 5 i Divendres\/viernes\/Friday\u00a0 6\u00a0 de <strong>9:30 a 12:30<\/strong><\/li>\n<\/ul>\n<p><span style=\"color: #ff0000;\">ALUMNES AMB PLA\u00c7A ADJUDICADA EN JULIOL\/ Admitted\u00a0 Students,in July lists \/alumnos admitidos<\/span><\/p>\n<p>Han de passar pel centre per acabar de formalitzar matr\u00edcula i gestionar pagament quota material. Students must come to CFA to finish enrolment<\/p>\n<p><span style=\"color: #ff0000;\">Alumnes en llista d&#8217;espera. Waiting list students<\/span><\/p>\n<p>Dijous 12 a les 16:00\u00a0 per odre de llista si hi ha vancant. Jueves 12 a las 16h por orden de lista en caso de vacante. Thursday 12 at 16h.<\/p>\n<p><span style=\"color: #ff0000;\">ALUMNES QUE TENEN LA PLA\u00c7A RESERVADA\u00a0 DEL CURS ANTERIOR<\/span><\/p>\n<p>Han de passar pel centre per confirmar i gestionar pagament quota material. Students must come to CFA to confirm enrolment<\/p>\n<p><span style=\"color: #ff0000;\">Estudiants nous. Alumnos nuevos. New students. Nouveaux \u00e9tudiants. \u041d\u043e\u0432\u044b\u0435 \u0441\u0442\u0443\u0434\u0435\u043d\u0442\u044b<\/span><\/p>\n<p>Han de venir al centre per adjudicar hora per entrevista i orientaci\u00f3.\u00a0 Deben venir al centra para que se les adjudique hora para entrevista y orientaci\u00f3n. Student must come to school to set an appointment for an interview and guideline.<\/p>\n<p>&nbsp;<\/p>\n","protected":false},"excerpt":{"rendered":"<p>Horaris d&#8217;atenci\u00f3 al p\u00fablic per gesti\u00f3 matricula Dilluns\/lunes\/Monday\u00a0 2, Dimecres\/ mi\u00e9rcoles\/Wednesday 4, dilluns 9\u00a0 de 16:00 a 19:00 Dimarts\/martes\/Tuesday 3, Dijous\/jueves\/Thursday 5 i Divendres\/viernes\/Friday\u00a0 6\u00a0 de 9:30 a 12:30 ALUMNES AMB PLA\u00c7A ADJUDICADA EN JULIOL\/ Admitted\u00a0 Students,in July lists \/alumnos admitidos Han de passar pel centre per acabar de formalitzar matr\u00edcula i gestionar pagament quota [&hellip;]<\/p>\n","protected":false},"author":1,"featured_media":0,"comment_status":"open","ping_status":"closed","sticky":false,"template":"","format":"standard","meta":{"_bbp_topic_count":0,"_bbp_reply_count":0,"_bbp_total_topic_count":0,"_bbp_total_reply_count":0,"_bbp_voice_count":0,"_bbp_anonymous_reply_count":0,"_bbp_topic_count_hidden":0,"_bbp_reply_count_hidden":0,"_bbp_forum_subforum_count":0,"site-sidebar-layout":"default","site-content-layout":"","ast-site-content-layout":"","site-content-style":"default","site-sidebar-style":"default","ast-global-header-display":"","ast-banner-title-visibility":"","ast-main-header-display":"","ast-hfb-above-header-display":"","ast-hfb-below-header-display":"","ast-hfb-mobile-header-display":"","site-post-title":"","ast-breadcrumbs-content":"","ast-featured-img":"","footer-sml-layout":"","theme-transparent-header-meta":"","adv-header-id-meta":"","stick-header-meta":"","header-above-stick-meta":"","header-main-stick-meta":"","header-below-stick-meta":"","astra-migrate-meta-layouts":"default","ast-page-background-enabled":"default","ast-page-background-meta":{"desktop":{"background-color":"var(--ast-global-color-4)","background-image":"","background-repeat":"repeat","background-position":"center center","background-size":"auto","background-attachment":"scroll","background-type":"","background-media":"","overlay-type":"","overlay-color":"","overlay-opacity":"","overlay-gradient":""},"tablet":{"background-color":"","background-image":"","background-repeat":"repeat","background-position":"center center","background-size":"auto","background-attachment":"scroll","background-type":"","background-media":"","overlay-type":"","overlay-color":"","overlay-opacity":"","overlay-gradient":""},"mobile":{"background-color":"","background-image":"","background-repeat":"repeat","background-position":"center center","background-size":"auto","background-attachment":"scroll","background-type":"","background-media":"","overlay-type":"","overlay-color":"","overlay-opacity":"","overlay-gradient":""}},"ast-content-background-meta":{"desktop":{"background-color":"var(--ast-global-color-5)","background-image":"","background-repeat":"repeat","background-position":"center center","background-size":"auto","background-attachment":"scroll","background-type":"","background-media":"","overlay-type":"","overlay-color":"","overlay-opacity":"","overlay-gradient":""},"tablet":{"background-color":"var(--ast-global-color-5)","background-image":"","background-repeat":"repeat","background-position":"center center","background-size":"auto","background-attachment":"scroll","background-type":"","background-media":"","overlay-type":"","overlay-color":"","overlay-opacity":"","overlay-gradient":""},"mobile":{"background-color":"var(--ast-global-color-5)","background-image":"","background-repeat":"repeat","background-position":"center center","background-size":"auto","background-attachment":"scroll","background-type":"","background-media":"","overlay-type":"","overlay-color":"","overlay-opacity":"","overlay-gradient":""}},"footnotes":""},"categories":[1,29],"tags":[],"class_list":["post-1990","post","type-post","status-publish","format-standard","hentry","category-general","category-portada"],"post_mailing_queue_ids":[],"_links":{"self":[{"href":"https:\/\/agora.xtec.cat\/cfacastelldefels\/wp-json\/wp\/v2\/posts\/1990","targetHints":{"allow":["GET"]}}],"collection":[{"href":"https:\/\/agora.xtec.cat\/cfacastelldefels\/wp-json\/wp\/v2\/posts"}],"about":[{"href":"https:\/\/agora.xtec.cat\/cfacastelldefels\/wp-json\/wp\/v2\/types\/post"}],"author":[{"embeddable":true,"href":"https:\/\/agora.xtec.cat\/cfacastelldefels\/wp-json\/wp\/v2\/users\/1"}],"replies":[{"embeddable":true,"href":"https:\/\/agora.xtec.cat\/cfacastelldefels\/wp-json\/wp\/v2\/comments?post=1990"}],"version-history":[{"count":2,"href":"https:\/\/agora.xtec.cat\/cfacastelldefels\/wp-json\/wp\/v2\/posts\/1990\/revisions"}],"predecessor-version":[{"id":1992,"href":"https:\/\/agora.xtec.cat\/cfacastelldefels\/wp-json\/wp\/v2\/posts\/1990\/revisions\/1992"}],"wp:attachment":[{"href":"https:\/\/agora.xtec.cat\/cfacastelldefels\/wp-json\/wp\/v2\/media?parent=1990"}],"wp:term":[{"taxonomy":"category","embeddable":true,"href":"https:\/\/agora.xtec.cat\/cfacastelldefels\/wp-json\/wp\/v2\/categories?post=1990"},{"taxonomy":"post_tag","embeddable":true,"href":"https:\/\/agora.xtec.cat\/cfacastelldefels\/wp-json\/wp\/v2\/tags?post=1990"}],"curies":[{"name":"wp","href":"https:\/\/api.w.org\/{rel}","templated":true}]}}