{"id":1942,"date":"2019-07-01T15:40:34","date_gmt":"2019-07-01T13:40:34","guid":{"rendered":"http:\/\/agora.xtec.cat\/cfacastelldefels\/?p=1942"},"modified":"2019-07-12T12:43:01","modified_gmt":"2019-07-12T10:43:01","slug":"presincipcio-2019-2020","status":"publish","type":"post","link":"https:\/\/agora.xtec.cat\/cfacastelldefels\/general\/presincipcio-2019-2020\/","title":{"rendered":"PREINSCRIPCI\u00d3 2019-2020"},"content":{"rendered":"<p>PREINSCRIPCI\u00d3 i matr\u00edcula 2019-2020<\/p>\n<p>Els llistat es poden consultar per la web exclusivament usant\u00a0 contrasenya d&#8217;acc\u00e9s.<br \/>\nConsulta llistes places adjudicades i llista d&#8217;espera. <a href=\"http:\/\/agora.xtec.cat\/cfacastelldefels\/el-centre\/preinscripcio-i-matricula\/llistes-2018-2019-preinscripcico\/\" target=\"_blank\" rel=\"noopener noreferrer\">Acc\u00e9s a les llistes<\/a><\/p>\n<p><span style=\"color: #ff0000;\"><strong>Matr\u00edcula alumnes que estiguin admesos en setembre\u00a0 i confirmaci\u00f3 alumnes que tenen reserva<\/strong> <\/span><\/p>\n<ul>\n<li style=\"list-style-type: none;\">\n<ul>\n<li>Dilluns 2, Dimecres 4, dilluns 9 \u00a0 de 16:00 a 19:00<\/li>\n<li>Dimarts 3, Dijous 5 i Divendres 6\u00a0 de 9:30 a 12:30<\/li>\n<\/ul>\n<\/li>\n<\/ul>\n<p><strong>Caldr\u00e0 fer efectiva la quota de participaci\u00f3 de despeses de materials<\/strong><\/p>\n<p>Els alumnes que no confirmin o no vinguin a matricular-se perdran la pla\u00e7a adjudicada i s&#8217;oferir\u00e0 als de la llista d&#8217;espera<\/p>\n<p><strong><span style=\"color: #ff0000;\">Alumnes en llista d&#8217;espera<\/span><\/strong><\/p>\n<p>La matr\u00edcula dels alumnes en llista d&#8217;espera ser\u00e0 el dijous 12 de setembre a les 16:00 sempre que hi hagi vacants. ES CONVOCAR\u00c0 PER L&#8217;ORDRE DEL LLISTAT OFICIAL, EN CAS D&#8217;ABS\u00c8NCIA CORRER\u00c0 EL LLISTAT. Es demanar\u00e0 desdoblar competic 2 i angl\u00e8s 3 donat el volum de llista d&#8217;espera<\/p>\n<p><span style=\"color: #ff0000;\"><strong>Alumnes que no han fet la preinscripci\u00f3 en juny<\/strong><\/span><\/p>\n<p>Els alumnes que no han fet la preinscripci\u00f3 cal que vinguin en l&#8217;horari de matr\u00edcula, a partir del dia 2 de setembre, per poder apuntar-se a les sessions d&#8217;orientaci\u00f3. La matr\u00edcula la faran a partir del dia 13 de setembre<\/p>\n<p>&nbsp;<\/p>\n<p>&nbsp;<\/p>\n<p>&nbsp;<\/p>\n","protected":false},"excerpt":{"rendered":"<p>PREINSCRIPCI\u00d3 i matr\u00edcula 2019-2020 Els llistat es poden consultar per la web exclusivament usant\u00a0 contrasenya d&#8217;acc\u00e9s. Consulta llistes places adjudicades i llista d&#8217;espera. Acc\u00e9s a les llistes Matr\u00edcula alumnes que estiguin admesos en setembre\u00a0 i confirmaci\u00f3 alumnes que tenen reserva Dilluns 2, Dimecres 4, dilluns 9 \u00a0 de 16:00 a 19:00 Dimarts 3, Dijous 5 [&hellip;]<\/p>\n","protected":false},"author":1,"featured_media":0,"comment_status":"closed","ping_status":"closed","sticky":false,"template":"","format":"standard","meta":{"_bbp_topic_count":0,"_bbp_reply_count":0,"_bbp_total_topic_count":0,"_bbp_total_reply_count":0,"_bbp_voice_count":0,"_bbp_anonymous_reply_count":0,"_bbp_topic_count_hidden":0,"_bbp_reply_count_hidden":0,"_bbp_forum_subforum_count":0,"site-sidebar-layout":"default","site-content-layout":"","ast-site-content-layout":"","site-content-style":"default","site-sidebar-style":"default","ast-global-header-display":"","ast-banner-title-visibility":"","ast-main-header-display":"","ast-hfb-above-header-display":"","ast-hfb-below-header-display":"","ast-hfb-mobile-header-display":"","site-post-title":"","ast-breadcrumbs-content":"","ast-featured-img":"","footer-sml-layout":"","theme-transparent-header-meta":"","adv-header-id-meta":"","stick-header-meta":"","header-above-stick-meta":"","header-main-stick-meta":"","header-below-stick-meta":"","astra-migrate-meta-layouts":"default","ast-page-background-enabled":"default","ast-page-background-meta":{"desktop":{"background-color":"var(--ast-global-color-4)","background-image":"","background-repeat":"repeat","background-position":"center center","background-size":"auto","background-attachment":"scroll","background-type":"","background-media":"","overlay-type":"","overlay-color":"","overlay-opacity":"","overlay-gradient":""},"tablet":{"background-color":"","background-image":"","background-repeat":"repeat","background-position":"center center","background-size":"auto","background-attachment":"scroll","background-type":"","background-media":"","overlay-type":"","overlay-color":"","overlay-opacity":"","overlay-gradient":""},"mobile":{"background-color":"","background-image":"","background-repeat":"repeat","background-position":"center center","background-size":"auto","background-attachment":"scroll","background-type":"","background-media":"","overlay-type":"","overlay-color":"","overlay-opacity":"","overlay-gradient":""}},"ast-content-background-meta":{"desktop":{"background-color":"var(--ast-global-color-5)","background-image":"","background-repeat":"repeat","background-position":"center center","background-size":"auto","background-attachment":"scroll","background-type":"","background-media":"","overlay-type":"","overlay-color":"","overlay-opacity":"","overlay-gradient":""},"tablet":{"background-color":"var(--ast-global-color-5)","background-image":"","background-repeat":"repeat","background-position":"center center","background-size":"auto","background-attachment":"scroll","background-type":"","background-media":"","overlay-type":"","overlay-color":"","overlay-opacity":"","overlay-gradient":""},"mobile":{"background-color":"var(--ast-global-color-5)","background-image":"","background-repeat":"repeat","background-position":"center center","background-size":"auto","background-attachment":"scroll","background-type":"","background-media":"","overlay-type":"","overlay-color":"","overlay-opacity":"","overlay-gradient":""}},"footnotes":""},"categories":[1,29],"tags":[],"class_list":["post-1942","post","type-post","status-publish","format-standard","hentry","category-general","category-portada"],"post_mailing_queue_ids":[],"_links":{"self":[{"href":"https:\/\/agora.xtec.cat\/cfacastelldefels\/wp-json\/wp\/v2\/posts\/1942","targetHints":{"allow":["GET"]}}],"collection":[{"href":"https:\/\/agora.xtec.cat\/cfacastelldefels\/wp-json\/wp\/v2\/posts"}],"about":[{"href":"https:\/\/agora.xtec.cat\/cfacastelldefels\/wp-json\/wp\/v2\/types\/post"}],"author":[{"embeddable":true,"href":"https:\/\/agora.xtec.cat\/cfacastelldefels\/wp-json\/wp\/v2\/users\/1"}],"replies":[{"embeddable":true,"href":"https:\/\/agora.xtec.cat\/cfacastelldefels\/wp-json\/wp\/v2\/comments?post=1942"}],"version-history":[{"count":3,"href":"https:\/\/agora.xtec.cat\/cfacastelldefels\/wp-json\/wp\/v2\/posts\/1942\/revisions"}],"predecessor-version":[{"id":1979,"href":"https:\/\/agora.xtec.cat\/cfacastelldefels\/wp-json\/wp\/v2\/posts\/1942\/revisions\/1979"}],"wp:attachment":[{"href":"https:\/\/agora.xtec.cat\/cfacastelldefels\/wp-json\/wp\/v2\/media?parent=1942"}],"wp:term":[{"taxonomy":"category","embeddable":true,"href":"https:\/\/agora.xtec.cat\/cfacastelldefels\/wp-json\/wp\/v2\/categories?post=1942"},{"taxonomy":"post_tag","embeddable":true,"href":"https:\/\/agora.xtec.cat\/cfacastelldefels\/wp-json\/wp\/v2\/tags?post=1942"}],"curies":[{"name":"wp","href":"https:\/\/api.w.org\/{rel}","templated":true}]}}