{"id":1888,"date":"2019-05-15T16:25:08","date_gmt":"2019-05-15T14:25:08","guid":{"rendered":"http:\/\/agora.xtec.cat\/cfacastelldefels\/?p=1888"},"modified":"2019-07-01T15:42:51","modified_gmt":"2019-07-01T13:42:51","slug":"preinscripcio-2019-del-18-al-25","status":"publish","type":"post","link":"https:\/\/agora.xtec.cat\/cfacastelldefels\/general\/preinscripcio-2019-del-18-al-25\/","title":{"rendered":"Preinscripci\u00f3 2019 del 18 al 25"},"content":{"rendered":"<p>Del 18 al 25 de Juny farem la preinscripci\u00f3. Cal passar pel centre o consultar la web per confirmar horaris. Els alumnes que no comencen en el primer nivell i hagin de fer proves de nivell han de reservar hora en consergeria. Documentaci\u00f3: original i fotoc\u00f2pia dni\/passaport i TSI o asseguran\u00e7a m\u00e8dica,\u00a0 foto actual, certificat notes per AGS i per secund\u00e0ria.<\/p>\n<p>Cursos: Graduat secund\u00e0ria adults (ESO), Acc\u00e9s universitat +25 i Grau superior, Espa\u00f1ol como L2, English, catal\u00e0 i inform\u00e0tica Competic\/actic<\/p>\n<p>Del 18 al 25 de junio haremos la preinscripci\u00f3n. Se puede consultar en el centro los horarios o consultar la web del centro. Los alumnos que no comiencen en primero y deban hacer pruebas de nivel deben reservar hora en conserjer\u00eda. Documentaci\u00f3n necesaria: original y fotocopia del DNI\/pasaporte, certificado de empadronamiento si no figura, tarjeta sanitaria o de la seguro m\u00e9dico, foto actual. Certificado de notas ACFGS y GES.<\/p>\n<p>Cursos: Graduado secundaria adultos, acceso universidad +25, 45, Espa\u00f1ol para extranjeros, catal\u00e1n, ingl\u00e9s y inform\u00e1tica competic\/actic<\/p>\n<div class=\"ast-oembed-container \" style=\"height: 100%;\"><iframe loading=\"lazy\" title=\"CFA Castelldefels Preinscripci\u00f3 2019\" width=\"500\" height=\"281\" src=\"https:\/\/www.youtube.com\/embed\/q7thV0beyys?feature=oembed\" frameborder=\"0\" allow=\"accelerometer; autoplay; clipboard-write; encrypted-media; gyroscope; picture-in-picture; web-share\" referrerpolicy=\"strict-origin-when-cross-origin\" allowfullscreen><\/iframe><\/div>\n","protected":false},"excerpt":{"rendered":"<p>Del 18 al 25 de Juny farem la preinscripci\u00f3. Cal passar pel centre o consultar la web per confirmar horaris. Els alumnes que no comencen en el primer nivell i hagin de fer proves de nivell han de reservar hora en consergeria. Documentaci\u00f3: original i fotoc\u00f2pia dni\/passaport i TSI o asseguran\u00e7a m\u00e8dica,\u00a0 foto actual, certificat [&hellip;]<\/p>\n","protected":false},"author":1,"featured_media":0,"comment_status":"closed","ping_status":"closed","sticky":false,"template":"","format":"standard","meta":{"_bbp_topic_count":0,"_bbp_reply_count":0,"_bbp_total_topic_count":0,"_bbp_total_reply_count":0,"_bbp_voice_count":0,"_bbp_anonymous_reply_count":0,"_bbp_topic_count_hidden":0,"_bbp_reply_count_hidden":0,"_bbp_forum_subforum_count":0,"site-sidebar-layout":"default","site-content-layout":"","ast-site-content-layout":"","site-content-style":"default","site-sidebar-style":"default","ast-global-header-display":"","ast-banner-title-visibility":"","ast-main-header-display":"","ast-hfb-above-header-display":"","ast-hfb-below-header-display":"","ast-hfb-mobile-header-display":"","site-post-title":"","ast-breadcrumbs-content":"","ast-featured-img":"","footer-sml-layout":"","theme-transparent-header-meta":"","adv-header-id-meta":"","stick-header-meta":"","header-above-stick-meta":"","header-main-stick-meta":"","header-below-stick-meta":"","astra-migrate-meta-layouts":"default","ast-page-background-enabled":"default","ast-page-background-meta":{"desktop":{"background-color":"var(--ast-global-color-4)","background-image":"","background-repeat":"repeat","background-position":"center center","background-size":"auto","background-attachment":"scroll","background-type":"","background-media":"","overlay-type":"","overlay-color":"","overlay-opacity":"","overlay-gradient":""},"tablet":{"background-color":"","background-image":"","background-repeat":"repeat","background-position":"center center","background-size":"auto","background-attachment":"scroll","background-type":"","background-media":"","overlay-type":"","overlay-color":"","overlay-opacity":"","overlay-gradient":""},"mobile":{"background-color":"","background-image":"","background-repeat":"repeat","background-position":"center center","background-size":"auto","background-attachment":"scroll","background-type":"","background-media":"","overlay-type":"","overlay-color":"","overlay-opacity":"","overlay-gradient":""}},"ast-content-background-meta":{"desktop":{"background-color":"var(--ast-global-color-5)","background-image":"","background-repeat":"repeat","background-position":"center center","background-size":"auto","background-attachment":"scroll","background-type":"","background-media":"","overlay-type":"","overlay-color":"","overlay-opacity":"","overlay-gradient":""},"tablet":{"background-color":"var(--ast-global-color-5)","background-image":"","background-repeat":"repeat","background-position":"center center","background-size":"auto","background-attachment":"scroll","background-type":"","background-media":"","overlay-type":"","overlay-color":"","overlay-opacity":"","overlay-gradient":""},"mobile":{"background-color":"var(--ast-global-color-5)","background-image":"","background-repeat":"repeat","background-position":"center center","background-size":"auto","background-attachment":"scroll","background-type":"","background-media":"","overlay-type":"","overlay-color":"","overlay-opacity":"","overlay-gradient":""}},"footnotes":""},"categories":[1,29],"tags":[117,139],"class_list":["post-1888","post","type-post","status-publish","format-standard","hentry","category-general","category-portada","tag-cfacastelldefels","tag-preisncripcio"],"post_mailing_queue_ids":[],"_links":{"self":[{"href":"https:\/\/agora.xtec.cat\/cfacastelldefels\/wp-json\/wp\/v2\/posts\/1888","targetHints":{"allow":["GET"]}}],"collection":[{"href":"https:\/\/agora.xtec.cat\/cfacastelldefels\/wp-json\/wp\/v2\/posts"}],"about":[{"href":"https:\/\/agora.xtec.cat\/cfacastelldefels\/wp-json\/wp\/v2\/types\/post"}],"author":[{"embeddable":true,"href":"https:\/\/agora.xtec.cat\/cfacastelldefels\/wp-json\/wp\/v2\/users\/1"}],"replies":[{"embeddable":true,"href":"https:\/\/agora.xtec.cat\/cfacastelldefels\/wp-json\/wp\/v2\/comments?post=1888"}],"version-history":[{"count":3,"href":"https:\/\/agora.xtec.cat\/cfacastelldefels\/wp-json\/wp\/v2\/posts\/1888\/revisions"}],"predecessor-version":[{"id":1892,"href":"https:\/\/agora.xtec.cat\/cfacastelldefels\/wp-json\/wp\/v2\/posts\/1888\/revisions\/1892"}],"wp:attachment":[{"href":"https:\/\/agora.xtec.cat\/cfacastelldefels\/wp-json\/wp\/v2\/media?parent=1888"}],"wp:term":[{"taxonomy":"category","embeddable":true,"href":"https:\/\/agora.xtec.cat\/cfacastelldefels\/wp-json\/wp\/v2\/categories?post=1888"},{"taxonomy":"post_tag","embeddable":true,"href":"https:\/\/agora.xtec.cat\/cfacastelldefels\/wp-json\/wp\/v2\/tags?post=1888"}],"curies":[{"name":"wp","href":"https:\/\/api.w.org\/{rel}","templated":true}]}}