{"id":1857,"date":"2019-04-23T12:08:30","date_gmt":"2019-04-23T10:08:30","guid":{"rendered":"http:\/\/agora.xtec.cat\/cfacastelldefels\/?p=1857"},"modified":"2019-04-23T12:10:07","modified_gmt":"2019-04-23T10:10:07","slug":"els-millors-plans-i-activitats-per-viure-el-sant-jordi","status":"publish","type":"post","link":"https:\/\/agora.xtec.cat\/cfacastelldefels\/general\/els-millors-plans-i-activitats-per-viure-el-sant-jordi\/","title":{"rendered":"Els millors plans i activitats per viure el Sant Jordi"},"content":{"rendered":"<p><a href=\"https:\/\/agora.xtec.cat\/cfacastelldefels\/wp-content\/uploads\/usu251\/2019\/04\/san-jordi06.gif\"><img loading=\"lazy\" decoding=\"async\" class=\"alignleft size-full wp-image-1859\" src=\"https:\/\/agora.xtec.cat\/cfacastelldefels\/wp-content\/uploads\/usu251\/2019\/04\/san-jordi06.gif\" alt=\"\" width=\"211\" height=\"158\" \/><\/a>La\u00a0Diada de Sant Jordi 2019\u00a0 \u00e9s\u00a0segurament un dels dies m\u00e9s bonics de les ciutats,\u00a0 coincideix amb el Dia Internacional del Llibre. El dia que per a molts \u00e9s el dels enamorats, per\u00f2 sobretot \u00e9s la jornada del\u00a0llibre, de la\u00a0rosa,\u00a0 de recordar la llegenda de Sant Jordi, de deixar-se perdre pels carrers de la ciutat i participar en algunes de les activitats que s\u2019organitzen al voltant de la Diada i al llarg de tot l&#8217;abril.<\/p>\n<p>Al nostre centre tenim tres activitats en marxa. Els llibres amb ales lloc d&#8217;intercanvi de llibres per donar-los una nova oportunitat de lectura, exposici\u00f3 commemorant l&#8217;any Teresa P\u00e0mies en el seu 100\u00e8 aniversari\u00a0 i una petita mostra de Raining poems. Estem segurs que gaudirem d&#8217;una bona diada.<\/p>\n<p><a href=\"https:\/\/agora.xtec.cat\/cfacastelldefels\/wp-content\/uploads\/usu251\/2019\/04\/fotonoticia_20150422185456-15041276299_540.jpg\"><img loading=\"lazy\" decoding=\"async\" class=\"alignleft wp-image-1858\" src=\"https:\/\/agora.xtec.cat\/cfacastelldefels\/wp-content\/uploads\/usu251\/2019\/04\/fotonoticia_20150422185456-15041276299_540.jpg\" alt=\"\" width=\"314\" height=\"391\" srcset=\"https:\/\/agora.xtec.cat\/cfacastelldefels\/wp-content\/uploads\/usu251\/2019\/04\/fotonoticia_20150422185456-15041276299_540.jpg 540w, https:\/\/agora.xtec.cat\/cfacastelldefels\/wp-content\/uploads\/usu251\/2019\/04\/fotonoticia_20150422185456-15041276299_540-241x300.jpg 241w\" sizes=\"auto, (max-width: 314px) 100vw, 314px\" \/><\/a><\/p>\n<p>Bona lectura i bona rosa!<\/p>\n","protected":false},"excerpt":{"rendered":"<p>La\u00a0Diada de Sant Jordi 2019\u00a0 \u00e9s\u00a0segurament un dels dies m\u00e9s bonics de les ciutats,\u00a0 coincideix amb el Dia Internacional del Llibre. El dia que per a molts \u00e9s el dels enamorats, per\u00f2 sobretot \u00e9s la jornada del\u00a0llibre, de la\u00a0rosa,\u00a0 de recordar la llegenda de Sant Jordi, de deixar-se perdre pels carrers de la ciutat i [&hellip;]<\/p>\n","protected":false},"author":1,"featured_media":0,"comment_status":"closed","ping_status":"closed","sticky":false,"template":"","format":"standard","meta":{"_bbp_topic_count":0,"_bbp_reply_count":0,"_bbp_total_topic_count":0,"_bbp_total_reply_count":0,"_bbp_voice_count":0,"_bbp_anonymous_reply_count":0,"_bbp_topic_count_hidden":0,"_bbp_reply_count_hidden":0,"_bbp_forum_subforum_count":0,"site-sidebar-layout":"default","site-content-layout":"","ast-site-content-layout":"","site-content-style":"default","site-sidebar-style":"default","ast-global-header-display":"","ast-banner-title-visibility":"","ast-main-header-display":"","ast-hfb-above-header-display":"","ast-hfb-below-header-display":"","ast-hfb-mobile-header-display":"","site-post-title":"","ast-breadcrumbs-content":"","ast-featured-img":"","footer-sml-layout":"","theme-transparent-header-meta":"","adv-header-id-meta":"","stick-header-meta":"","header-above-stick-meta":"","header-main-stick-meta":"","header-below-stick-meta":"","astra-migrate-meta-layouts":"default","ast-page-background-enabled":"default","ast-page-background-meta":{"desktop":{"background-color":"var(--ast-global-color-4)","background-image":"","background-repeat":"repeat","background-position":"center center","background-size":"auto","background-attachment":"scroll","background-type":"","background-media":"","overlay-type":"","overlay-color":"","overlay-opacity":"","overlay-gradient":""},"tablet":{"background-color":"","background-image":"","background-repeat":"repeat","background-position":"center center","background-size":"auto","background-attachment":"scroll","background-type":"","background-media":"","overlay-type":"","overlay-color":"","overlay-opacity":"","overlay-gradient":""},"mobile":{"background-color":"","background-image":"","background-repeat":"repeat","background-position":"center center","background-size":"auto","background-attachment":"scroll","background-type":"","background-media":"","overlay-type":"","overlay-color":"","overlay-opacity":"","overlay-gradient":""}},"ast-content-background-meta":{"desktop":{"background-color":"var(--ast-global-color-5)","background-image":"","background-repeat":"repeat","background-position":"center center","background-size":"auto","background-attachment":"scroll","background-type":"","background-media":"","overlay-type":"","overlay-color":"","overlay-opacity":"","overlay-gradient":""},"tablet":{"background-color":"var(--ast-global-color-5)","background-image":"","background-repeat":"repeat","background-position":"center center","background-size":"auto","background-attachment":"scroll","background-type":"","background-media":"","overlay-type":"","overlay-color":"","overlay-opacity":"","overlay-gradient":""},"mobile":{"background-color":"var(--ast-global-color-5)","background-image":"","background-repeat":"repeat","background-position":"center center","background-size":"auto","background-attachment":"scroll","background-type":"","background-media":"","overlay-type":"","overlay-color":"","overlay-opacity":"","overlay-gradient":""}},"footnotes":""},"categories":[1,86,29],"tags":[],"class_list":["post-1857","post","type-post","status-publish","format-standard","hentry","category-general","category-muralla-digital-revista","category-portada"],"post_mailing_queue_ids":[],"_links":{"self":[{"href":"https:\/\/agora.xtec.cat\/cfacastelldefels\/wp-json\/wp\/v2\/posts\/1857","targetHints":{"allow":["GET"]}}],"collection":[{"href":"https:\/\/agora.xtec.cat\/cfacastelldefels\/wp-json\/wp\/v2\/posts"}],"about":[{"href":"https:\/\/agora.xtec.cat\/cfacastelldefels\/wp-json\/wp\/v2\/types\/post"}],"author":[{"embeddable":true,"href":"https:\/\/agora.xtec.cat\/cfacastelldefels\/wp-json\/wp\/v2\/users\/1"}],"replies":[{"embeddable":true,"href":"https:\/\/agora.xtec.cat\/cfacastelldefels\/wp-json\/wp\/v2\/comments?post=1857"}],"version-history":[{"count":3,"href":"https:\/\/agora.xtec.cat\/cfacastelldefels\/wp-json\/wp\/v2\/posts\/1857\/revisions"}],"predecessor-version":[{"id":1862,"href":"https:\/\/agora.xtec.cat\/cfacastelldefels\/wp-json\/wp\/v2\/posts\/1857\/revisions\/1862"}],"wp:attachment":[{"href":"https:\/\/agora.xtec.cat\/cfacastelldefels\/wp-json\/wp\/v2\/media?parent=1857"}],"wp:term":[{"taxonomy":"category","embeddable":true,"href":"https:\/\/agora.xtec.cat\/cfacastelldefels\/wp-json\/wp\/v2\/categories?post=1857"},{"taxonomy":"post_tag","embeddable":true,"href":"https:\/\/agora.xtec.cat\/cfacastelldefels\/wp-json\/wp\/v2\/tags?post=1857"}],"curies":[{"name":"wp","href":"https:\/\/api.w.org\/{rel}","templated":true}]}}