{"id":1839,"date":"2019-04-01T19:22:35","date_gmt":"2019-04-01T17:22:35","guid":{"rendered":"http:\/\/agora.xtec.cat\/cfacastelldefels\/?p=1839"},"modified":"2019-04-12T14:00:22","modified_gmt":"2019-04-12T12:00:22","slug":"viatge-humanitari","status":"publish","type":"post","link":"https:\/\/agora.xtec.cat\/cfacastelldefels\/general\/viatge-humanitari\/","title":{"rendered":"Viatge humanitari"},"content":{"rendered":"<p><a href=\"https:\/\/agora.xtec.cat\/cfacastelldefels\/wp-content\/uploads\/usu251\/2019\/04\/unnamed.jpg\"><img loading=\"lazy\" decoding=\"async\" class=\"alignleft wp-image-1840\" src=\"https:\/\/agora.xtec.cat\/cfacastelldefels\/wp-content\/uploads\/usu251\/2019\/04\/unnamed-724x1024.jpg\" alt=\"\" width=\"180\" height=\"254\" srcset=\"https:\/\/agora.xtec.cat\/cfacastelldefels\/wp-content\/uploads\/usu251\/2019\/04\/unnamed-724x1024.jpg 724w, https:\/\/agora.xtec.cat\/cfacastelldefels\/wp-content\/uploads\/usu251\/2019\/04\/unnamed-212x300.jpg 212w, https:\/\/agora.xtec.cat\/cfacastelldefels\/wp-content\/uploads\/usu251\/2019\/04\/unnamed-768x1086.jpg 768w, https:\/\/agora.xtec.cat\/cfacastelldefels\/wp-content\/uploads\/usu251\/2019\/04\/unnamed.jpg 1131w\" sizes=\"auto, (max-width: 180px) 100vw, 180px\" \/><\/a>Des de fa temps hi ha emerg\u00e8ncia humanit\u00e0ria en Gr\u00e8cia. Alumnat del nostre centre de competic i angl\u00e8s volen participar en una campanya per aportar material. La campanya pret\u00e9n recollir material o donacions per tal d&#8217;ajudar els refugiats de l&#8217;illa de Lesbos (tamb\u00e9 es diu Lesvos)<\/p>\n<p>Una de les actuacions pret\u00e9n millorar la xarxa el\u00e8ctrica del camp de refugiats per a la qual cosa han obert una campanya de micro mecenatge<\/p>\n<h6 class=\"campaign-title\"><a href=\"https:\/\/www.gofundme.com\/campamento-refugiados-reparacion-sistema-electrico?utm_source=facebook&amp;utm_medium=social&amp;utm_campaign=fb_dn_cpgnstaticsmall_r&amp;fbclid=IwAR1UANtI7feC07IY408sN8cvqImmnPGBkgDe4WsBf4k9VVaTo_IvNMRLyeU\">CAMPAMENTO REFUGIADOS Reparaci\u00f3n Sistema El\u00e9ctrico<\/a><\/h6>\n<p>podeu trobar la p\u00e0gina web de gofundme (equipo volunatarios a Lesvos)<\/p>\n","protected":false},"excerpt":{"rendered":"<p>Des de fa temps hi ha emerg\u00e8ncia humanit\u00e0ria en Gr\u00e8cia. Alumnat del nostre centre de competic i angl\u00e8s volen participar en una campanya per aportar material. La campanya pret\u00e9n recollir material o donacions per tal d&#8217;ajudar els refugiats de l&#8217;illa de Lesbos (tamb\u00e9 es diu Lesvos) Una de les actuacions pret\u00e9n millorar la xarxa el\u00e8ctrica [&hellip;]<\/p>\n","protected":false},"author":1,"featured_media":0,"comment_status":"open","ping_status":"closed","sticky":false,"template":"","format":"standard","meta":{"_bbp_topic_count":0,"_bbp_reply_count":0,"_bbp_total_topic_count":0,"_bbp_total_reply_count":0,"_bbp_voice_count":0,"_bbp_anonymous_reply_count":0,"_bbp_topic_count_hidden":0,"_bbp_reply_count_hidden":0,"_bbp_forum_subforum_count":0,"site-sidebar-layout":"default","site-content-layout":"","ast-site-content-layout":"","site-content-style":"default","site-sidebar-style":"default","ast-global-header-display":"","ast-banner-title-visibility":"","ast-main-header-display":"","ast-hfb-above-header-display":"","ast-hfb-below-header-display":"","ast-hfb-mobile-header-display":"","site-post-title":"","ast-breadcrumbs-content":"","ast-featured-img":"","footer-sml-layout":"","theme-transparent-header-meta":"","adv-header-id-meta":"","stick-header-meta":"","header-above-stick-meta":"","header-main-stick-meta":"","header-below-stick-meta":"","astra-migrate-meta-layouts":"default","ast-page-background-enabled":"default","ast-page-background-meta":{"desktop":{"background-color":"var(--ast-global-color-4)","background-image":"","background-repeat":"repeat","background-position":"center center","background-size":"auto","background-attachment":"scroll","background-type":"","background-media":"","overlay-type":"","overlay-color":"","overlay-opacity":"","overlay-gradient":""},"tablet":{"background-color":"","background-image":"","background-repeat":"repeat","background-position":"center center","background-size":"auto","background-attachment":"scroll","background-type":"","background-media":"","overlay-type":"","overlay-color":"","overlay-opacity":"","overlay-gradient":""},"mobile":{"background-color":"","background-image":"","background-repeat":"repeat","background-position":"center center","background-size":"auto","background-attachment":"scroll","background-type":"","background-media":"","overlay-type":"","overlay-color":"","overlay-opacity":"","overlay-gradient":""}},"ast-content-background-meta":{"desktop":{"background-color":"var(--ast-global-color-5)","background-image":"","background-repeat":"repeat","background-position":"center center","background-size":"auto","background-attachment":"scroll","background-type":"","background-media":"","overlay-type":"","overlay-color":"","overlay-opacity":"","overlay-gradient":""},"tablet":{"background-color":"var(--ast-global-color-5)","background-image":"","background-repeat":"repeat","background-position":"center center","background-size":"auto","background-attachment":"scroll","background-type":"","background-media":"","overlay-type":"","overlay-color":"","overlay-opacity":"","overlay-gradient":""},"mobile":{"background-color":"var(--ast-global-color-5)","background-image":"","background-repeat":"repeat","background-position":"center center","background-size":"auto","background-attachment":"scroll","background-type":"","background-media":"","overlay-type":"","overlay-color":"","overlay-opacity":"","overlay-gradient":""}},"footnotes":""},"categories":[1,86],"tags":[],"class_list":["post-1839","post","type-post","status-publish","format-standard","hentry","category-general","category-muralla-digital-revista"],"post_mailing_queue_ids":[],"_links":{"self":[{"href":"https:\/\/agora.xtec.cat\/cfacastelldefels\/wp-json\/wp\/v2\/posts\/1839","targetHints":{"allow":["GET"]}}],"collection":[{"href":"https:\/\/agora.xtec.cat\/cfacastelldefels\/wp-json\/wp\/v2\/posts"}],"about":[{"href":"https:\/\/agora.xtec.cat\/cfacastelldefels\/wp-json\/wp\/v2\/types\/post"}],"author":[{"embeddable":true,"href":"https:\/\/agora.xtec.cat\/cfacastelldefels\/wp-json\/wp\/v2\/users\/1"}],"replies":[{"embeddable":true,"href":"https:\/\/agora.xtec.cat\/cfacastelldefels\/wp-json\/wp\/v2\/comments?post=1839"}],"version-history":[{"count":3,"href":"https:\/\/agora.xtec.cat\/cfacastelldefels\/wp-json\/wp\/v2\/posts\/1839\/revisions"}],"predecessor-version":[{"id":1853,"href":"https:\/\/agora.xtec.cat\/cfacastelldefels\/wp-json\/wp\/v2\/posts\/1839\/revisions\/1853"}],"wp:attachment":[{"href":"https:\/\/agora.xtec.cat\/cfacastelldefels\/wp-json\/wp\/v2\/media?parent=1839"}],"wp:term":[{"taxonomy":"category","embeddable":true,"href":"https:\/\/agora.xtec.cat\/cfacastelldefels\/wp-json\/wp\/v2\/categories?post=1839"},{"taxonomy":"post_tag","embeddable":true,"href":"https:\/\/agora.xtec.cat\/cfacastelldefels\/wp-json\/wp\/v2\/tags?post=1839"}],"curies":[{"name":"wp","href":"https:\/\/api.w.org\/{rel}","templated":true}]}}