{"id":1809,"date":"2019-02-07T16:03:38","date_gmt":"2019-02-07T15:03:38","guid":{"rendered":"http:\/\/agora.xtec.cat\/cfacastelldefels\/?p=1809"},"modified":"2019-07-25T12:45:31","modified_gmt":"2019-07-25T10:45:31","slug":"sortida-al-teatre-13-de-febrer","status":"publish","type":"post","link":"https:\/\/agora.xtec.cat\/cfacastelldefels\/portada\/sortida-al-teatre-13-de-febrer\/","title":{"rendered":"Sortida al teatre 13 de febrer"},"content":{"rendered":"<p><a href=\"https:\/\/agora.xtec.cat\/cfacastelldefels\/wp-content\/uploads\/usu251\/2019\/02\/teatre-lliure-montjuic-teatre-barcelona.jpg\"><img loading=\"lazy\" decoding=\"async\" class=\"aligncenter size-full wp-image-1811\" src=\"https:\/\/agora.xtec.cat\/cfacastelldefels\/wp-content\/uploads\/usu251\/2019\/02\/teatre-lliure-montjuic-teatre-barcelona.jpg\" alt=\"\" width=\"720\" height=\"250\" srcset=\"https:\/\/agora.xtec.cat\/cfacastelldefels\/wp-content\/uploads\/usu251\/2019\/02\/teatre-lliure-montjuic-teatre-barcelona.jpg 720w, https:\/\/agora.xtec.cat\/cfacastelldefels\/wp-content\/uploads\/usu251\/2019\/02\/teatre-lliure-montjuic-teatre-barcelona-300x104.jpg 300w\" sizes=\"auto, (max-width: 720px) 100vw, 720px\" \/><\/a><\/p>\n<p>&nbsp;<\/p>\n<p>Benvolguts,<\/p>\n<p>Us recordem que la sortida al teatre per veure l&#8217;obra <em>Kingdom<\/em> \u00e9s el <strong>proper dimecres 13 de febrer<\/strong>. Els alumnes que s&#8217;hi van inscriure poden anar directament al Teatre Lliure de Montju\u00efc o agafar l&#8217;autob\u00fas amb un grup d&#8217;alumnes i professors. Tothom qui vulgui arribar-hi en autob\u00fas, haur\u00e0 de ser el mateix dia 13 de febrer a les 18:30h a la parada Pl. Joan XXIII. <strong>La funci\u00f3 comen\u00e7a a les 20:30h<\/strong>, per\u00f2 \u00e9s convenient ser-hi uns vint minuts abans per poder repartir les entrades.<\/p>\n<p><strong>El professorat entrar\u00e0 a la sala a les 20:25h<\/strong>. Si no heu recollit la vostra entrada abans d&#8217;aquesta hora, no podreu accedir a la representaci\u00f3. Per aquest motiu us preguem que sigueu puntuals.<\/p>\n<p><strong>Important<\/strong>: en aquest espectacle es fan servir<strong>\u00a0llums estrobosc\u00f2pics.\u00a0<\/strong>Si considereu que aix\u00f2 pot ser un problema, comuniqueu-ho al professorat el m\u00e9s aviat possible.<\/p>\n<p>Gr\u00e0cies!<\/p>\n","protected":false},"excerpt":{"rendered":"<p>Benvolguts,Us recordem que la sortida al teatre per veure l&#8217;obra Kingdom \u00e9s el proper dimecres 13 de febrer. Els alumnes que s&#8217;hi van inscriure poden anar directament al Teatre Lliure de Montju\u00efc o agafar l&#8217;autob\u00fas amb un grup d&#8217;alumnes i professors. Tothom qui vulgui arribar-hi en autob\u00fas, haur\u00e0 de ser el mateix dia 13 de febrer a les 18:30h a la parada Pl. Joan XXIII. La funci\u00f3 comen\u00e7a a les 20:30h, per\u00f2 \u00e9s convenient ser-hi uns vint minuts abans per poder repartir les entrades.<\/p>\n","protected":false},"author":1,"featured_media":1811,"comment_status":"open","ping_status":"closed","sticky":false,"template":"","format":"standard","meta":{"_bbp_topic_count":0,"_bbp_reply_count":0,"_bbp_total_topic_count":0,"_bbp_total_reply_count":0,"_bbp_voice_count":0,"_bbp_anonymous_reply_count":0,"_bbp_topic_count_hidden":0,"_bbp_reply_count_hidden":0,"_bbp_forum_subforum_count":0,"site-sidebar-layout":"default","site-content-layout":"","ast-site-content-layout":"","site-content-style":"default","site-sidebar-style":"default","ast-global-header-display":"","ast-banner-title-visibility":"","ast-main-header-display":"","ast-hfb-above-header-display":"","ast-hfb-below-header-display":"","ast-hfb-mobile-header-display":"","site-post-title":"","ast-breadcrumbs-content":"","ast-featured-img":"","footer-sml-layout":"","theme-transparent-header-meta":"","adv-header-id-meta":"","stick-header-meta":"","header-above-stick-meta":"","header-main-stick-meta":"","header-below-stick-meta":"","astra-migrate-meta-layouts":"default","ast-page-background-enabled":"default","ast-page-background-meta":{"desktop":{"background-color":"var(--ast-global-color-4)","background-image":"","background-repeat":"repeat","background-position":"center center","background-size":"auto","background-attachment":"scroll","background-type":"","background-media":"","overlay-type":"","overlay-color":"","overlay-opacity":"","overlay-gradient":""},"tablet":{"background-color":"","background-image":"","background-repeat":"repeat","background-position":"center center","background-size":"auto","background-attachment":"scroll","background-type":"","background-media":"","overlay-type":"","overlay-color":"","overlay-opacity":"","overlay-gradient":""},"mobile":{"background-color":"","background-image":"","background-repeat":"repeat","background-position":"center center","background-size":"auto","background-attachment":"scroll","background-type":"","background-media":"","overlay-type":"","overlay-color":"","overlay-opacity":"","overlay-gradient":""}},"ast-content-background-meta":{"desktop":{"background-color":"var(--ast-global-color-5)","background-image":"","background-repeat":"repeat","background-position":"center center","background-size":"auto","background-attachment":"scroll","background-type":"","background-media":"","overlay-type":"","overlay-color":"","overlay-opacity":"","overlay-gradient":""},"tablet":{"background-color":"var(--ast-global-color-5)","background-image":"","background-repeat":"repeat","background-position":"center center","background-size":"auto","background-attachment":"scroll","background-type":"","background-media":"","overlay-type":"","overlay-color":"","overlay-opacity":"","overlay-gradient":""},"mobile":{"background-color":"var(--ast-global-color-5)","background-image":"","background-repeat":"repeat","background-position":"center center","background-size":"auto","background-attachment":"scroll","background-type":"","background-media":"","overlay-type":"","overlay-color":"","overlay-opacity":"","overlay-gradient":""}},"footnotes":""},"categories":[137,71,73,72,70,29],"tags":[62,124,40],"class_list":["post-1809","post","type-post","status-publish","format-standard","has-post-thumbnail","hentry","category-au25-45","category-cfgs","category-tic","category-english","category-ges","category-portada","tag-activitat","tag-agendacultutral","tag-teatre"],"post_mailing_queue_ids":[],"_links":{"self":[{"href":"https:\/\/agora.xtec.cat\/cfacastelldefels\/wp-json\/wp\/v2\/posts\/1809","targetHints":{"allow":["GET"]}}],"collection":[{"href":"https:\/\/agora.xtec.cat\/cfacastelldefels\/wp-json\/wp\/v2\/posts"}],"about":[{"href":"https:\/\/agora.xtec.cat\/cfacastelldefels\/wp-json\/wp\/v2\/types\/post"}],"author":[{"embeddable":true,"href":"https:\/\/agora.xtec.cat\/cfacastelldefels\/wp-json\/wp\/v2\/users\/1"}],"replies":[{"embeddable":true,"href":"https:\/\/agora.xtec.cat\/cfacastelldefels\/wp-json\/wp\/v2\/comments?post=1809"}],"version-history":[{"count":2,"href":"https:\/\/agora.xtec.cat\/cfacastelldefels\/wp-json\/wp\/v2\/posts\/1809\/revisions"}],"predecessor-version":[{"id":1814,"href":"https:\/\/agora.xtec.cat\/cfacastelldefels\/wp-json\/wp\/v2\/posts\/1809\/revisions\/1814"}],"wp:featuredmedia":[{"embeddable":true,"href":"https:\/\/agora.xtec.cat\/cfacastelldefels\/wp-json\/wp\/v2\/media\/1811"}],"wp:attachment":[{"href":"https:\/\/agora.xtec.cat\/cfacastelldefels\/wp-json\/wp\/v2\/media?parent=1809"}],"wp:term":[{"taxonomy":"category","embeddable":true,"href":"https:\/\/agora.xtec.cat\/cfacastelldefels\/wp-json\/wp\/v2\/categories?post=1809"},{"taxonomy":"post_tag","embeddable":true,"href":"https:\/\/agora.xtec.cat\/cfacastelldefels\/wp-json\/wp\/v2\/tags?post=1809"}],"curies":[{"name":"wp","href":"https:\/\/api.w.org\/{rel}","templated":true}]}}