{"id":1804,"date":"2019-02-05T12:50:53","date_gmt":"2019-02-05T11:50:53","guid":{"rendered":"http:\/\/agora.xtec.cat\/cfacastelldefels\/?p=1804"},"modified":"2019-02-05T13:42:50","modified_gmt":"2019-02-05T12:42:50","slug":"chinese-new-year","status":"publish","type":"post","link":"https:\/\/agora.xtec.cat\/cfacastelldefels\/general\/chinese-new-year\/","title":{"rendered":"Chinese New Year"},"content":{"rendered":"<h1 style=\"text-align: center;\"><span class=\"u-cn\">\u6625\u8282<a href=\"https:\/\/agora.xtec.cat\/cfacastelldefels\/wp-content\/uploads\/usu251\/2019\/02\/chinese-zodiac.jpg\"><img loading=\"lazy\" decoding=\"async\" class=\"size-full wp-image-1805 alignright\" src=\"https:\/\/agora.xtec.cat\/cfacastelldefels\/wp-content\/uploads\/usu251\/2019\/02\/chinese-zodiac.jpg\" alt=\"\" width=\"300\" height=\"300\" srcset=\"https:\/\/agora.xtec.cat\/cfacastelldefels\/wp-content\/uploads\/usu251\/2019\/02\/chinese-zodiac.jpg 300w, https:\/\/agora.xtec.cat\/cfacastelldefels\/wp-content\/uploads\/usu251\/2019\/02\/chinese-zodiac-150x150.jpg 150w\" sizes=\"auto, (max-width: 300px) 100vw, 300px\" \/><\/a><\/span><\/h1>\n<h2>Chinese New Year or spring festival<\/h2>\n<p><strong>Red is the main color for the festival<\/strong>, as red is believed to be an auspicious colour<\/p>\n<p><span style=\"color: #008080;\">L&#8217;Any nou xin\u00e8s, ( en mandar\u00ed: \u4e2d\u56fd\u65b0\u5e74, Zh\u014dnggu\u00f3 x\u012bnni\u00e1n ), tamb\u00e9 anomenat a la Xina, &#8220;la Festa de la Primavera&#8221; (\u6625\u8282, ch\u016bn ji\u00e9), \u00e9s la festivitat tradicional m\u00e9s important del calendari xin\u00e8s, celebrada tamb\u00e9 en altres pa\u00efsos de l&#8217;\u00c0sia oriental.<\/span><\/p>\n<p><span style=\"color: #339966;\"> Las celebraciones comienzan el primer d\u00eda del primer mes lunar (\u6b63\u6708, <i>zh\u0113ng yu\u00e8<\/i>) y terminan el d\u00eda quince, cuando se celebra el <b>Festival de los faroles<\/b> (\u5143\u5bb5\u8282, \u5143\u5bb5\u7bc0, <i>yu\u00e1nxi\u0101oji\u00e9<\/i>)<\/span><\/p>\n<h5>Deistgem a tots els nostre alumnes i especialment els\u00a0 d&#8217;origen de Xina Bon any\u00a0 4716!!<\/h5>\n<p>&nbsp;<\/p>\n<h1><span class=\"u-cn\">\u00a0<\/span><\/h1>\n<p>&nbsp;<\/p>\n<p>&nbsp;<\/p>\n","protected":false},"excerpt":{"rendered":"<p>\u6625\u8282 Chinese New Year or spring festival Red is the main color for the festival, as red is believed to be an auspicious colour L&#8217;Any nou xin\u00e8s, ( en mandar\u00ed: \u4e2d\u56fd\u65b0\u5e74, Zh\u014dnggu\u00f3 x\u012bnni\u00e1n ), tamb\u00e9 anomenat a la Xina, &#8220;la Festa de la Primavera&#8221; (\u6625\u8282, ch\u016bn ji\u00e9), \u00e9s la festivitat tradicional m\u00e9s important del calendari [&hellip;]<\/p>\n","protected":false},"author":1,"featured_media":0,"comment_status":"open","ping_status":"closed","sticky":false,"template":"","format":"standard","meta":{"_bbp_topic_count":0,"_bbp_reply_count":0,"_bbp_total_topic_count":0,"_bbp_total_reply_count":0,"_bbp_voice_count":0,"_bbp_anonymous_reply_count":0,"_bbp_topic_count_hidden":0,"_bbp_reply_count_hidden":0,"_bbp_forum_subforum_count":0,"site-sidebar-layout":"default","site-content-layout":"","ast-site-content-layout":"","site-content-style":"default","site-sidebar-style":"default","ast-global-header-display":"","ast-banner-title-visibility":"","ast-main-header-display":"","ast-hfb-above-header-display":"","ast-hfb-below-header-display":"","ast-hfb-mobile-header-display":"","site-post-title":"","ast-breadcrumbs-content":"","ast-featured-img":"","footer-sml-layout":"","theme-transparent-header-meta":"","adv-header-id-meta":"","stick-header-meta":"","header-above-stick-meta":"","header-main-stick-meta":"","header-below-stick-meta":"","astra-migrate-meta-layouts":"default","ast-page-background-enabled":"default","ast-page-background-meta":{"desktop":{"background-color":"var(--ast-global-color-4)","background-image":"","background-repeat":"repeat","background-position":"center center","background-size":"auto","background-attachment":"scroll","background-type":"","background-media":"","overlay-type":"","overlay-color":"","overlay-opacity":"","overlay-gradient":""},"tablet":{"background-color":"","background-image":"","background-repeat":"repeat","background-position":"center center","background-size":"auto","background-attachment":"scroll","background-type":"","background-media":"","overlay-type":"","overlay-color":"","overlay-opacity":"","overlay-gradient":""},"mobile":{"background-color":"","background-image":"","background-repeat":"repeat","background-position":"center center","background-size":"auto","background-attachment":"scroll","background-type":"","background-media":"","overlay-type":"","overlay-color":"","overlay-opacity":"","overlay-gradient":""}},"ast-content-background-meta":{"desktop":{"background-color":"var(--ast-global-color-5)","background-image":"","background-repeat":"repeat","background-position":"center center","background-size":"auto","background-attachment":"scroll","background-type":"","background-media":"","overlay-type":"","overlay-color":"","overlay-opacity":"","overlay-gradient":""},"tablet":{"background-color":"var(--ast-global-color-5)","background-image":"","background-repeat":"repeat","background-position":"center center","background-size":"auto","background-attachment":"scroll","background-type":"","background-media":"","overlay-type":"","overlay-color":"","overlay-opacity":"","overlay-gradient":""},"mobile":{"background-color":"var(--ast-global-color-5)","background-image":"","background-repeat":"repeat","background-position":"center center","background-size":"auto","background-attachment":"scroll","background-type":"","background-media":"","overlay-type":"","overlay-color":"","overlay-opacity":"","overlay-gradient":""}},"footnotes":""},"categories":[1,29],"tags":[],"class_list":["post-1804","post","type-post","status-publish","format-standard","hentry","category-general","category-portada"],"post_mailing_queue_ids":[],"_links":{"self":[{"href":"https:\/\/agora.xtec.cat\/cfacastelldefels\/wp-json\/wp\/v2\/posts\/1804","targetHints":{"allow":["GET"]}}],"collection":[{"href":"https:\/\/agora.xtec.cat\/cfacastelldefels\/wp-json\/wp\/v2\/posts"}],"about":[{"href":"https:\/\/agora.xtec.cat\/cfacastelldefels\/wp-json\/wp\/v2\/types\/post"}],"author":[{"embeddable":true,"href":"https:\/\/agora.xtec.cat\/cfacastelldefels\/wp-json\/wp\/v2\/users\/1"}],"replies":[{"embeddable":true,"href":"https:\/\/agora.xtec.cat\/cfacastelldefels\/wp-json\/wp\/v2\/comments?post=1804"}],"version-history":[{"count":2,"href":"https:\/\/agora.xtec.cat\/cfacastelldefels\/wp-json\/wp\/v2\/posts\/1804\/revisions"}],"predecessor-version":[{"id":1808,"href":"https:\/\/agora.xtec.cat\/cfacastelldefels\/wp-json\/wp\/v2\/posts\/1804\/revisions\/1808"}],"wp:attachment":[{"href":"https:\/\/agora.xtec.cat\/cfacastelldefels\/wp-json\/wp\/v2\/media?parent=1804"}],"wp:term":[{"taxonomy":"category","embeddable":true,"href":"https:\/\/agora.xtec.cat\/cfacastelldefels\/wp-json\/wp\/v2\/categories?post=1804"},{"taxonomy":"post_tag","embeddable":true,"href":"https:\/\/agora.xtec.cat\/cfacastelldefels\/wp-json\/wp\/v2\/tags?post=1804"}],"curies":[{"name":"wp","href":"https:\/\/api.w.org\/{rel}","templated":true}]}}