{"id":1760,"date":"2018-12-09T13:58:57","date_gmt":"2018-12-09T12:58:57","guid":{"rendered":"http:\/\/agora.xtec.cat\/cfacastelldefels\/?p=1760"},"modified":"2018-12-09T14:18:18","modified_gmt":"2018-12-09T13:18:18","slug":"el-enero-de-garcia-lorca","status":"publish","type":"post","link":"https:\/\/agora.xtec.cat\/cfacastelldefels\/portada\/el-enero-de-garcia-lorca\/","title":{"rendered":"El enero de Garc\u00eda Lorca"},"content":{"rendered":"<p>Casi 82 a\u00f1os despu\u00e9s de su muerte el 18 de agosto de 1936, durante la guerra civil espa\u00f1ola, y cuando el paradero de\u00a0 sus restos sigue siendo a\u00fan un enigma, despu\u00e9s de haber sido buscados infructuosamente, la escena teatral barcelonesa nos sorprende este comienzo de a\u00f1o 2019 con dos nuevos espect\u00e1culos sobre el poeta y dramaturgo granadino, a cual m\u00e1s interesante.<\/p>\n<p>El primero de ellos, <strong><em>As\u00ed que pasen cinco a\u00f1os<\/em><\/strong>, del <em>Teatre Lliure<\/em>,\u00a0 es una obra de teatro del \u00faltimo y m\u00e1s herm\u00e9tico per\u00edodo en la dramaturgia lorquiana, el llamado &#8220;teatro imposible&#8221;, de car\u00e1cter surrealista, muy personal y cuya dif\u00edcil interpretaci\u00f3n y su car\u00e1cter aleg\u00f3rico no evita un disfrute de esta &#8220;comedia imposible&#8221; (seg\u00fan la propia denominaci\u00f3n del autor) por parte del espectador contempor\u00e1neo, a pesar de que el autor denomin\u00f3 as\u00ed a esta y a otras de sus obras \u00faltimas (y p\u00f3stumas) por no considerar a sus contempor\u00e1neos preparados para su visionado.<\/p>\n<p>El segundo de ellos, <strong><em>Federico Garc\u00eda<\/em><\/strong>, del <em>Teatre Romea<\/em>, es un espect\u00e1culo basado en la biograf\u00eda del poeta, mitad documental, mitad musical, sin duda de gran inter\u00e9s incluso para aquellos que se acerquen al mundo lorquiano por primera vez.<\/p>\n<h3 class=\"espectacles\"><strong>AS\u00cd QUE PASEN CINCO A\u00d1OS<\/strong><\/h3>\n<h5 class=\"espectacles\"><strong style=\"font-family: inherit; font-size: 1em;\">Teatre Lliure Montju\u00efc<\/strong><\/h5>\n<div class=\"field field-name-field-periode field-type-text field-label-hidden\">\n<div class=\"field-items\">\n<h5 class=\"field-item even\"><strong>del 17 al 20 de enero de 2019<\/strong><\/h5>\n<\/div>\n<\/div>\n<p><img decoding=\"async\" src=\"https:\/\/www.teatrelliure.com\/sites\/default\/files\/asi-que-pasen_esp.jpg\" \/><\/p>\n<div class=\"field field-name-field-periode field-type-text field-label-hidden\">\n<div class=\"field-items\">\n<div class=\"field-item even\"><\/div>\n<\/div>\n<\/div>\n<div><\/div>\n<div><\/div>\n<div><\/div>\n<div class=\"field field-name-field-temporada field-type-taxonomy-term-reference field-label-hidden\">\n<div class=\"field-items\">\n<div class=\"field-item even\"><\/div>\n<\/div>\n<\/div>\n<div><\/div>\n<div><\/div>\n<div><\/div>\n<div><\/div>\n<div><\/div>\n<div class=\"field field-name-field-temporada field-type-taxonomy-term-reference field-label-hidden\">\n<div><img decoding=\"async\" src=\"https:\/\/www.teatrebarcelona.com\/wp-content\/uploads\/2018\/09\/TEATRE-BARCELONA-Federico_Garcia_ROMEA-390x560.jpg\" alt=\"Federico Garc\u00c3\u00ada \u00e2\u0086\u0092 Teatre Romea\" \/><\/div>\n<\/div>\n<div><\/div>\n<h5><strong>TEATRE ROMEA, del 22 de enero al 3 de marzo de 2019<\/strong><\/h5>\n","protected":false},"excerpt":{"rendered":"<p>Casi 82 a\u00f1os despu\u00e9s de su muerte el 18 de agosto de 1936, durante la guerra civil espa\u00f1ola, y cuando el paradero de\u00a0 sus restos sigue siendo a\u00fan un enigma, despu\u00e9s de haber sido buscados infructuosamente, la escena teatral barcelonesa nos sorprende este comienzo de a\u00f1o 2019 con dos nuevos espect\u00e1culos sobre el poeta y [&hellip;]<\/p>\n","protected":false},"author":10,"featured_media":1761,"comment_status":"open","ping_status":"closed","sticky":false,"template":"","format":"standard","meta":{"_bbp_topic_count":0,"_bbp_reply_count":0,"_bbp_total_topic_count":0,"_bbp_total_reply_count":0,"_bbp_voice_count":0,"_bbp_anonymous_reply_count":0,"_bbp_topic_count_hidden":0,"_bbp_reply_count_hidden":0,"_bbp_forum_subforum_count":0,"site-sidebar-layout":"default","site-content-layout":"","ast-site-content-layout":"","site-content-style":"default","site-sidebar-style":"default","ast-global-header-display":"","ast-banner-title-visibility":"","ast-main-header-display":"","ast-hfb-above-header-display":"","ast-hfb-below-header-display":"","ast-hfb-mobile-header-display":"","site-post-title":"","ast-breadcrumbs-content":"","ast-featured-img":"","footer-sml-layout":"","theme-transparent-header-meta":"","adv-header-id-meta":"","stick-header-meta":"","header-above-stick-meta":"","header-main-stick-meta":"","header-below-stick-meta":"","astra-migrate-meta-layouts":"default","ast-page-background-enabled":"default","ast-page-background-meta":{"desktop":{"background-color":"var(--ast-global-color-4)","background-image":"","background-repeat":"repeat","background-position":"center center","background-size":"auto","background-attachment":"scroll","background-type":"","background-media":"","overlay-type":"","overlay-color":"","overlay-opacity":"","overlay-gradient":""},"tablet":{"background-color":"","background-image":"","background-repeat":"repeat","background-position":"center center","background-size":"auto","background-attachment":"scroll","background-type":"","background-media":"","overlay-type":"","overlay-color":"","overlay-opacity":"","overlay-gradient":""},"mobile":{"background-color":"","background-image":"","background-repeat":"repeat","background-position":"center center","background-size":"auto","background-attachment":"scroll","background-type":"","background-media":"","overlay-type":"","overlay-color":"","overlay-opacity":"","overlay-gradient":""}},"ast-content-background-meta":{"desktop":{"background-color":"var(--ast-global-color-5)","background-image":"","background-repeat":"repeat","background-position":"center center","background-size":"auto","background-attachment":"scroll","background-type":"","background-media":"","overlay-type":"","overlay-color":"","overlay-opacity":"","overlay-gradient":""},"tablet":{"background-color":"var(--ast-global-color-5)","background-image":"","background-repeat":"repeat","background-position":"center center","background-size":"auto","background-attachment":"scroll","background-type":"","background-media":"","overlay-type":"","overlay-color":"","overlay-opacity":"","overlay-gradient":""},"mobile":{"background-color":"var(--ast-global-color-5)","background-image":"","background-repeat":"repeat","background-position":"center center","background-size":"auto","background-attachment":"scroll","background-type":"","background-media":"","overlay-type":"","overlay-color":"","overlay-opacity":"","overlay-gradient":""}},"footnotes":""},"categories":[86,29],"tags":[],"class_list":["post-1760","post","type-post","status-publish","format-standard","has-post-thumbnail","hentry","category-muralla-digital-revista","category-portada"],"post_mailing_queue_ids":[],"_links":{"self":[{"href":"https:\/\/agora.xtec.cat\/cfacastelldefels\/wp-json\/wp\/v2\/posts\/1760","targetHints":{"allow":["GET"]}}],"collection":[{"href":"https:\/\/agora.xtec.cat\/cfacastelldefels\/wp-json\/wp\/v2\/posts"}],"about":[{"href":"https:\/\/agora.xtec.cat\/cfacastelldefels\/wp-json\/wp\/v2\/types\/post"}],"author":[{"embeddable":true,"href":"https:\/\/agora.xtec.cat\/cfacastelldefels\/wp-json\/wp\/v2\/users\/10"}],"replies":[{"embeddable":true,"href":"https:\/\/agora.xtec.cat\/cfacastelldefels\/wp-json\/wp\/v2\/comments?post=1760"}],"version-history":[{"count":3,"href":"https:\/\/agora.xtec.cat\/cfacastelldefels\/wp-json\/wp\/v2\/posts\/1760\/revisions"}],"predecessor-version":[{"id":1770,"href":"https:\/\/agora.xtec.cat\/cfacastelldefels\/wp-json\/wp\/v2\/posts\/1760\/revisions\/1770"}],"wp:featuredmedia":[{"embeddable":true,"href":"https:\/\/agora.xtec.cat\/cfacastelldefels\/wp-json\/wp\/v2\/media\/1761"}],"wp:attachment":[{"href":"https:\/\/agora.xtec.cat\/cfacastelldefels\/wp-json\/wp\/v2\/media?parent=1760"}],"wp:term":[{"taxonomy":"category","embeddable":true,"href":"https:\/\/agora.xtec.cat\/cfacastelldefels\/wp-json\/wp\/v2\/categories?post=1760"},{"taxonomy":"post_tag","embeddable":true,"href":"https:\/\/agora.xtec.cat\/cfacastelldefels\/wp-json\/wp\/v2\/tags?post=1760"}],"curies":[{"name":"wp","href":"https:\/\/api.w.org\/{rel}","templated":true}]}}