{"id":1754,"date":"2018-11-23T13:44:52","date_gmt":"2018-11-23T12:44:52","guid":{"rendered":"http:\/\/agora.xtec.cat\/cfacastelldefels\/?p=1754"},"modified":"2018-11-23T14:59:37","modified_gmt":"2018-11-23T13:59:37","slug":"matricula-segon-trimestre-ges-presencial","status":"publish","type":"post","link":"https:\/\/agora.xtec.cat\/cfacastelldefels\/general\/matricula-segon-trimestre-ges-presencial\/","title":{"rendered":"MATR\u00cdCULA SEGON TRIMESTRE GES PRESENCIAL"},"content":{"rendered":"<p>El <span style=\"color: #ff0000;\">Graduat d&#8217;Educaci\u00f3 Secund\u00e0ria<\/span> per persones adultes t\u00e9 car\u00e0cter trimestral.<br \/>\nEl <span style=\"color: #ff0000;\">segon trimestre<\/span> comen\u00e7ar\u00e0 el dilluns 10 de desembre fins el 15 de mar\u00e7.<br \/>\nLa <span style=\"color: #ff0000;\">matr\u00edcula<\/span> per al segon trimestre ser\u00e0 el dilluns 3, 4 i 5 desembre. Cal concertar entrevista en consergeria.<br \/>\nLa documentaci\u00f3 a aportar \u00e9s fotoc\u00f2pia del DNI, de la tarja sanit\u00e0ria, fotografia carnet\u00a0 i certificat de notes si\u00a0 s&#8217;escau.<br \/>\nEn cas de tenir estudis de 3r i 4rt d&#8217;ESO o graduat escolar i aportar certificaci\u00f3 oficial (no butlletins de notes) es podr\u00e0 convalidar estudis anteriors. Cursos gratu\u00efts per als alumnes. Finan\u00e7ats per la Generalitat de Catalunya amb suport de la comunitat Europea<br \/>\nEl curs t\u00e9 car\u00e0cter modular i es poden cursar parcialment.<br \/>\nEls alumnes matriculats faran un prova de nivell. LA prova de nivell pot acreditar una part dels m\u00f2duls<br \/>\nPodeu trobar m\u00e9s informaci\u00f3 sobre el GES a la nostra web aix\u00ed com dels horaris.<br \/>\nRecordeu<\/p>\n<p>Matr\u00edcula: 3,4 i 5 desembre (cal concertar hora)<\/p>\n<p>Documentaci\u00f3: fotocopia DNI, TSI, foto i certificat de notes<\/p>\n<p><strong>M\u00f2duls de cultura general<\/strong><br \/>\nDestinats a qualsevol persona interessada.<br \/>\nDiet\u00e8tica i Nutrici\u00f3. Ci\u00e8ncies socials i moviments migratoris. Literatura catalana<br \/>\nDues sessions de 1h30 a la setmana. Comprom\u00eds dels assistents a participar en totes les activitats i assistir amb regularitat a les classes.<\/p>\n","protected":false},"excerpt":{"rendered":"<p>El Graduat d&#8217;Educaci\u00f3 Secund\u00e0ria per persones adultes t\u00e9 car\u00e0cter trimestral. El segon trimestre comen\u00e7ar\u00e0 el dilluns 10 de desembre fins el 15 de mar\u00e7. La matr\u00edcula per al segon trimestre ser\u00e0 el dilluns 3, 4 i 5 desembre. Cal concertar entrevista en consergeria. La documentaci\u00f3 a aportar \u00e9s fotoc\u00f2pia del DNI, de la tarja sanit\u00e0ria, [&hellip;]<\/p>\n","protected":false},"author":1,"featured_media":0,"comment_status":"open","ping_status":"closed","sticky":false,"template":"","format":"standard","meta":{"_bbp_topic_count":0,"_bbp_reply_count":0,"_bbp_total_topic_count":0,"_bbp_total_reply_count":0,"_bbp_voice_count":0,"_bbp_anonymous_reply_count":0,"_bbp_topic_count_hidden":0,"_bbp_reply_count_hidden":0,"_bbp_forum_subforum_count":0,"site-sidebar-layout":"default","site-content-layout":"","ast-site-content-layout":"","site-content-style":"default","site-sidebar-style":"default","ast-global-header-display":"","ast-banner-title-visibility":"","ast-main-header-display":"","ast-hfb-above-header-display":"","ast-hfb-below-header-display":"","ast-hfb-mobile-header-display":"","site-post-title":"","ast-breadcrumbs-content":"","ast-featured-img":"","footer-sml-layout":"","theme-transparent-header-meta":"","adv-header-id-meta":"","stick-header-meta":"","header-above-stick-meta":"","header-main-stick-meta":"","header-below-stick-meta":"","astra-migrate-meta-layouts":"default","ast-page-background-enabled":"default","ast-page-background-meta":{"desktop":{"background-color":"var(--ast-global-color-4)","background-image":"","background-repeat":"repeat","background-position":"center center","background-size":"auto","background-attachment":"scroll","background-type":"","background-media":"","overlay-type":"","overlay-color":"","overlay-opacity":"","overlay-gradient":""},"tablet":{"background-color":"","background-image":"","background-repeat":"repeat","background-position":"center center","background-size":"auto","background-attachment":"scroll","background-type":"","background-media":"","overlay-type":"","overlay-color":"","overlay-opacity":"","overlay-gradient":""},"mobile":{"background-color":"","background-image":"","background-repeat":"repeat","background-position":"center center","background-size":"auto","background-attachment":"scroll","background-type":"","background-media":"","overlay-type":"","overlay-color":"","overlay-opacity":"","overlay-gradient":""}},"ast-content-background-meta":{"desktop":{"background-color":"var(--ast-global-color-5)","background-image":"","background-repeat":"repeat","background-position":"center center","background-size":"auto","background-attachment":"scroll","background-type":"","background-media":"","overlay-type":"","overlay-color":"","overlay-opacity":"","overlay-gradient":""},"tablet":{"background-color":"var(--ast-global-color-5)","background-image":"","background-repeat":"repeat","background-position":"center center","background-size":"auto","background-attachment":"scroll","background-type":"","background-media":"","overlay-type":"","overlay-color":"","overlay-opacity":"","overlay-gradient":""},"mobile":{"background-color":"var(--ast-global-color-5)","background-image":"","background-repeat":"repeat","background-position":"center center","background-size":"auto","background-attachment":"scroll","background-type":"","background-media":"","overlay-type":"","overlay-color":"","overlay-opacity":"","overlay-gradient":""}},"footnotes":""},"categories":[80,1,70,29],"tags":[],"class_list":["post-1754","post","type-post","status-publish","format-standard","hentry","category-educacio","category-general","category-ges","category-portada"],"post_mailing_queue_ids":[],"_links":{"self":[{"href":"https:\/\/agora.xtec.cat\/cfacastelldefels\/wp-json\/wp\/v2\/posts\/1754","targetHints":{"allow":["GET"]}}],"collection":[{"href":"https:\/\/agora.xtec.cat\/cfacastelldefels\/wp-json\/wp\/v2\/posts"}],"about":[{"href":"https:\/\/agora.xtec.cat\/cfacastelldefels\/wp-json\/wp\/v2\/types\/post"}],"author":[{"embeddable":true,"href":"https:\/\/agora.xtec.cat\/cfacastelldefels\/wp-json\/wp\/v2\/users\/1"}],"replies":[{"embeddable":true,"href":"https:\/\/agora.xtec.cat\/cfacastelldefels\/wp-json\/wp\/v2\/comments?post=1754"}],"version-history":[{"count":3,"href":"https:\/\/agora.xtec.cat\/cfacastelldefels\/wp-json\/wp\/v2\/posts\/1754\/revisions"}],"predecessor-version":[{"id":1759,"href":"https:\/\/agora.xtec.cat\/cfacastelldefels\/wp-json\/wp\/v2\/posts\/1754\/revisions\/1759"}],"wp:attachment":[{"href":"https:\/\/agora.xtec.cat\/cfacastelldefels\/wp-json\/wp\/v2\/media?parent=1754"}],"wp:term":[{"taxonomy":"category","embeddable":true,"href":"https:\/\/agora.xtec.cat\/cfacastelldefels\/wp-json\/wp\/v2\/categories?post=1754"},{"taxonomy":"post_tag","embeddable":true,"href":"https:\/\/agora.xtec.cat\/cfacastelldefels\/wp-json\/wp\/v2\/tags?post=1754"}],"curies":[{"name":"wp","href":"https:\/\/api.w.org\/{rel}","templated":true}]}}