{"id":1738,"date":"2018-11-15T18:20:17","date_gmt":"2018-11-15T17:20:17","guid":{"rendered":"http:\/\/agora.xtec.cat\/cfacastelldefels\/?p=1738"},"modified":"2018-11-15T18:21:00","modified_gmt":"2018-11-15T17:21:00","slug":"visita-guiada-a-lexposicio-velazquez-y-el-siglo-de-oro-a-caixaforum","status":"publish","type":"post","link":"https:\/\/agora.xtec.cat\/cfacastelldefels\/general\/visita-guiada-a-lexposicio-velazquez-y-el-siglo-de-oro-a-caixaforum\/","title":{"rendered":"Visita guiada a l&#8217;exposici\u00f3 &#8220;Vel\u00e1zquez y el Siglo de Oro&#8221; a CaixaForum"},"content":{"rendered":"<p><strong>El dijous 13 de desembre de 2018 a les 17 h\u00a0<\/strong>anirem a CaixaForum a visitar l&#8217;exposici\u00f3 &#8220;<a href=\"https:\/\/caixaforum.es\/barcelona\/fichaexposicion?entryId=644601\"> Vel\u00e1zquez y el Siglo de Oro<\/a>&#8220;. \u00c9s una exposici\u00f3 centrada en l&#8217;obra del genial artista barroc del qual podrem veure set pintures, que es troben al Museu del Prado, sis de les quals no han estat mai a Barcelona. S\u00f3n les seg\u00fcents: <strong>&#8220;La adoraci\u00f3n de los reyes magos&#8221;, &#8220;Marte&#8221;,&#8221;Esopo&#8221;, Felipe IV&#8221;, &#8220;Juan Mart\u00ednez Monta\u00f1\u00e9s&#8221;, &#8220;Buf\u00f3n con libros&#8221; i &#8220;El pr\u00edncipe Baltasar Carlos, a caballo&#8221;.<\/strong><\/p>\n<p>Acompanyen al pintor sevill\u00e0 altres autors del segle d&#8217;or: mestres espanyols com <strong>Ribera, Zurbar\u00e1n i Murillo,<\/strong> i europeus com <strong>Tiziano, Rubens, Giordano, Brueghel el Viejo i Van Dyck.<\/strong> Com podem veure, ens trobem davant d&#8217;una cita obligada per als amants de l&#8217;art.<\/p>\n<p>&nbsp;<\/p>\n<p style=\"text-align: center;\"><a href=\"https:\/\/agora.xtec.cat\/cfacastelldefels\/wp-content\/uploads\/usu251\/2018\/11\/483px-Principe_baltasar_carlos_caballo_Velazquez_lou.jpg.jpg\"><img loading=\"lazy\" decoding=\"async\" class=\"alignnone size-medium wp-image-1739\" src=\"https:\/\/agora.xtec.cat\/cfacastelldefels\/wp-content\/uploads\/usu251\/2018\/11\/483px-Principe_baltasar_carlos_caballo_Velazquez_lou.jpg-242x300.jpg\" alt=\"\" width=\"242\" height=\"300\" \/>\u00a0\u00a0<\/a>\u00a0\u00a0<a href=\"https:\/\/agora.xtec.cat\/cfacastelldefels\/wp-content\/uploads\/usu251\/2018\/11\/marte.jpg\"><img loading=\"lazy\" decoding=\"async\" class=\"alignnone size-medium wp-image-1746\" src=\"https:\/\/agora.xtec.cat\/cfacastelldefels\/wp-content\/uploads\/usu251\/2018\/11\/marte-152x300.jpg\" alt=\"\" width=\"152\" height=\"300\" srcset=\"https:\/\/agora.xtec.cat\/cfacastelldefels\/wp-content\/uploads\/usu251\/2018\/11\/marte-152x300.jpg 152w, https:\/\/agora.xtec.cat\/cfacastelldefels\/wp-content\/uploads\/usu251\/2018\/11\/marte.jpg 400w\" sizes=\"auto, (max-width: 152px) 100vw, 152px\" \/>\u00a0<\/a><a href=\"https:\/\/agora.xtec.cat\/cfacastelldefels\/wp-content\/uploads\/usu251\/2018\/11\/Vel\u00e1zquez_-_Juan_Mart\u00ednez_Monta\u00f1\u00e9s_Museo_del_Prado_1635-36.jpg\"><img loading=\"lazy\" decoding=\"async\" class=\"alignnone size-medium wp-image-1748\" src=\"https:\/\/agora.xtec.cat\/cfacastelldefels\/wp-content\/uploads\/usu251\/2018\/11\/Vel\u00e1zquez_-_Juan_Mart\u00ednez_Monta\u00f1\u00e9s_Museo_del_Prado_1635-36-232x300.jpg\" alt=\"\" width=\"232\" height=\"300\" srcset=\"https:\/\/agora.xtec.cat\/cfacastelldefels\/wp-content\/uploads\/usu251\/2018\/11\/Vel\u00e1zquez_-_Juan_Mart\u00ednez_Monta\u00f1\u00e9s_Museo_del_Prado_1635-36-232x300.jpg 232w, https:\/\/agora.xtec.cat\/cfacastelldefels\/wp-content\/uploads\/usu251\/2018\/11\/Vel\u00e1zquez_-_Juan_Mart\u00ednez_Monta\u00f1\u00e9s_Museo_del_Prado_1635-36.jpg 300w\" sizes=\"auto, (max-width: 232px) 100vw, 232px\" \/><\/a><a href=\"https:\/\/agora.xtec.cat\/cfacastelldefels\/wp-content\/uploads\/usu251\/2018\/11\/marte.jpg\">\u00a0<\/a><\/p>\n","protected":false},"excerpt":{"rendered":"<p>El dijous 13 de desembre de 2018 a les 17 h\u00a0anirem a CaixaForum a visitar l&#8217;exposici\u00f3 &#8221; Vel\u00e1zquez y el Siglo de Oro&#8221;. \u00c9s una exposici\u00f3 centrada en l&#8217;obra del genial artista barroc del qual podrem veure set pintures, que es troben al Museu del Prado, sis de les quals no han estat mai a Barcelona. S\u00f3n les seg\u00fcents: &#8220;La adoraci\u00f3n de los reyes magos&#8221;, &#8220;Marte&#8221;,&#8221;Esopo&#8221;, Felipe IV&#8221;, &#8220;Juan Mart\u00ednez Monta\u00f1\u00e9s&#8221;, &#8220;Buf\u00f3n con libros&#8221; i &#8220;El pr\u00edncipe Baltasar Carlos, a caballo&#8221;.<\/p>\n<p>Acompanyen al pintor sevill\u00e0 altres autors del segle d&#8217;or: mestres espanyols com Ribera, Zurbar\u00e1n i Murillo, i europeus com Tiziano, Rubens, Giordano, Brueghel el Viejo i Van Dyck. Com podem veure, ens trobem davant d&#8217;una cita obligada per als amants de l&#8217;art.<\/p>\n","protected":false},"author":12,"featured_media":1739,"comment_status":"open","ping_status":"closed","sticky":false,"template":"","format":"standard","meta":{"_bbp_topic_count":0,"_bbp_reply_count":0,"_bbp_total_topic_count":0,"_bbp_total_reply_count":0,"_bbp_voice_count":0,"_bbp_anonymous_reply_count":0,"_bbp_topic_count_hidden":0,"_bbp_reply_count_hidden":0,"_bbp_forum_subforum_count":0,"site-sidebar-layout":"default","site-content-layout":"","ast-site-content-layout":"","site-content-style":"default","site-sidebar-style":"default","ast-global-header-display":"","ast-banner-title-visibility":"","ast-main-header-display":"","ast-hfb-above-header-display":"","ast-hfb-below-header-display":"","ast-hfb-mobile-header-display":"","site-post-title":"","ast-breadcrumbs-content":"","ast-featured-img":"","footer-sml-layout":"","theme-transparent-header-meta":"","adv-header-id-meta":"","stick-header-meta":"","header-above-stick-meta":"","header-main-stick-meta":"","header-below-stick-meta":"","astra-migrate-meta-layouts":"default","ast-page-background-enabled":"default","ast-page-background-meta":{"desktop":{"background-color":"var(--ast-global-color-4)","background-image":"","background-repeat":"repeat","background-position":"center center","background-size":"auto","background-attachment":"scroll","background-type":"","background-media":"","overlay-type":"","overlay-color":"","overlay-opacity":"","overlay-gradient":""},"tablet":{"background-color":"","background-image":"","background-repeat":"repeat","background-position":"center center","background-size":"auto","background-attachment":"scroll","background-type":"","background-media":"","overlay-type":"","overlay-color":"","overlay-opacity":"","overlay-gradient":""},"mobile":{"background-color":"","background-image":"","background-repeat":"repeat","background-position":"center center","background-size":"auto","background-attachment":"scroll","background-type":"","background-media":"","overlay-type":"","overlay-color":"","overlay-opacity":"","overlay-gradient":""}},"ast-content-background-meta":{"desktop":{"background-color":"var(--ast-global-color-5)","background-image":"","background-repeat":"repeat","background-position":"center center","background-size":"auto","background-attachment":"scroll","background-type":"","background-media":"","overlay-type":"","overlay-color":"","overlay-opacity":"","overlay-gradient":""},"tablet":{"background-color":"var(--ast-global-color-5)","background-image":"","background-repeat":"repeat","background-position":"center center","background-size":"auto","background-attachment":"scroll","background-type":"","background-media":"","overlay-type":"","overlay-color":"","overlay-opacity":"","overlay-gradient":""},"mobile":{"background-color":"var(--ast-global-color-5)","background-image":"","background-repeat":"repeat","background-position":"center center","background-size":"auto","background-attachment":"scroll","background-type":"","background-media":"","overlay-type":"","overlay-color":"","overlay-opacity":"","overlay-gradient":""}},"footnotes":""},"categories":[1,70,86,29],"tags":[62,58],"class_list":["post-1738","post","type-post","status-publish","format-standard","has-post-thumbnail","hentry","category-general","category-ges","category-muralla-digital-revista","category-portada","tag-activitat","tag-ges"],"post_mailing_queue_ids":[],"_links":{"self":[{"href":"https:\/\/agora.xtec.cat\/cfacastelldefels\/wp-json\/wp\/v2\/posts\/1738","targetHints":{"allow":["GET"]}}],"collection":[{"href":"https:\/\/agora.xtec.cat\/cfacastelldefels\/wp-json\/wp\/v2\/posts"}],"about":[{"href":"https:\/\/agora.xtec.cat\/cfacastelldefels\/wp-json\/wp\/v2\/types\/post"}],"author":[{"embeddable":true,"href":"https:\/\/agora.xtec.cat\/cfacastelldefels\/wp-json\/wp\/v2\/users\/12"}],"replies":[{"embeddable":true,"href":"https:\/\/agora.xtec.cat\/cfacastelldefels\/wp-json\/wp\/v2\/comments?post=1738"}],"version-history":[{"count":2,"href":"https:\/\/agora.xtec.cat\/cfacastelldefels\/wp-json\/wp\/v2\/posts\/1738\/revisions"}],"predecessor-version":[{"id":1752,"href":"https:\/\/agora.xtec.cat\/cfacastelldefels\/wp-json\/wp\/v2\/posts\/1738\/revisions\/1752"}],"wp:featuredmedia":[{"embeddable":true,"href":"https:\/\/agora.xtec.cat\/cfacastelldefels\/wp-json\/wp\/v2\/media\/1739"}],"wp:attachment":[{"href":"https:\/\/agora.xtec.cat\/cfacastelldefels\/wp-json\/wp\/v2\/media?parent=1738"}],"wp:term":[{"taxonomy":"category","embeddable":true,"href":"https:\/\/agora.xtec.cat\/cfacastelldefels\/wp-json\/wp\/v2\/categories?post=1738"},{"taxonomy":"post_tag","embeddable":true,"href":"https:\/\/agora.xtec.cat\/cfacastelldefels\/wp-json\/wp\/v2\/tags?post=1738"}],"curies":[{"name":"wp","href":"https:\/\/api.w.org\/{rel}","templated":true}]}}