{"id":1672,"date":"2018-10-28T09:48:36","date_gmt":"2018-10-28T08:48:36","guid":{"rendered":"http:\/\/agora.xtec.cat\/cfacastelldefels\/?p=1672"},"modified":"2018-10-30T12:06:02","modified_gmt":"2018-10-30T11:06:02","slug":"reunions-de-delegats-de-grup","status":"publish","type":"post","link":"https:\/\/agora.xtec.cat\/cfacastelldefels\/general\/reunions-de-delegats-de-grup\/","title":{"rendered":"Reunions de delegats de grup"},"content":{"rendered":"<h5><strong>Convocat\u00f2ria de delegats de grups<\/strong> dels diversos cursos en horari de mat\u00ed i de tarda segons sigui el vostre horari <em>(sols cal anar a <a href=\"https:\/\/agora.xtec.cat\/cfacastelldefels\/wp-content\/uploads\/usu251\/2018\/10\/delegats.jpg\"><img loading=\"lazy\" decoding=\"async\" class=\"size-full wp-image-1673 alignleft\" src=\"https:\/\/agora.xtec.cat\/cfacastelldefels\/wp-content\/uploads\/usu251\/2018\/10\/delegats.jpg\" alt=\"\" width=\"298\" height=\"169\" \/><\/a>una de les dues sessions) Biblioteca<\/em><\/h5>\n<ul>\n<li>\n<h5><strong>Dimecres 14 de novembre a les 18:45<\/strong><\/h5>\n<\/li>\n<li>\n<h5><strong>Divendres 16 de novembre a les 10:45<\/strong><\/h5>\n<\/li>\n<\/ul>\n<h5><strong>Tractarem<\/strong> sobre les propostes per la festa de final d&#8217;any, propostes d&#8217;activitats, suggeriments de material, propostes de sortides i altres suggeriments.<\/h5>\n<h5>Demanem que recolliu ideies en els vostres grups per poder traslladar-lo a la runi\u00f3<\/h5>\n<h5>A trav\u00e9s dels delegats l&#8217;alumnat pot participar en la gesti\u00f3 i organitzaci\u00f3 del centre.<\/h5>\n<p>En cas de no poder assistir, podeu delegar en un altre company o comunicar les propostes per escrit a la Directora pedag\u00f2gica M Teresa<\/p>\n","protected":false},"excerpt":{"rendered":"<p>Convocat\u00f2ria de delegats de grups dels diversos cursos en horari de mat\u00ed i de tarda segons sigui el vostre horari (sols cal anar a una de les dues sessions) Biblioteca Dimecres 14 de novembre a les 18:45 Divendres 16 de novembre a les 10:45 Tractarem sobre les propostes per la festa de final d&#8217;any, propostes [&hellip;]<\/p>\n","protected":false},"author":1,"featured_media":0,"comment_status":"closed","ping_status":"closed","sticky":false,"template":"","format":"standard","meta":{"_bbp_topic_count":0,"_bbp_reply_count":0,"_bbp_total_topic_count":0,"_bbp_total_reply_count":0,"_bbp_voice_count":0,"_bbp_anonymous_reply_count":0,"_bbp_topic_count_hidden":0,"_bbp_reply_count_hidden":0,"_bbp_forum_subforum_count":0,"site-sidebar-layout":"default","site-content-layout":"","ast-site-content-layout":"","site-content-style":"default","site-sidebar-style":"default","ast-global-header-display":"","ast-banner-title-visibility":"","ast-main-header-display":"","ast-hfb-above-header-display":"","ast-hfb-below-header-display":"","ast-hfb-mobile-header-display":"","site-post-title":"","ast-breadcrumbs-content":"","ast-featured-img":"","footer-sml-layout":"","theme-transparent-header-meta":"","adv-header-id-meta":"","stick-header-meta":"","header-above-stick-meta":"","header-main-stick-meta":"","header-below-stick-meta":"","astra-migrate-meta-layouts":"default","ast-page-background-enabled":"default","ast-page-background-meta":{"desktop":{"background-color":"var(--ast-global-color-4)","background-image":"","background-repeat":"repeat","background-position":"center center","background-size":"auto","background-attachment":"scroll","background-type":"","background-media":"","overlay-type":"","overlay-color":"","overlay-opacity":"","overlay-gradient":""},"tablet":{"background-color":"","background-image":"","background-repeat":"repeat","background-position":"center center","background-size":"auto","background-attachment":"scroll","background-type":"","background-media":"","overlay-type":"","overlay-color":"","overlay-opacity":"","overlay-gradient":""},"mobile":{"background-color":"","background-image":"","background-repeat":"repeat","background-position":"center center","background-size":"auto","background-attachment":"scroll","background-type":"","background-media":"","overlay-type":"","overlay-color":"","overlay-opacity":"","overlay-gradient":""}},"ast-content-background-meta":{"desktop":{"background-color":"var(--ast-global-color-5)","background-image":"","background-repeat":"repeat","background-position":"center center","background-size":"auto","background-attachment":"scroll","background-type":"","background-media":"","overlay-type":"","overlay-color":"","overlay-opacity":"","overlay-gradient":""},"tablet":{"background-color":"var(--ast-global-color-5)","background-image":"","background-repeat":"repeat","background-position":"center center","background-size":"auto","background-attachment":"scroll","background-type":"","background-media":"","overlay-type":"","overlay-color":"","overlay-opacity":"","overlay-gradient":""},"mobile":{"background-color":"var(--ast-global-color-5)","background-image":"","background-repeat":"repeat","background-position":"center center","background-size":"auto","background-attachment":"scroll","background-type":"","background-media":"","overlay-type":"","overlay-color":"","overlay-opacity":"","overlay-gradient":""}},"footnotes":""},"categories":[1,86,29],"tags":[],"class_list":["post-1672","post","type-post","status-publish","format-standard","hentry","category-general","category-muralla-digital-revista","category-portada"],"post_mailing_queue_ids":[],"_links":{"self":[{"href":"https:\/\/agora.xtec.cat\/cfacastelldefels\/wp-json\/wp\/v2\/posts\/1672","targetHints":{"allow":["GET"]}}],"collection":[{"href":"https:\/\/agora.xtec.cat\/cfacastelldefels\/wp-json\/wp\/v2\/posts"}],"about":[{"href":"https:\/\/agora.xtec.cat\/cfacastelldefels\/wp-json\/wp\/v2\/types\/post"}],"author":[{"embeddable":true,"href":"https:\/\/agora.xtec.cat\/cfacastelldefels\/wp-json\/wp\/v2\/users\/1"}],"replies":[{"embeddable":true,"href":"https:\/\/agora.xtec.cat\/cfacastelldefels\/wp-json\/wp\/v2\/comments?post=1672"}],"version-history":[{"count":3,"href":"https:\/\/agora.xtec.cat\/cfacastelldefels\/wp-json\/wp\/v2\/posts\/1672\/revisions"}],"predecessor-version":[{"id":1682,"href":"https:\/\/agora.xtec.cat\/cfacastelldefels\/wp-json\/wp\/v2\/posts\/1672\/revisions\/1682"}],"wp:attachment":[{"href":"https:\/\/agora.xtec.cat\/cfacastelldefels\/wp-json\/wp\/v2\/media?parent=1672"}],"wp:term":[{"taxonomy":"category","embeddable":true,"href":"https:\/\/agora.xtec.cat\/cfacastelldefels\/wp-json\/wp\/v2\/categories?post=1672"},{"taxonomy":"post_tag","embeddable":true,"href":"https:\/\/agora.xtec.cat\/cfacastelldefels\/wp-json\/wp\/v2\/tags?post=1672"}],"curies":[{"name":"wp","href":"https:\/\/api.w.org\/{rel}","templated":true}]}}