{"id":1641,"date":"2018-09-14T10:28:49","date_gmt":"2018-09-14T08:28:49","guid":{"rendered":"http:\/\/agora.xtec.cat\/cfacastelldefels\/?p=1641"},"modified":"2018-09-14T13:24:46","modified_gmt":"2018-09-14T11:24:46","slug":"inici-de-curs-2018-2019","status":"publish","type":"post","link":"https:\/\/agora.xtec.cat\/cfacastelldefels\/general\/inici-de-curs-2018-2019\/","title":{"rendered":"Inici de curs 2018-2019"},"content":{"rendered":"<p>A partir del proper dimecres <strong>19 de setembre<\/strong> comen\u00e7aran les classes en horari habitual del curs.<br \/>\n<a href=\"http:\/\/agora.xtec.cat\/cfacastelldefels\/wp-content\/uploads\/usu251\/2018\/09\/back-to-school-2.jpg\"><img loading=\"lazy\" decoding=\"async\" class=\"size-full wp-image-1642 alignright\" src=\"http:\/\/agora.xtec.cat\/cfacastelldefels\/wp-content\/uploads\/usu251\/2018\/09\/back-to-school-2.jpg\" alt=\"\" width=\"317\" height=\"159\" srcset=\"https:\/\/agora.xtec.cat\/cfacastelldefels\/wp-content\/uploads\/usu251\/2018\/09\/back-to-school-2.jpg 317w, https:\/\/agora.xtec.cat\/cfacastelldefels\/wp-content\/uploads\/usu251\/2018\/09\/back-to-school-2-300x150.jpg 300w\" sizes=\"auto, (max-width: 317px) 100vw, 317px\" \/><\/a>Els alumnes que no han fet matr\u00edcula poden demanar entrevista i orientaci\u00f3 a partir del 19 per al diversos cursos. Encara tenim vacants. Cal demanar hora en consergeria<\/p>\n<p>Empezamos el curso a partir del dia 19 de septiembre en horario habitual. Si no has hecho la matr\u00edcula puedes pedir entrevista en horario de orientaci\u00f3n a partir del 19. Todav\u00eda quedan plazas. Debes pedir hora en conserjer\u00eda.<\/p>\n<p><strong>M\u00d2DULS DE CULTURA GENERAL CURS 2018-19<\/strong><\/p>\n<p>Al CFA Castelldefels s\u2019ofereixen m\u00f2duls de cultura general per a totes aquelles persones interessades en temes d\u2019actualitat i que desitgen formar part de la nostra Comunitat Educativa. Corresponen a m\u00f2duls del GES (Graduat en Secund\u00e0ria Obligat\u00f2ria) que estudien els alumnes que cursen la secund\u00e0ria al nostre centre i per tant es realitzaran dins de l\u2019horari d\u2019aquests grups.<\/p>\n<p>L&#8217;oferta del primer trimestre. Del 19 de setembre al 5 de desembre de 2018<br \/>\nM\u00f2dul \u00c0mbit Cient\u00edfic-Tecnol\u00f2gic: Educaci\u00f3 per a la salut\u00a0 \u00a0\u00a0\u00a0\u00a0\u00a0\u00a0 Dilluns i Divendres de 15:00 a 16:30<br \/>\nM\u00f2dul \u00e0mbit social: La Globalitzaci\u00f3\u00a0 \u00a0\u00a0 \u00a0Dimarts i Dijous de 18:00 a 19:30<br \/>\nM\u00f2dul \u00c0mbit comunicaci\u00f3: Literatura\u00a0 Castellana\u00a0\u00a0 \u00a0\u00a0\u00a0 Dimarts i Dijous de 16:30 a 18:00<br \/>\n<strong>Cal demanar cita per entrevista a consergeria abans de fer la matr\u00edcula<br \/>\n<\/strong><\/p>\n","protected":false},"excerpt":{"rendered":"<p>A partir del proper dimecres 19 de setembre comen\u00e7aran les classes en horari habitual del curs. Els alumnes que no han fet matr\u00edcula poden demanar entrevista i orientaci\u00f3 a partir del 19 per al diversos cursos. Encara tenim vacants. Cal demanar hora en consergeria Empezamos el curso a partir del dia 19 de septiembre en [&hellip;]<\/p>\n","protected":false},"author":1,"featured_media":0,"comment_status":"open","ping_status":"closed","sticky":false,"template":"","format":"standard","meta":{"_bbp_topic_count":0,"_bbp_reply_count":0,"_bbp_total_topic_count":0,"_bbp_total_reply_count":0,"_bbp_voice_count":0,"_bbp_anonymous_reply_count":0,"_bbp_topic_count_hidden":0,"_bbp_reply_count_hidden":0,"_bbp_forum_subforum_count":0,"site-sidebar-layout":"default","site-content-layout":"","ast-site-content-layout":"","site-content-style":"default","site-sidebar-style":"default","ast-global-header-display":"","ast-banner-title-visibility":"","ast-main-header-display":"","ast-hfb-above-header-display":"","ast-hfb-below-header-display":"","ast-hfb-mobile-header-display":"","site-post-title":"","ast-breadcrumbs-content":"","ast-featured-img":"","footer-sml-layout":"","theme-transparent-header-meta":"","adv-header-id-meta":"","stick-header-meta":"","header-above-stick-meta":"","header-main-stick-meta":"","header-below-stick-meta":"","astra-migrate-meta-layouts":"default","ast-page-background-enabled":"default","ast-page-background-meta":{"desktop":{"background-color":"var(--ast-global-color-4)","background-image":"","background-repeat":"repeat","background-position":"center center","background-size":"auto","background-attachment":"scroll","background-type":"","background-media":"","overlay-type":"","overlay-color":"","overlay-opacity":"","overlay-gradient":""},"tablet":{"background-color":"","background-image":"","background-repeat":"repeat","background-position":"center center","background-size":"auto","background-attachment":"scroll","background-type":"","background-media":"","overlay-type":"","overlay-color":"","overlay-opacity":"","overlay-gradient":""},"mobile":{"background-color":"","background-image":"","background-repeat":"repeat","background-position":"center center","background-size":"auto","background-attachment":"scroll","background-type":"","background-media":"","overlay-type":"","overlay-color":"","overlay-opacity":"","overlay-gradient":""}},"ast-content-background-meta":{"desktop":{"background-color":"var(--ast-global-color-5)","background-image":"","background-repeat":"repeat","background-position":"center center","background-size":"auto","background-attachment":"scroll","background-type":"","background-media":"","overlay-type":"","overlay-color":"","overlay-opacity":"","overlay-gradient":""},"tablet":{"background-color":"var(--ast-global-color-5)","background-image":"","background-repeat":"repeat","background-position":"center center","background-size":"auto","background-attachment":"scroll","background-type":"","background-media":"","overlay-type":"","overlay-color":"","overlay-opacity":"","overlay-gradient":""},"mobile":{"background-color":"var(--ast-global-color-5)","background-image":"","background-repeat":"repeat","background-position":"center center","background-size":"auto","background-attachment":"scroll","background-type":"","background-media":"","overlay-type":"","overlay-color":"","overlay-opacity":"","overlay-gradient":""}},"footnotes":""},"categories":[1,86,29],"tags":[],"class_list":["post-1641","post","type-post","status-publish","format-standard","hentry","category-general","category-muralla-digital-revista","category-portada"],"post_mailing_queue_ids":[],"_links":{"self":[{"href":"https:\/\/agora.xtec.cat\/cfacastelldefels\/wp-json\/wp\/v2\/posts\/1641","targetHints":{"allow":["GET"]}}],"collection":[{"href":"https:\/\/agora.xtec.cat\/cfacastelldefels\/wp-json\/wp\/v2\/posts"}],"about":[{"href":"https:\/\/agora.xtec.cat\/cfacastelldefels\/wp-json\/wp\/v2\/types\/post"}],"author":[{"embeddable":true,"href":"https:\/\/agora.xtec.cat\/cfacastelldefels\/wp-json\/wp\/v2\/users\/1"}],"replies":[{"embeddable":true,"href":"https:\/\/agora.xtec.cat\/cfacastelldefels\/wp-json\/wp\/v2\/comments?post=1641"}],"version-history":[{"count":4,"href":"https:\/\/agora.xtec.cat\/cfacastelldefels\/wp-json\/wp\/v2\/posts\/1641\/revisions"}],"predecessor-version":[{"id":1647,"href":"https:\/\/agora.xtec.cat\/cfacastelldefels\/wp-json\/wp\/v2\/posts\/1641\/revisions\/1647"}],"wp:attachment":[{"href":"https:\/\/agora.xtec.cat\/cfacastelldefels\/wp-json\/wp\/v2\/media?parent=1641"}],"wp:term":[{"taxonomy":"category","embeddable":true,"href":"https:\/\/agora.xtec.cat\/cfacastelldefels\/wp-json\/wp\/v2\/categories?post=1641"},{"taxonomy":"post_tag","embeddable":true,"href":"https:\/\/agora.xtec.cat\/cfacastelldefels\/wp-json\/wp\/v2\/tags?post=1641"}],"curies":[{"name":"wp","href":"https:\/\/api.w.org\/{rel}","templated":true}]}}