{"id":1583,"date":"2018-07-04T12:43:48","date_gmt":"2018-07-04T10:43:48","guid":{"rendered":"http:\/\/agora.xtec.cat\/cfacastelldefels\/?p=1583"},"modified":"2018-09-04T20:39:09","modified_gmt":"2018-09-04T18:39:09","slug":"curs-2018-2019-informacions","status":"publish","type":"post","link":"https:\/\/agora.xtec.cat\/cfacastelldefels\/general\/curs-2018-2019-informacions\/","title":{"rendered":"Curs 2018-2019 Informacions"},"content":{"rendered":"<p><a href=\"https:\/\/drive.google.com\/file\/d\/1HsLc9wqb3Mm8uxVAnGaW0UhLxpSXG4tx\/view\" target=\"_blank\" rel=\"noopener noreferrer\">Llibres de text curs 2018\/19 Castellano, catal\u00e0 i angl\u00e8s<\/a><\/p>\n<p>Podeu consultar els horaris dels cursos (<a href=\"http:\/\/agora.xtec.cat\/cfacastelldefels\/el-centre\/calendari-del-curs\/\">men\u00fa&gt;calendari i horaris<\/a>) Novetat canvi d&#8217;horari del grup competic 2 que ser\u00e0 de mat\u00ed<\/p>\n<p><span style=\"color: #ff0000;\">CALENDARI I HORARI DE MATRICULACI\u00d3 SETEMBRE 2018<\/span><\/p>\n<p><strong><span style=\"color: #ff0000;\">ALUMNES QUE HAN OBTINGUT PLA\u00c7A AL JUNY<\/span><\/strong><\/p>\n<p>divendres 7 \u2026\u2026\u2026\u2026\u2026\u2026\u2026\u2026\u2026\u2026..\u2026\u2026.. 9:30 a\u00a0 13:00 h<\/p>\n<p>Dimecres 5 , dijous 6 i dilluns 10 \u2026\u2026\u2026\u2026\u2026\u2026\u2026\u2026\u2026\u2026\u2026\u2026\u2026\u2026.. de 15:30 a 19:00<\/p>\n<p><strong>ALUMNES QUE HAN FET LA PREINSCRIPCI\u00d3 AL JUNY\u00a0 I VAN QUEDAR\u00a0 EN LLISTA D\u2019ESPERA\u00a0 (PER ORDRE DE LLISTA).<\/strong><\/p>\n<p><strong>Dimecres \u00a012 <\/strong>\u00a0comen\u00e7ar\u00e0 a les 15:30 per ordre llista \u00a0fins 19:00 si no s\u2019est\u00e0 present passar\u00e0 al seg\u00fcent. Els no presentats\u00a0 perdran la pla\u00e7a.<\/p>\n<p><strong><span style=\"color: #ff0000;\">ALUMNES QUE NO HAN FET PREINSCRIPCI\u00d3<\/span>. Orientaci\u00f3 i avaluaci\u00f3 inicial<\/strong><\/p>\n<p><strong>divendres 7. <\/strong>Primera sessi\u00f3 a les 10:30\u00a0 i \u00a0segona sessi\u00f3\u00a0 a les 12:00<\/p>\n<p>Caldr\u00e0 apuntar-se a la sessi\u00f3 des de mig hora abans de comen\u00e7ar<\/p>\n<p><strong>Dimecres 5 , dijous 6 , dilluns 10 ,\u00a0 dijous 13\u00a0 <\/strong>Primera sessi\u00f3 a les 16:30\u00a0 i \u00a0\u00a0segona sessi\u00f3\u00a0\u00a0 a les 18:00.<\/p>\n<p><strong>Caldr\u00e0 apuntar-se a la sessi\u00f3 des de mig hora abans de comen\u00e7ar<\/strong><\/p>\n<p><strong>Matricula de llista d\u2019espera del centre (per n\u00famero d\u2019ordre<\/strong>) si no s\u2019est\u00e0 present passar\u00e0 al seg\u00fcent. Els no presentats\u00a0 perdran la pla\u00e7a<strong>.<\/strong><\/p>\n<p><strong>Dijous,13 de <\/strong>15:30 a 19:30<strong>\u00a0 i Divendres, 14 de setembre de <\/strong>9:30 a 11:30<\/p>\n<p>act set 2018<\/p>\n","protected":false},"excerpt":{"rendered":"<p>Llibres de text curs 2018\/19 Castellano, catal\u00e0 i angl\u00e8s Podeu consultar els horaris dels cursos (men\u00fa&gt;calendari i horaris) Novetat canvi d&#8217;horari del grup competic 2 que ser\u00e0 de mat\u00ed CALENDARI I HORARI DE MATRICULACI\u00d3 SETEMBRE 2018 ALUMNES QUE HAN OBTINGUT PLA\u00c7A AL JUNY divendres 7 \u2026\u2026\u2026\u2026\u2026\u2026\u2026\u2026\u2026\u2026..\u2026\u2026.. 9:30 a\u00a0 13:00 h Dimecres 5 , dijous 6 [&hellip;]<\/p>\n","protected":false},"author":1,"featured_media":0,"comment_status":"closed","ping_status":"closed","sticky":false,"template":"","format":"standard","meta":{"_bbp_topic_count":0,"_bbp_reply_count":0,"_bbp_total_topic_count":0,"_bbp_total_reply_count":0,"_bbp_voice_count":0,"_bbp_anonymous_reply_count":0,"_bbp_topic_count_hidden":0,"_bbp_reply_count_hidden":0,"_bbp_forum_subforum_count":0,"site-sidebar-layout":"default","site-content-layout":"","ast-site-content-layout":"","site-content-style":"default","site-sidebar-style":"default","ast-global-header-display":"","ast-banner-title-visibility":"","ast-main-header-display":"","ast-hfb-above-header-display":"","ast-hfb-below-header-display":"","ast-hfb-mobile-header-display":"","site-post-title":"","ast-breadcrumbs-content":"","ast-featured-img":"","footer-sml-layout":"","theme-transparent-header-meta":"","adv-header-id-meta":"","stick-header-meta":"","header-above-stick-meta":"","header-main-stick-meta":"","header-below-stick-meta":"","astra-migrate-meta-layouts":"default","ast-page-background-enabled":"default","ast-page-background-meta":{"desktop":{"background-color":"var(--ast-global-color-4)","background-image":"","background-repeat":"repeat","background-position":"center center","background-size":"auto","background-attachment":"scroll","background-type":"","background-media":"","overlay-type":"","overlay-color":"","overlay-opacity":"","overlay-gradient":""},"tablet":{"background-color":"","background-image":"","background-repeat":"repeat","background-position":"center center","background-size":"auto","background-attachment":"scroll","background-type":"","background-media":"","overlay-type":"","overlay-color":"","overlay-opacity":"","overlay-gradient":""},"mobile":{"background-color":"","background-image":"","background-repeat":"repeat","background-position":"center center","background-size":"auto","background-attachment":"scroll","background-type":"","background-media":"","overlay-type":"","overlay-color":"","overlay-opacity":"","overlay-gradient":""}},"ast-content-background-meta":{"desktop":{"background-color":"var(--ast-global-color-5)","background-image":"","background-repeat":"repeat","background-position":"center center","background-size":"auto","background-attachment":"scroll","background-type":"","background-media":"","overlay-type":"","overlay-color":"","overlay-opacity":"","overlay-gradient":""},"tablet":{"background-color":"var(--ast-global-color-5)","background-image":"","background-repeat":"repeat","background-position":"center center","background-size":"auto","background-attachment":"scroll","background-type":"","background-media":"","overlay-type":"","overlay-color":"","overlay-opacity":"","overlay-gradient":""},"mobile":{"background-color":"var(--ast-global-color-5)","background-image":"","background-repeat":"repeat","background-position":"center center","background-size":"auto","background-attachment":"scroll","background-type":"","background-media":"","overlay-type":"","overlay-color":"","overlay-opacity":"","overlay-gradient":""}},"footnotes":""},"categories":[1,29],"tags":[],"class_list":["post-1583","post","type-post","status-publish","format-standard","hentry","category-general","category-portada"],"post_mailing_queue_ids":[],"_links":{"self":[{"href":"https:\/\/agora.xtec.cat\/cfacastelldefels\/wp-json\/wp\/v2\/posts\/1583","targetHints":{"allow":["GET"]}}],"collection":[{"href":"https:\/\/agora.xtec.cat\/cfacastelldefels\/wp-json\/wp\/v2\/posts"}],"about":[{"href":"https:\/\/agora.xtec.cat\/cfacastelldefels\/wp-json\/wp\/v2\/types\/post"}],"author":[{"embeddable":true,"href":"https:\/\/agora.xtec.cat\/cfacastelldefels\/wp-json\/wp\/v2\/users\/1"}],"replies":[{"embeddable":true,"href":"https:\/\/agora.xtec.cat\/cfacastelldefels\/wp-json\/wp\/v2\/comments?post=1583"}],"version-history":[{"count":4,"href":"https:\/\/agora.xtec.cat\/cfacastelldefels\/wp-json\/wp\/v2\/posts\/1583\/revisions"}],"predecessor-version":[{"id":1636,"href":"https:\/\/agora.xtec.cat\/cfacastelldefels\/wp-json\/wp\/v2\/posts\/1583\/revisions\/1636"}],"wp:attachment":[{"href":"https:\/\/agora.xtec.cat\/cfacastelldefels\/wp-json\/wp\/v2\/media?parent=1583"}],"wp:term":[{"taxonomy":"category","embeddable":true,"href":"https:\/\/agora.xtec.cat\/cfacastelldefels\/wp-json\/wp\/v2\/categories?post=1583"},{"taxonomy":"post_tag","embeddable":true,"href":"https:\/\/agora.xtec.cat\/cfacastelldefels\/wp-json\/wp\/v2\/tags?post=1583"}],"curies":[{"name":"wp","href":"https:\/\/api.w.org\/{rel}","templated":true}]}}