{"id":1538,"date":"2018-06-05T21:42:58","date_gmt":"2018-06-05T19:42:58","guid":{"rendered":"http:\/\/agora.xtec.cat\/cfacastelldefels\/?p=1538"},"modified":"2018-06-12T21:09:19","modified_gmt":"2018-06-12T19:09:19","slug":"sortida-a-ripoll","status":"publish","type":"post","link":"https:\/\/agora.xtec.cat\/cfacastelldefels\/general\/sortida-a-ripoll\/","title":{"rendered":"Sortida a Ripoll"},"content":{"rendered":"<p><strong><span style=\"color: #ff0000;\"><a style=\"color: #ff0000;\" href=\"https:\/\/drive.google.com\/drive\/folders\/1a69FFdkHaNNuMx8M8FI7C9fAzOAIQ6Kg?usp=sharing\" target=\"_blank\" rel=\"noopener noreferrer\">Podeu veure fotos de la sortida clicant aqu\u00ed<\/a><\/span><\/strong><\/p>\n<p>*De moment sols tenim les fotos d&#8217;un dels grups<\/p>\n<p>El proper dimarts 12 <a href=\"http:\/\/agora.xtec.cat\/cfacastelldefels\/wp-content\/uploads\/usu251\/2018\/06\/ripoll-Copiar.jpg\"><img loading=\"lazy\" decoding=\"async\" class=\"size-medium wp-image-1539 alignleft\" src=\"http:\/\/agora.xtec.cat\/cfacastelldefels\/wp-content\/uploads\/usu251\/2018\/06\/ripoll-Copiar-212x300.jpg\" alt=\"\" width=\"212\" height=\"300\" srcset=\"https:\/\/agora.xtec.cat\/cfacastelldefels\/wp-content\/uploads\/usu251\/2018\/06\/ripoll-Copiar-212x300.jpg 212w, https:\/\/agora.xtec.cat\/cfacastelldefels\/wp-content\/uploads\/usu251\/2018\/06\/ripoll-Copiar-724x1024.jpg 724w, https:\/\/agora.xtec.cat\/cfacastelldefels\/wp-content\/uploads\/usu251\/2018\/06\/ripoll-Copiar.jpg 764w\" sizes=\"auto, (max-width: 212px) 100vw, 212px\" \/><\/a>de juny farem una sortida a Ripoll dirigida a tots l&#8217;alumnat del centre i dels diversos ensenyaments. Al llarg del curs el centre organitza activitats transversals per a tot l&#8217;alumnat que actualment est\u00e0 matriculat en el centre per tal de crear comunitat escolar i cohesionar el centre. L&#8217;activitat de sortida de final de curs \u00e9s una activitat que partint del centre \u00e9s proposada o promoguda pels alumnes. Al llarg del segon trimestre es van recollint propostes dels diversos grups i alumnes per tal de consensuar quina activitat volem fer. Hem tingut diverses propostes cap a l&#8217;est amb visites a Lleida i la seu vella, cap al sud per visitar Tortosa i el Delta, visita a les caves fins i tot hi havia propostes per anar a Londres o Madrid&#8230; Hem dissenyat una activitat prou atractiva i a la qual puguin participar tothom i tamb\u00e9 hem pensat en els alumnes amb dificultats motrius, anirem amb un bus adaptat que pot acollir viatgers que vagin en cadira de rodes.<\/p>\n<p>Aquest curs per\u00f2 anirem a Ripoll. La sortida est\u00e0 prevista per a les 8:30. Una vegada arribat a Ripoll ens dividirem en dos grups per fer les activitats de la visita guiada al monestir i el taller d&#8217;escriptura mon\u00e0stica a l&#8217;Scriptorium. Cada activitat t\u00e9 una durada prevista de 1h30&#8242;. Les activitats tindran lloc entre les 11 i les 14h. Despr\u00e9s temps lliure per visitar la ciutat i dinar. La sortida des de Ripoll est\u00e0 prevista cap a les 17 i esperem arribar a Castelldefels sobre les 19.00. Esperem gaudir de l&#8217;experi\u00e8ncia<\/p>\n","protected":false},"excerpt":{"rendered":"<p>Podeu veure fotos de la sortida clicant aqu\u00ed *De moment sols tenim les fotos d&#8217;un dels grups El proper dimarts 12 de juny farem una sortida a Ripoll dirigida a tots l&#8217;alumnat del centre i dels diversos ensenyaments. Al llarg del curs el centre organitza activitats transversals per a tot l&#8217;alumnat que actualment est\u00e0 matriculat [&hellip;]<\/p>\n","protected":false},"author":1,"featured_media":1539,"comment_status":"closed","ping_status":"closed","sticky":false,"template":"","format":"standard","meta":{"_bbp_topic_count":0,"_bbp_reply_count":0,"_bbp_total_topic_count":0,"_bbp_total_reply_count":0,"_bbp_voice_count":0,"_bbp_anonymous_reply_count":0,"_bbp_topic_count_hidden":0,"_bbp_reply_count_hidden":0,"_bbp_forum_subforum_count":0,"site-sidebar-layout":"default","site-content-layout":"","ast-site-content-layout":"","site-content-style":"default","site-sidebar-style":"default","ast-global-header-display":"","ast-banner-title-visibility":"","ast-main-header-display":"","ast-hfb-above-header-display":"","ast-hfb-below-header-display":"","ast-hfb-mobile-header-display":"","site-post-title":"","ast-breadcrumbs-content":"","ast-featured-img":"","footer-sml-layout":"","theme-transparent-header-meta":"","adv-header-id-meta":"","stick-header-meta":"","header-above-stick-meta":"","header-main-stick-meta":"","header-below-stick-meta":"","astra-migrate-meta-layouts":"default","ast-page-background-enabled":"default","ast-page-background-meta":{"desktop":{"background-color":"var(--ast-global-color-4)","background-image":"","background-repeat":"repeat","background-position":"center center","background-size":"auto","background-attachment":"scroll","background-type":"","background-media":"","overlay-type":"","overlay-color":"","overlay-opacity":"","overlay-gradient":""},"tablet":{"background-color":"","background-image":"","background-repeat":"repeat","background-position":"center center","background-size":"auto","background-attachment":"scroll","background-type":"","background-media":"","overlay-type":"","overlay-color":"","overlay-opacity":"","overlay-gradient":""},"mobile":{"background-color":"","background-image":"","background-repeat":"repeat","background-position":"center center","background-size":"auto","background-attachment":"scroll","background-type":"","background-media":"","overlay-type":"","overlay-color":"","overlay-opacity":"","overlay-gradient":""}},"ast-content-background-meta":{"desktop":{"background-color":"var(--ast-global-color-5)","background-image":"","background-repeat":"repeat","background-position":"center center","background-size":"auto","background-attachment":"scroll","background-type":"","background-media":"","overlay-type":"","overlay-color":"","overlay-opacity":"","overlay-gradient":""},"tablet":{"background-color":"var(--ast-global-color-5)","background-image":"","background-repeat":"repeat","background-position":"center center","background-size":"auto","background-attachment":"scroll","background-type":"","background-media":"","overlay-type":"","overlay-color":"","overlay-opacity":"","overlay-gradient":""},"mobile":{"background-color":"var(--ast-global-color-5)","background-image":"","background-repeat":"repeat","background-position":"center center","background-size":"auto","background-attachment":"scroll","background-type":"","background-media":"","overlay-type":"","overlay-color":"","overlay-opacity":"","overlay-gradient":""}},"footnotes":""},"categories":[1,86,29],"tags":[],"class_list":["post-1538","post","type-post","status-publish","format-standard","has-post-thumbnail","hentry","category-general","category-muralla-digital-revista","category-portada"],"post_mailing_queue_ids":[],"_links":{"self":[{"href":"https:\/\/agora.xtec.cat\/cfacastelldefels\/wp-json\/wp\/v2\/posts\/1538","targetHints":{"allow":["GET"]}}],"collection":[{"href":"https:\/\/agora.xtec.cat\/cfacastelldefels\/wp-json\/wp\/v2\/posts"}],"about":[{"href":"https:\/\/agora.xtec.cat\/cfacastelldefels\/wp-json\/wp\/v2\/types\/post"}],"author":[{"embeddable":true,"href":"https:\/\/agora.xtec.cat\/cfacastelldefels\/wp-json\/wp\/v2\/users\/1"}],"replies":[{"embeddable":true,"href":"https:\/\/agora.xtec.cat\/cfacastelldefels\/wp-json\/wp\/v2\/comments?post=1538"}],"version-history":[{"count":3,"href":"https:\/\/agora.xtec.cat\/cfacastelldefels\/wp-json\/wp\/v2\/posts\/1538\/revisions"}],"predecessor-version":[{"id":1555,"href":"https:\/\/agora.xtec.cat\/cfacastelldefels\/wp-json\/wp\/v2\/posts\/1538\/revisions\/1555"}],"wp:featuredmedia":[{"embeddable":true,"href":"https:\/\/agora.xtec.cat\/cfacastelldefels\/wp-json\/wp\/v2\/media\/1539"}],"wp:attachment":[{"href":"https:\/\/agora.xtec.cat\/cfacastelldefels\/wp-json\/wp\/v2\/media?parent=1538"}],"wp:term":[{"taxonomy":"category","embeddable":true,"href":"https:\/\/agora.xtec.cat\/cfacastelldefels\/wp-json\/wp\/v2\/categories?post=1538"},{"taxonomy":"post_tag","embeddable":true,"href":"https:\/\/agora.xtec.cat\/cfacastelldefels\/wp-json\/wp\/v2\/tags?post=1538"}],"curies":[{"name":"wp","href":"https:\/\/api.w.org\/{rel}","templated":true}]}}