{"id":1527,"date":"2018-05-27T22:11:09","date_gmt":"2018-05-27T20:11:09","guid":{"rendered":"http:\/\/agora.xtec.cat\/cfacastelldefels\/?p=1527"},"modified":"2018-06-05T21:49:45","modified_gmt":"2018-06-05T19:49:45","slug":"activitat-de-comiat-de-curs","status":"publish","type":"post","link":"https:\/\/agora.xtec.cat\/cfacastelldefels\/general\/activitat-de-comiat-de-curs\/","title":{"rendered":"Activitat de comiat de curs"},"content":{"rendered":"<p><a href=\"http:\/\/agora.xtec.cat\/cfacastelldefels\/wp-content\/uploads\/usu251\/2018\/05\/Cartellfesta1718-Copiar.jpg\"><img loading=\"lazy\" decoding=\"async\" class=\"size-medium wp-image-1534 alignright\" src=\"http:\/\/agora.xtec.cat\/cfacastelldefels\/wp-content\/uploads\/usu251\/2018\/05\/Cartellfesta1718-Copiar-300x225.jpg\" alt=\"\" width=\"300\" height=\"225\" srcset=\"https:\/\/agora.xtec.cat\/cfacastelldefels\/wp-content\/uploads\/usu251\/2018\/05\/Cartellfesta1718-Copiar-300x225.jpg 300w, https:\/\/agora.xtec.cat\/cfacastelldefels\/wp-content\/uploads\/usu251\/2018\/05\/Cartellfesta1718-Copiar-768x576.jpg 768w, https:\/\/agora.xtec.cat\/cfacastelldefels\/wp-content\/uploads\/usu251\/2018\/05\/Cartellfesta1718-Copiar-1024x768.jpg 1024w, https:\/\/agora.xtec.cat\/cfacastelldefels\/wp-content\/uploads\/usu251\/2018\/05\/Cartellfesta1718-Copiar-200x150.jpg 200w, https:\/\/agora.xtec.cat\/cfacastelldefels\/wp-content\/uploads\/usu251\/2018\/05\/Cartellfesta1718-Copiar.jpg 1440w\" sizes=\"auto, (max-width: 300px) 100vw, 300px\" \/><\/a>El dijous 14 de juny acomiadarem el curs amb una festa al centre en horari de tarda-vespre. Aquell dia podeu comentar amb el professorat els vostres resultats. Farem un any m\u00e9s la mostra de menjars. Recordeu que tots els participants tindran un detall. Cal apuntar-se al mural del centre. Recordeu que amb una mida de quatre racions ja heu acomplit. Si voleu podeu fer una petita etiqueta de com es diu el vostre apat i si voleu com el feu. Sempre tenim diverses versions que podem aprendre.<\/p>\n<p>Tindrem actuaci\u00f3 musical en viu del grup Kokkola. La m\u00fasica en viu ens dona la oportunitat de poder ballar i fer una mica d&#8217;activitat f\u00edsica per agafar forma. Tos esteu invitats a participar-hi i moure l&#8217;esquelet.<\/p>\n<p>Un any m\u00e9s tindrem &#8220;El rac\u00f3 del photocall, on podrem fer fotos i compartir en les xarxes socials. Recordeu usar els hashtags #cfacastelldefels o #alumnescfacastelldefels. Podreu crear fotos individuals o de grups.<\/p>\n<p>La festa es far\u00e0 als jardins del centre en un \u00e0mbit guarnit de manera espec\u00edfica i us proposem venir a ajudar o aportar la vostra ajuda.<\/p>\n<p><strong><span style=\"color: #ff0000;\">Us esperem per donar color a la festa<\/span><\/strong><\/p>\n<p>Recordeu que per poder participar en la mostra de menjars \u00a0cal que uns inscriviu en el mural que trobareu al centre.<\/p>\n<p>&nbsp;<\/p>\n<p>&nbsp;<\/p>\n","protected":false},"excerpt":{"rendered":"<p>El dijous 14 de juny acomiadarem el curs amb una festa al centre en horari de tarda-vespre. Aquell dia podeu comentar amb el professorat els vostres resultats. Farem un any m\u00e9s la mostra de menjars. Recordeu que tots els participants tindran un detall. Cal apuntar-se al mural del centre. Recordeu que amb una mida de [&hellip;]<\/p>\n","protected":false},"author":1,"featured_media":0,"comment_status":"open","ping_status":"closed","sticky":false,"template":"","format":"standard","meta":{"_bbp_topic_count":0,"_bbp_reply_count":0,"_bbp_total_topic_count":0,"_bbp_total_reply_count":0,"_bbp_voice_count":0,"_bbp_anonymous_reply_count":0,"_bbp_topic_count_hidden":0,"_bbp_reply_count_hidden":0,"_bbp_forum_subforum_count":0,"site-sidebar-layout":"default","site-content-layout":"","ast-site-content-layout":"","site-content-style":"default","site-sidebar-style":"default","ast-global-header-display":"","ast-banner-title-visibility":"","ast-main-header-display":"","ast-hfb-above-header-display":"","ast-hfb-below-header-display":"","ast-hfb-mobile-header-display":"","site-post-title":"","ast-breadcrumbs-content":"","ast-featured-img":"","footer-sml-layout":"","theme-transparent-header-meta":"","adv-header-id-meta":"","stick-header-meta":"","header-above-stick-meta":"","header-main-stick-meta":"","header-below-stick-meta":"","astra-migrate-meta-layouts":"default","ast-page-background-enabled":"default","ast-page-background-meta":{"desktop":{"background-color":"var(--ast-global-color-4)","background-image":"","background-repeat":"repeat","background-position":"center center","background-size":"auto","background-attachment":"scroll","background-type":"","background-media":"","overlay-type":"","overlay-color":"","overlay-opacity":"","overlay-gradient":""},"tablet":{"background-color":"","background-image":"","background-repeat":"repeat","background-position":"center center","background-size":"auto","background-attachment":"scroll","background-type":"","background-media":"","overlay-type":"","overlay-color":"","overlay-opacity":"","overlay-gradient":""},"mobile":{"background-color":"","background-image":"","background-repeat":"repeat","background-position":"center center","background-size":"auto","background-attachment":"scroll","background-type":"","background-media":"","overlay-type":"","overlay-color":"","overlay-opacity":"","overlay-gradient":""}},"ast-content-background-meta":{"desktop":{"background-color":"var(--ast-global-color-5)","background-image":"","background-repeat":"repeat","background-position":"center center","background-size":"auto","background-attachment":"scroll","background-type":"","background-media":"","overlay-type":"","overlay-color":"","overlay-opacity":"","overlay-gradient":""},"tablet":{"background-color":"var(--ast-global-color-5)","background-image":"","background-repeat":"repeat","background-position":"center center","background-size":"auto","background-attachment":"scroll","background-type":"","background-media":"","overlay-type":"","overlay-color":"","overlay-opacity":"","overlay-gradient":""},"mobile":{"background-color":"var(--ast-global-color-5)","background-image":"","background-repeat":"repeat","background-position":"center center","background-size":"auto","background-attachment":"scroll","background-type":"","background-media":"","overlay-type":"","overlay-color":"","overlay-opacity":"","overlay-gradient":""}},"footnotes":""},"categories":[1,86,29],"tags":[],"class_list":["post-1527","post","type-post","status-publish","format-standard","hentry","category-general","category-muralla-digital-revista","category-portada"],"post_mailing_queue_ids":[],"_links":{"self":[{"href":"https:\/\/agora.xtec.cat\/cfacastelldefels\/wp-json\/wp\/v2\/posts\/1527","targetHints":{"allow":["GET"]}}],"collection":[{"href":"https:\/\/agora.xtec.cat\/cfacastelldefels\/wp-json\/wp\/v2\/posts"}],"about":[{"href":"https:\/\/agora.xtec.cat\/cfacastelldefels\/wp-json\/wp\/v2\/types\/post"}],"author":[{"embeddable":true,"href":"https:\/\/agora.xtec.cat\/cfacastelldefels\/wp-json\/wp\/v2\/users\/1"}],"replies":[{"embeddable":true,"href":"https:\/\/agora.xtec.cat\/cfacastelldefels\/wp-json\/wp\/v2\/comments?post=1527"}],"version-history":[{"count":3,"href":"https:\/\/agora.xtec.cat\/cfacastelldefels\/wp-json\/wp\/v2\/posts\/1527\/revisions"}],"predecessor-version":[{"id":1544,"href":"https:\/\/agora.xtec.cat\/cfacastelldefels\/wp-json\/wp\/v2\/posts\/1527\/revisions\/1544"}],"wp:attachment":[{"href":"https:\/\/agora.xtec.cat\/cfacastelldefels\/wp-json\/wp\/v2\/media?parent=1527"}],"wp:term":[{"taxonomy":"category","embeddable":true,"href":"https:\/\/agora.xtec.cat\/cfacastelldefels\/wp-json\/wp\/v2\/categories?post=1527"},{"taxonomy":"post_tag","embeddable":true,"href":"https:\/\/agora.xtec.cat\/cfacastelldefels\/wp-json\/wp\/v2\/tags?post=1527"}],"curies":[{"name":"wp","href":"https:\/\/api.w.org\/{rel}","templated":true}]}}