{"id":1509,"date":"2018-05-07T16:49:25","date_gmt":"2018-05-07T14:49:25","guid":{"rendered":"http:\/\/agora.xtec.cat\/cfacastelldefels\/?p=1509"},"modified":"2018-05-07T16:57:29","modified_gmt":"2018-05-07T14:57:29","slug":"xerrada-exalumnes-de-ges","status":"publish","type":"post","link":"https:\/\/agora.xtec.cat\/cfacastelldefels\/general\/xerrada-exalumnes-de-ges\/","title":{"rendered":"Xerrada exalumnes de GES"},"content":{"rendered":"<p>El passat divendres 4 de maig van venir el Juan Andr\u00e9s i el Javi, dos exa<a href=\"http:\/\/agora.xtec.cat\/cfacastelldefels\/wp-content\/uploads\/usu251\/2018\/05\/20180504_171542.jpg\"><img loading=\"lazy\" decoding=\"async\" class=\"size-large wp-image-1508 alignright\" src=\"http:\/\/agora.xtec.cat\/cfacastelldefels\/wp-content\/uploads\/usu251\/2018\/05\/20180504_171542-1024x377.jpg\" alt=\"\" width=\"512\" height=\"185\" \/><\/a>lumnes de GES d&#8217;aquest centre, a fer una xerrada als estudiants actuals del Graduat en Educaci\u00f3 Secund\u00e0ria.<br \/>\nAquests antics alumnes fa nom\u00e9s un o dos anys que estaven en la situaci\u00f3 dels alumnes que cursen ara GES 1 i GES 2, i van compartir amb ells les motivacions, les coses bones i tamb\u00e9 les dificultats d&#8217;estudiar a una edat adulta. Amb una actitud propera i distesa, van animar-los a seguir endavant amb la seva decisi\u00f3 de reprendre els estudis, recordant-los que \u00e9s important assistir sempre a classe i no flaquejar quan els sembli dif\u00edcil i tinguin la temptaci\u00f3 d&#8217;abandonar.<a href=\"http:\/\/agora.xtec.cat\/cfacastelldefels\/wp-content\/uploads\/usu251\/2018\/05\/20180504_173737-e1525702542379.jpg\"><img loading=\"lazy\" decoding=\"async\" class=\" wp-image-1505 alignright\" src=\"http:\/\/agora.xtec.cat\/cfacastelldefels\/wp-content\/uploads\/usu251\/2018\/05\/20180504_173737-e1525702542379-576x1024.jpg\" alt=\"\" width=\"146\" height=\"259\" srcset=\"https:\/\/agora.xtec.cat\/cfacastelldefels\/wp-content\/uploads\/usu251\/2018\/05\/20180504_173737-e1525702542379-576x1024.jpg 576w, https:\/\/agora.xtec.cat\/cfacastelldefels\/wp-content\/uploads\/usu251\/2018\/05\/20180504_173737-e1525702542379-169x300.jpg 169w, https:\/\/agora.xtec.cat\/cfacastelldefels\/wp-content\/uploads\/usu251\/2018\/05\/20180504_173737-e1525702542379-768x1365.jpg 768w, https:\/\/agora.xtec.cat\/cfacastelldefels\/wp-content\/uploads\/usu251\/2018\/05\/20180504_173737-e1525702542379.jpg 1836w\" sizes=\"auto, (max-width: 146px) 100vw, 146px\" \/><\/a><br \/>\nEl Juan Andr\u00e9s est\u00e0 cursant actualment un Cicle Formatiu de Grau Mitj\u00e0 i el Javi est\u00e0 estudiant el Batxillerat nocturn, aix\u00ed que els nostres alumnes van poder veure dues de les diverses sortides que tenen en acabar el GES. Els dos diuen, a m\u00e9s a m\u00e9s, que quan acabin el que estan fent seguiran estudiant.<br \/>\nS\u00f3n, doncs, un gran exemple d&#8217;\u00e8xit de l&#8217;educaci\u00f3 de persones adultes, i esperem que d&#8217;aqu\u00ed un temps l&#8217;alumnat actual tamb\u00e9 hagi trobat, com ells, el seu cam\u00ed. Mai no \u00e9s tard!<\/p>\n<p>&nbsp;<\/p>\n","protected":false},"excerpt":{"rendered":"<p>El passat divendres 4 de maig van venir el Juan Andr\u00e9s i el Javi, dos exalumnes de GES d&#8217;aquest centre, a fer una xerrada als estudiants actuals del Graduat en Educaci\u00f3 Secund\u00e0ria. Aquests antics alumnes fa nom\u00e9s un o dos anys que estaven en la situaci\u00f3 dels alumnes que cursen ara GES 1 i GES [&hellip;]<\/p>\n","protected":false},"author":1,"featured_media":0,"comment_status":"closed","ping_status":"closed","sticky":false,"template":"","format":"standard","meta":{"_bbp_topic_count":0,"_bbp_reply_count":0,"_bbp_total_topic_count":0,"_bbp_total_reply_count":0,"_bbp_voice_count":0,"_bbp_anonymous_reply_count":0,"_bbp_topic_count_hidden":0,"_bbp_reply_count_hidden":0,"_bbp_forum_subforum_count":0,"site-sidebar-layout":"default","site-content-layout":"","ast-site-content-layout":"","site-content-style":"default","site-sidebar-style":"default","ast-global-header-display":"","ast-banner-title-visibility":"","ast-main-header-display":"","ast-hfb-above-header-display":"","ast-hfb-below-header-display":"","ast-hfb-mobile-header-display":"","site-post-title":"","ast-breadcrumbs-content":"","ast-featured-img":"","footer-sml-layout":"","theme-transparent-header-meta":"","adv-header-id-meta":"","stick-header-meta":"","header-above-stick-meta":"","header-main-stick-meta":"","header-below-stick-meta":"","astra-migrate-meta-layouts":"default","ast-page-background-enabled":"default","ast-page-background-meta":{"desktop":{"background-color":"var(--ast-global-color-4)","background-image":"","background-repeat":"repeat","background-position":"center center","background-size":"auto","background-attachment":"scroll","background-type":"","background-media":"","overlay-type":"","overlay-color":"","overlay-opacity":"","overlay-gradient":""},"tablet":{"background-color":"","background-image":"","background-repeat":"repeat","background-position":"center center","background-size":"auto","background-attachment":"scroll","background-type":"","background-media":"","overlay-type":"","overlay-color":"","overlay-opacity":"","overlay-gradient":""},"mobile":{"background-color":"","background-image":"","background-repeat":"repeat","background-position":"center center","background-size":"auto","background-attachment":"scroll","background-type":"","background-media":"","overlay-type":"","overlay-color":"","overlay-opacity":"","overlay-gradient":""}},"ast-content-background-meta":{"desktop":{"background-color":"var(--ast-global-color-5)","background-image":"","background-repeat":"repeat","background-position":"center center","background-size":"auto","background-attachment":"scroll","background-type":"","background-media":"","overlay-type":"","overlay-color":"","overlay-opacity":"","overlay-gradient":""},"tablet":{"background-color":"var(--ast-global-color-5)","background-image":"","background-repeat":"repeat","background-position":"center center","background-size":"auto","background-attachment":"scroll","background-type":"","background-media":"","overlay-type":"","overlay-color":"","overlay-opacity":"","overlay-gradient":""},"mobile":{"background-color":"var(--ast-global-color-5)","background-image":"","background-repeat":"repeat","background-position":"center center","background-size":"auto","background-attachment":"scroll","background-type":"","background-media":"","overlay-type":"","overlay-color":"","overlay-opacity":"","overlay-gradient":""}},"footnotes":""},"categories":[80,1,70,86,29],"tags":[],"class_list":["post-1509","post","type-post","status-publish","format-standard","hentry","category-educacio","category-general","category-ges","category-muralla-digital-revista","category-portada"],"post_mailing_queue_ids":[],"_links":{"self":[{"href":"https:\/\/agora.xtec.cat\/cfacastelldefels\/wp-json\/wp\/v2\/posts\/1509","targetHints":{"allow":["GET"]}}],"collection":[{"href":"https:\/\/agora.xtec.cat\/cfacastelldefels\/wp-json\/wp\/v2\/posts"}],"about":[{"href":"https:\/\/agora.xtec.cat\/cfacastelldefels\/wp-json\/wp\/v2\/types\/post"}],"author":[{"embeddable":true,"href":"https:\/\/agora.xtec.cat\/cfacastelldefels\/wp-json\/wp\/v2\/users\/1"}],"replies":[{"embeddable":true,"href":"https:\/\/agora.xtec.cat\/cfacastelldefels\/wp-json\/wp\/v2\/comments?post=1509"}],"version-history":[{"count":3,"href":"https:\/\/agora.xtec.cat\/cfacastelldefels\/wp-json\/wp\/v2\/posts\/1509\/revisions"}],"predecessor-version":[{"id":1514,"href":"https:\/\/agora.xtec.cat\/cfacastelldefels\/wp-json\/wp\/v2\/posts\/1509\/revisions\/1514"}],"wp:attachment":[{"href":"https:\/\/agora.xtec.cat\/cfacastelldefels\/wp-json\/wp\/v2\/media?parent=1509"}],"wp:term":[{"taxonomy":"category","embeddable":true,"href":"https:\/\/agora.xtec.cat\/cfacastelldefels\/wp-json\/wp\/v2\/categories?post=1509"},{"taxonomy":"post_tag","embeddable":true,"href":"https:\/\/agora.xtec.cat\/cfacastelldefels\/wp-json\/wp\/v2\/tags?post=1509"}],"curies":[{"name":"wp","href":"https:\/\/api.w.org\/{rel}","templated":true}]}}