{"id":150,"date":"2013-07-02T15:36:51","date_gmt":"2013-07-02T14:36:51","guid":{"rendered":"http:\/\/blocs.xtec.cat\/cfajverdaguer\/?p=150"},"modified":"2016-03-28T17:46:07","modified_gmt":"2016-03-28T16:46:07","slug":"matricula-curs-2013-2014","status":"publish","type":"post","link":"https:\/\/agora.xtec.cat\/cfacastelldefels\/general\/matricula-curs-2013-2014\/","title":{"rendered":"MATRICULA CURS 2013-2014"},"content":{"rendered":"<div>\n<p><strong><span style=\"color: #990000;font-size: medium\">MATR\u00cdCULA AL SETEMBRE<\/span><\/strong><\/p>\n<p><strong><span style=\"font-size: x-small\">(Alumnes que obtinguin pla\u00e7a segons llistat del dia 12 de Juliol i alumnes antics que tenen reservada vacant)<\/span><\/strong><\/p>\n<ul>\n<li><strong><span style=\"font-size: x-small\">Dilluns 2 de setembre Tarda de 16,30 a 19,30<\/span><\/strong><\/li>\n<li><strong><span style=\"font-size: x-small\">Dimarts 3 al dijous 5 mat\u00ed de 10-13 i tardes de 16,30 19,30<\/span><\/strong><\/li>\n<li><span style=\"font-size: x-small\"><strong>Divendres 6 de Setembre mat\u00ed de 9,30 a 13,30\u00a0<span style=\"color: #990000\">\u00faltim dia de matr\u00edcula alumnes amb pla\u00e7a adjudicada<\/span><\/strong><br \/>\n<\/span><\/li>\n<\/ul>\n<p><strong><span style=\"font-size: x-small\">Dilluns 9 oferta de vacants<br \/>\n<\/span><\/strong><\/p>\n<p><strong><span style=\"font-size: x-small\">Dimarts 10 matricula alumnat en llista d&#8217;espera adjudicada en llistat. mat\u00ed de 10 a 13 i tarda de 4,30 a 7,30 exclusivament per als grups amb vacants<br \/>\n<\/span><\/strong><\/p>\n<p><strong><span style=\"font-size: x-small\">Dimecres 11 festiu<\/span><\/strong><\/p>\n<p><strong><span style=\"font-size: x-small\">A partir del dijous 12 es podr\u00e0 matricular l&#8217;alumnat en cas d&#8217;haver-hi vacants.<br \/>\n<\/span><\/strong><\/p>\n<p>&nbsp;<\/p>\n<\/div>\n<p><strong><span style=\"font-size: medium\">Matr\u00edcula IOC-GES alumnes nous<br \/>\n<\/span><\/strong><\/p>\n<blockquote><p><strong><span style=\"font-size: medium\"><span style=\"font-size: small\">Del 3 al 9 de setembre <\/span><\/span><\/strong><\/p><\/blockquote>\n<p>&nbsp;<\/p>\n","protected":false},"excerpt":{"rendered":"<p>MATR\u00cdCULA AL SETEMBRE (Alumnes que obtinguin pla\u00e7a segons llistat del dia 12 de Juliol i alumnes antics que tenen reservada vacant) Dilluns 2 de setembre Tarda de 16,30 a 19,30 Dimarts 3 al dijous 5 mat\u00ed de 10-13 i tardes de 16,30 19,30 Divendres 6 de Setembre mat\u00ed de 9,30 a 13,30\u00a0\u00faltim dia de matr\u00edcula [&hellip;]<\/p>\n","protected":false},"author":1,"featured_media":0,"comment_status":"open","ping_status":"open","sticky":false,"template":"","format":"standard","meta":{"_bbp_topic_count":0,"_bbp_reply_count":0,"_bbp_total_topic_count":0,"_bbp_total_reply_count":0,"_bbp_voice_count":0,"_bbp_anonymous_reply_count":0,"_bbp_topic_count_hidden":0,"_bbp_reply_count_hidden":0,"_bbp_forum_subforum_count":0,"site-sidebar-layout":"default","site-content-layout":"","ast-site-content-layout":"","site-content-style":"default","site-sidebar-style":"default","ast-global-header-display":"","ast-banner-title-visibility":"","ast-main-header-display":"","ast-hfb-above-header-display":"","ast-hfb-below-header-display":"","ast-hfb-mobile-header-display":"","site-post-title":"","ast-breadcrumbs-content":"","ast-featured-img":"","footer-sml-layout":"","theme-transparent-header-meta":"","adv-header-id-meta":"","stick-header-meta":"","header-above-stick-meta":"","header-main-stick-meta":"","header-below-stick-meta":"","astra-migrate-meta-layouts":"default","ast-page-background-enabled":"default","ast-page-background-meta":{"desktop":{"background-color":"var(--ast-global-color-4)","background-image":"","background-repeat":"repeat","background-position":"center center","background-size":"auto","background-attachment":"scroll","background-type":"","background-media":"","overlay-type":"","overlay-color":"","overlay-opacity":"","overlay-gradient":""},"tablet":{"background-color":"","background-image":"","background-repeat":"repeat","background-position":"center center","background-size":"auto","background-attachment":"scroll","background-type":"","background-media":"","overlay-type":"","overlay-color":"","overlay-opacity":"","overlay-gradient":""},"mobile":{"background-color":"","background-image":"","background-repeat":"repeat","background-position":"center center","background-size":"auto","background-attachment":"scroll","background-type":"","background-media":"","overlay-type":"","overlay-color":"","overlay-opacity":"","overlay-gradient":""}},"ast-content-background-meta":{"desktop":{"background-color":"var(--ast-global-color-5)","background-image":"","background-repeat":"repeat","background-position":"center center","background-size":"auto","background-attachment":"scroll","background-type":"","background-media":"","overlay-type":"","overlay-color":"","overlay-opacity":"","overlay-gradient":""},"tablet":{"background-color":"var(--ast-global-color-5)","background-image":"","background-repeat":"repeat","background-position":"center center","background-size":"auto","background-attachment":"scroll","background-type":"","background-media":"","overlay-type":"","overlay-color":"","overlay-opacity":"","overlay-gradient":""},"mobile":{"background-color":"var(--ast-global-color-5)","background-image":"","background-repeat":"repeat","background-position":"center center","background-size":"auto","background-attachment":"scroll","background-type":"","background-media":"","overlay-type":"","overlay-color":"","overlay-opacity":"","overlay-gradient":""}},"footnotes":""},"categories":[1,86],"tags":[],"class_list":["post-150","post","type-post","status-publish","format-standard","hentry","category-general","category-muralla-digital-revista"],"post_mailing_queue_ids":[],"_links":{"self":[{"href":"https:\/\/agora.xtec.cat\/cfacastelldefels\/wp-json\/wp\/v2\/posts\/150","targetHints":{"allow":["GET"]}}],"collection":[{"href":"https:\/\/agora.xtec.cat\/cfacastelldefels\/wp-json\/wp\/v2\/posts"}],"about":[{"href":"https:\/\/agora.xtec.cat\/cfacastelldefels\/wp-json\/wp\/v2\/types\/post"}],"author":[{"embeddable":true,"href":"https:\/\/agora.xtec.cat\/cfacastelldefels\/wp-json\/wp\/v2\/users\/1"}],"replies":[{"embeddable":true,"href":"https:\/\/agora.xtec.cat\/cfacastelldefels\/wp-json\/wp\/v2\/comments?post=150"}],"version-history":[{"count":1,"href":"https:\/\/agora.xtec.cat\/cfacastelldefels\/wp-json\/wp\/v2\/posts\/150\/revisions"}],"predecessor-version":[{"id":740,"href":"https:\/\/agora.xtec.cat\/cfacastelldefels\/wp-json\/wp\/v2\/posts\/150\/revisions\/740"}],"wp:attachment":[{"href":"https:\/\/agora.xtec.cat\/cfacastelldefels\/wp-json\/wp\/v2\/media?parent=150"}],"wp:term":[{"taxonomy":"category","embeddable":true,"href":"https:\/\/agora.xtec.cat\/cfacastelldefels\/wp-json\/wp\/v2\/categories?post=150"},{"taxonomy":"post_tag","embeddable":true,"href":"https:\/\/agora.xtec.cat\/cfacastelldefels\/wp-json\/wp\/v2\/tags?post=150"}],"curies":[{"name":"wp","href":"https:\/\/api.w.org\/{rel}","templated":true}]}}