{"id":1461,"date":"2018-03-19T18:02:08","date_gmt":"2018-03-19T17:02:08","guid":{"rendered":"http:\/\/agora.xtec.cat\/cfacastelldefels\/?p=1461"},"modified":"2018-03-21T16:04:05","modified_gmt":"2018-03-21T15:04:05","slug":"xerrada-dorientacio-educativa-per-a-ges","status":"publish","type":"post","link":"https:\/\/agora.xtec.cat\/cfacastelldefels\/portada\/xerrada-dorientacio-educativa-per-a-ges\/","title":{"rendered":"Xerrada d&#8217;orientaci\u00f3 educativa per a GES"},"content":{"rendered":"<p><a href=\"http:\/\/agora.xtec.cat\/cfacastelldefels\/wp-content\/uploads\/usu251\/2018\/03\/foto-xer.jpg\"><img loading=\"lazy\" decoding=\"async\" class=\"alignnone size-large wp-image-1462\" src=\"http:\/\/agora.xtec.cat\/cfacastelldefels\/wp-content\/uploads\/usu251\/2018\/03\/foto-xer-1024x576.jpg\" alt=\"\" width=\"1024\" height=\"576\" srcset=\"https:\/\/agora.xtec.cat\/cfacastelldefels\/wp-content\/uploads\/usu251\/2018\/03\/foto-xer-1024x576.jpg 1024w, https:\/\/agora.xtec.cat\/cfacastelldefels\/wp-content\/uploads\/usu251\/2018\/03\/foto-xer-300x169.jpg 300w, https:\/\/agora.xtec.cat\/cfacastelldefels\/wp-content\/uploads\/usu251\/2018\/03\/foto-xer-768x432.jpg 768w\" sizes=\"auto, (max-width: 1024px) 100vw, 1024px\" \/><\/a><\/p>\n<p>El dijous 16 de mar\u00e7 l&#8217;alumnat de GES va assistir a una xerrada-taller dins les Jornades d&#8217;Orientaci\u00f3 Educativa organitzades per l&#8217;Ajuntament de Castelldefels en col\u00b7laboraci\u00f3 amb la Diputaci\u00f3 de Barcelona.<br \/>\nL&#8217;activitat &#8220;Qu\u00e8 en trec ara d&#8217;estudiar&#8221;, dinamitzada per la Gemma Garcia, va fer reflexionar als i les alumnes sobre la import\u00e0ncia de tenir clars els seus objectius i com el fet d&#8217;estar actualment estudiant GES els ajuda a acostar-se a aquestes metes.<br \/>\nLa xerrada va ser molt interessant i motivadora.<\/p>\n","protected":false},"excerpt":{"rendered":"<p>El dijous 16 de mar\u00e7 l&#8217;alumnat de GES va assistir a una xerrada-taller dins les Jornades d&#8217;Orientaci\u00f3 Educativa organitzades per l&#8217;Ajuntament de Castelldefels en col\u00b7laboraci\u00f3 amb la Diputaci\u00f3 de Barcelona. L&#8217;activitat &#8220;Qu\u00e8 en trec ara d&#8217;estudiar&#8221;, dinamitzada per la Gemma Garcia, va fer reflexionar als i les alumnes sobre la import\u00e0ncia de tenir clars els [&hellip;]<\/p>\n","protected":false},"author":1,"featured_media":1462,"comment_status":"open","ping_status":"closed","sticky":false,"template":"","format":"standard","meta":{"_bbp_topic_count":0,"_bbp_reply_count":0,"_bbp_total_topic_count":0,"_bbp_total_reply_count":0,"_bbp_voice_count":0,"_bbp_anonymous_reply_count":0,"_bbp_topic_count_hidden":0,"_bbp_reply_count_hidden":0,"_bbp_forum_subforum_count":0,"site-sidebar-layout":"default","site-content-layout":"","ast-site-content-layout":"","site-content-style":"default","site-sidebar-style":"default","ast-global-header-display":"","ast-banner-title-visibility":"","ast-main-header-display":"","ast-hfb-above-header-display":"","ast-hfb-below-header-display":"","ast-hfb-mobile-header-display":"","site-post-title":"","ast-breadcrumbs-content":"","ast-featured-img":"","footer-sml-layout":"","theme-transparent-header-meta":"","adv-header-id-meta":"","stick-header-meta":"","header-above-stick-meta":"","header-main-stick-meta":"","header-below-stick-meta":"","astra-migrate-meta-layouts":"default","ast-page-background-enabled":"default","ast-page-background-meta":{"desktop":{"background-color":"var(--ast-global-color-4)","background-image":"","background-repeat":"repeat","background-position":"center center","background-size":"auto","background-attachment":"scroll","background-type":"","background-media":"","overlay-type":"","overlay-color":"","overlay-opacity":"","overlay-gradient":""},"tablet":{"background-color":"","background-image":"","background-repeat":"repeat","background-position":"center center","background-size":"auto","background-attachment":"scroll","background-type":"","background-media":"","overlay-type":"","overlay-color":"","overlay-opacity":"","overlay-gradient":""},"mobile":{"background-color":"","background-image":"","background-repeat":"repeat","background-position":"center center","background-size":"auto","background-attachment":"scroll","background-type":"","background-media":"","overlay-type":"","overlay-color":"","overlay-opacity":"","overlay-gradient":""}},"ast-content-background-meta":{"desktop":{"background-color":"var(--ast-global-color-5)","background-image":"","background-repeat":"repeat","background-position":"center center","background-size":"auto","background-attachment":"scroll","background-type":"","background-media":"","overlay-type":"","overlay-color":"","overlay-opacity":"","overlay-gradient":""},"tablet":{"background-color":"var(--ast-global-color-5)","background-image":"","background-repeat":"repeat","background-position":"center center","background-size":"auto","background-attachment":"scroll","background-type":"","background-media":"","overlay-type":"","overlay-color":"","overlay-opacity":"","overlay-gradient":""},"mobile":{"background-color":"var(--ast-global-color-5)","background-image":"","background-repeat":"repeat","background-position":"center center","background-size":"auto","background-attachment":"scroll","background-type":"","background-media":"","overlay-type":"","overlay-color":"","overlay-opacity":"","overlay-gradient":""}},"footnotes":""},"categories":[80,70,86,29],"tags":[],"class_list":["post-1461","post","type-post","status-publish","format-standard","has-post-thumbnail","hentry","category-educacio","category-ges","category-muralla-digital-revista","category-portada"],"post_mailing_queue_ids":[],"_links":{"self":[{"href":"https:\/\/agora.xtec.cat\/cfacastelldefels\/wp-json\/wp\/v2\/posts\/1461","targetHints":{"allow":["GET"]}}],"collection":[{"href":"https:\/\/agora.xtec.cat\/cfacastelldefels\/wp-json\/wp\/v2\/posts"}],"about":[{"href":"https:\/\/agora.xtec.cat\/cfacastelldefels\/wp-json\/wp\/v2\/types\/post"}],"author":[{"embeddable":true,"href":"https:\/\/agora.xtec.cat\/cfacastelldefels\/wp-json\/wp\/v2\/users\/1"}],"replies":[{"embeddable":true,"href":"https:\/\/agora.xtec.cat\/cfacastelldefels\/wp-json\/wp\/v2\/comments?post=1461"}],"version-history":[{"count":1,"href":"https:\/\/agora.xtec.cat\/cfacastelldefels\/wp-json\/wp\/v2\/posts\/1461\/revisions"}],"predecessor-version":[{"id":1463,"href":"https:\/\/agora.xtec.cat\/cfacastelldefels\/wp-json\/wp\/v2\/posts\/1461\/revisions\/1463"}],"wp:featuredmedia":[{"embeddable":true,"href":"https:\/\/agora.xtec.cat\/cfacastelldefels\/wp-json\/wp\/v2\/media\/1462"}],"wp:attachment":[{"href":"https:\/\/agora.xtec.cat\/cfacastelldefels\/wp-json\/wp\/v2\/media?parent=1461"}],"wp:term":[{"taxonomy":"category","embeddable":true,"href":"https:\/\/agora.xtec.cat\/cfacastelldefels\/wp-json\/wp\/v2\/categories?post=1461"},{"taxonomy":"post_tag","embeddable":true,"href":"https:\/\/agora.xtec.cat\/cfacastelldefels\/wp-json\/wp\/v2\/tags?post=1461"}],"curies":[{"name":"wp","href":"https:\/\/api.w.org\/{rel}","templated":true}]}}