{"id":1443,"date":"2018-02-26T17:52:27","date_gmt":"2018-02-26T16:52:27","guid":{"rendered":"http:\/\/agora.xtec.cat\/cfacastelldefels\/?p=1443"},"modified":"2018-03-21T16:05:21","modified_gmt":"2018-03-21T15:05:21","slug":"8-de-marc-visualitzem-a-les-dones","status":"publish","type":"post","link":"https:\/\/agora.xtec.cat\/cfacastelldefels\/general\/8-de-marc-visualitzem-a-les-dones\/","title":{"rendered":"8 de Mar\u00e7. Visualitzem a les dones"},"content":{"rendered":"<p>El dia 8 de mar\u00e7 celebrem el dia internacional de la dona i sobre tot visualitzar tot all\u00f2 que sembla invisible, per \u00faltim posar el valor el grau de reconeixement que fa la societat del 50% de la poblaci\u00f3 que representen les dones. Tal i com recull en la web del departament &#8220;<a href=\"http:\/\/agora.xtec.cat\/cfacastelldefels\/wp-content\/uploads\/usu251\/2018\/02\/mujertrabajadora.jpg\"><img loading=\"lazy\" decoding=\"async\" class=\"size-medium wp-image-1446 alignleft\" src=\"http:\/\/agora.xtec.cat\/cfacastelldefels\/wp-content\/uploads\/usu251\/2018\/02\/mujertrabajadora-300x221.jpg\" alt=\"\" width=\"300\" height=\"221\" srcset=\"https:\/\/agora.xtec.cat\/cfacastelldefels\/wp-content\/uploads\/usu251\/2018\/02\/mujertrabajadora-300x221.jpg 300w, https:\/\/agora.xtec.cat\/cfacastelldefels\/wp-content\/uploads\/usu251\/2018\/02\/mujertrabajadora.jpg 500w\" sizes=\"auto, (max-width: 300px) 100vw, 300px\" \/><\/a><em>campanya de conscienciaci\u00f3 a tota la comunitat educativa sobre la import\u00e0ncia de visualitzar la participaci\u00f3 de les dones en tots els \u00e0mbits de la vida posant en valor la seva contribuci\u00f3 social i hist\u00f2rica, tot fomentant el seu apoderament com a protagonistes i creadores a trav\u00e9s de la seva mirada<\/em>&#8220;. <a href=\"http:\/\/xtec.gencat.cat\/ca\/centres\/celebracions\/2018\/diainternacionaldones\/\">M\u00e9s informaci\u00f3 Departament<\/a><\/p>\n<p>L\u00ednies clau\u00a0a treballar: el respecte i la co-eduaci\u00f3, cerca d&#8217;informaci\u00f3, resum i ordenaci\u00f3 d&#8217;informaci\u00f3, compet\u00e8ncia digital, compet\u00e8ncia matem\u00e0tica<\/p>\n<p>&nbsp;<\/p>\n<p>Les accions que proposem des del centre s\u00f3n:<\/p>\n<p><span style=\"color: #993366;\"><strong>Dones\u00a0en el centre<\/strong><\/span>. Projecte per posar nom de dona \u00a0les aules del centre. Col\u00b7laborem proposant nom possibles per les aules atenent a la seva significaci\u00f3 i al seu arrelament al territori<\/p>\n<p><strong><span style=\"color: #993366;\">Visualitzar els espais p\u00fablics de Castelldefels amb nom de dona<\/span><\/strong>. Proposta la recerca d&#8217;espais p\u00fablics ( carrers, places, equipaments&#8230;) de Castelldefels que porten nom de dona. Fem -nos fotos als llocs, plaques&#8230; cerquem informaci\u00f3 sobre el personatge, creen codis Qr d&#8217;enlla\u00e7ar a informaci\u00f3 i ubicaci\u00f3. Reflexionem el grau de presencia de dones als espais de la localitat. Quin grau i relaci\u00f3 hi ha entre espais p\u00fablics amb nom d&#8217;homes i amb nom d&#8217;homes. Quins s\u00f3n personatges hist\u00f2rics-religiosos o no.<\/p>\n<p><strong><span style=\"color: #993366;\">Dones i homes a les xarxes socials<\/span><\/strong> usem els hashtags #donescfa, #cfacastelldefels, #amblanostramirada8m, #8demar\u00e7. Proposem penjar fotos d&#8217;homes i dones fent tasques que usualment no es consideren treball com acompanyar a gent gran, a nens, fer la compra, fent neteja&#8230;.<\/p>\n","protected":false},"excerpt":{"rendered":"<p>El dia 8 de mar\u00e7 celebrem el dia internacional de la dona i sobre tot visualitzar tot all\u00f2 que sembla invisible, per \u00faltim posar el valor el grau de reconeixement que fa la societat del 50% de la poblaci\u00f3 que representen les dones. Tal i com recull en la web del departament &#8220;campanya de conscienciaci\u00f3 [&hellip;]<\/p>\n","protected":false},"author":1,"featured_media":1446,"comment_status":"open","ping_status":"closed","sticky":false,"template":"","format":"standard","meta":{"_bbp_topic_count":0,"_bbp_reply_count":0,"_bbp_total_topic_count":0,"_bbp_total_reply_count":0,"_bbp_voice_count":0,"_bbp_anonymous_reply_count":0,"_bbp_topic_count_hidden":0,"_bbp_reply_count_hidden":0,"_bbp_forum_subforum_count":0,"site-sidebar-layout":"default","site-content-layout":"","ast-site-content-layout":"","site-content-style":"default","site-sidebar-style":"default","ast-global-header-display":"","ast-banner-title-visibility":"","ast-main-header-display":"","ast-hfb-above-header-display":"","ast-hfb-below-header-display":"","ast-hfb-mobile-header-display":"","site-post-title":"","ast-breadcrumbs-content":"","ast-featured-img":"","footer-sml-layout":"","theme-transparent-header-meta":"","adv-header-id-meta":"","stick-header-meta":"","header-above-stick-meta":"","header-main-stick-meta":"","header-below-stick-meta":"","astra-migrate-meta-layouts":"default","ast-page-background-enabled":"default","ast-page-background-meta":{"desktop":{"background-color":"var(--ast-global-color-4)","background-image":"","background-repeat":"repeat","background-position":"center center","background-size":"auto","background-attachment":"scroll","background-type":"","background-media":"","overlay-type":"","overlay-color":"","overlay-opacity":"","overlay-gradient":""},"tablet":{"background-color":"","background-image":"","background-repeat":"repeat","background-position":"center center","background-size":"auto","background-attachment":"scroll","background-type":"","background-media":"","overlay-type":"","overlay-color":"","overlay-opacity":"","overlay-gradient":""},"mobile":{"background-color":"","background-image":"","background-repeat":"repeat","background-position":"center center","background-size":"auto","background-attachment":"scroll","background-type":"","background-media":"","overlay-type":"","overlay-color":"","overlay-opacity":"","overlay-gradient":""}},"ast-content-background-meta":{"desktop":{"background-color":"var(--ast-global-color-5)","background-image":"","background-repeat":"repeat","background-position":"center center","background-size":"auto","background-attachment":"scroll","background-type":"","background-media":"","overlay-type":"","overlay-color":"","overlay-opacity":"","overlay-gradient":""},"tablet":{"background-color":"var(--ast-global-color-5)","background-image":"","background-repeat":"repeat","background-position":"center center","background-size":"auto","background-attachment":"scroll","background-type":"","background-media":"","overlay-type":"","overlay-color":"","overlay-opacity":"","overlay-gradient":""},"mobile":{"background-color":"var(--ast-global-color-5)","background-image":"","background-repeat":"repeat","background-position":"center center","background-size":"auto","background-attachment":"scroll","background-type":"","background-media":"","overlay-type":"","overlay-color":"","overlay-opacity":"","overlay-gradient":""}},"footnotes":""},"categories":[80,1,86,29],"tags":[],"class_list":["post-1443","post","type-post","status-publish","format-standard","has-post-thumbnail","hentry","category-educacio","category-general","category-muralla-digital-revista","category-portada"],"post_mailing_queue_ids":[],"_links":{"self":[{"href":"https:\/\/agora.xtec.cat\/cfacastelldefels\/wp-json\/wp\/v2\/posts\/1443","targetHints":{"allow":["GET"]}}],"collection":[{"href":"https:\/\/agora.xtec.cat\/cfacastelldefels\/wp-json\/wp\/v2\/posts"}],"about":[{"href":"https:\/\/agora.xtec.cat\/cfacastelldefels\/wp-json\/wp\/v2\/types\/post"}],"author":[{"embeddable":true,"href":"https:\/\/agora.xtec.cat\/cfacastelldefels\/wp-json\/wp\/v2\/users\/1"}],"replies":[{"embeddable":true,"href":"https:\/\/agora.xtec.cat\/cfacastelldefels\/wp-json\/wp\/v2\/comments?post=1443"}],"version-history":[{"count":3,"href":"https:\/\/agora.xtec.cat\/cfacastelldefels\/wp-json\/wp\/v2\/posts\/1443\/revisions"}],"predecessor-version":[{"id":1447,"href":"https:\/\/agora.xtec.cat\/cfacastelldefels\/wp-json\/wp\/v2\/posts\/1443\/revisions\/1447"}],"wp:featuredmedia":[{"embeddable":true,"href":"https:\/\/agora.xtec.cat\/cfacastelldefels\/wp-json\/wp\/v2\/media\/1446"}],"wp:attachment":[{"href":"https:\/\/agora.xtec.cat\/cfacastelldefels\/wp-json\/wp\/v2\/media?parent=1443"}],"wp:term":[{"taxonomy":"category","embeddable":true,"href":"https:\/\/agora.xtec.cat\/cfacastelldefels\/wp-json\/wp\/v2\/categories?post=1443"},{"taxonomy":"post_tag","embeddable":true,"href":"https:\/\/agora.xtec.cat\/cfacastelldefels\/wp-json\/wp\/v2\/tags?post=1443"}],"curies":[{"name":"wp","href":"https:\/\/api.w.org\/{rel}","templated":true}]}}