{"id":1434,"date":"2018-02-16T20:51:10","date_gmt":"2018-02-16T19:51:10","guid":{"rendered":"http:\/\/agora.xtec.cat\/cfacastelldefels\/?p=1434"},"modified":"2018-03-21T16:06:26","modified_gmt":"2018-03-21T15:06:26","slug":"visita-al-liceu-i-el-raval","status":"publish","type":"post","link":"https:\/\/agora.xtec.cat\/cfacastelldefels\/general\/visita-al-liceu-i-el-raval\/","title":{"rendered":"Visita al Liceu i el Raval"},"content":{"rendered":"<p>Divendres 16 de Febrer els alumnes del centre hem anat a una visita guiada al Liceu, el cercle del Liceu i hem fet \u00a0una passejada pel Raval. L&#8217;activitat promou l&#8217;\u00fas oral de la llengua. Hi erem dos grups en angl\u00e8s i un en castell\u00e0 com a llengua estrangera, 75 alumnes i tres professors.<\/p>\n<p>From Castelldefels we travelled by train and underground (saving CO2) to Liceu. Three guides were waiting for us. We have visited the entrance, the opera theatre, the biggest horse shoe in Europe, which is only small part of the building. They have explained us about the importance of the Liceu and many other curious things.<\/p>\n<p>Despu\u00e9s hemos visitado el c\u00edrculo del Liceu, un club privado annexo al teatro y que se conserva de forma original \u00a0ya que no se ha quemado \u00a0en los \u00faltimos incendios. Ha habido tres grandes incendios en el Liceu, todos ellos afectaron a la sala principal.<\/p>\n<p>Despr\u00e9s hem fet una passejada pel Raval. Hem visitat el Palau G\u00fcell, exemple de modernisme, el GAT de Botero en al Rambla del Raval, el conjunt de l&#8217;hospital de la Santa Creu, g\u00f2tic, on hem vist la Biblioteca Nacional, el pat\u00ed de IEC i l&#8217;anat\u00f2mic forense.<\/p>\n<p>The last stop has been at the University of Barcelona UAB&#8217;s historical building with its two courtyards.<\/p>\n<p>Una agradable salida que hemos acabado pasadas las dos de la tarde. El profesorado nos prepar\u00f3 un dossier de la salida con explicaciones (unos en ingl\u00e9s otros en castellano) con la ruta que \u00edbamos a hacer<\/p>\n<figure id=\"attachment_1437\" aria-describedby=\"caption-attachment-1437\" style=\"width: 1024px\" class=\"wp-caption alignnone\"><a href=\"http:\/\/agora.xtec.cat\/cfacastelldefels\/wp-content\/uploads\/usu251\/2018\/02\/20180216_102715-COLLAGE.jpg\"><img loading=\"lazy\" decoding=\"async\" class=\"size-large wp-image-1437\" src=\"http:\/\/agora.xtec.cat\/cfacastelldefels\/wp-content\/uploads\/usu251\/2018\/02\/20180216_102715-COLLAGE-1024x1024.jpg\" alt=\"\" width=\"1024\" height=\"1024\" srcset=\"https:\/\/agora.xtec.cat\/cfacastelldefels\/wp-content\/uploads\/usu251\/2018\/02\/20180216_102715-COLLAGE-1024x1024.jpg 1024w, https:\/\/agora.xtec.cat\/cfacastelldefels\/wp-content\/uploads\/usu251\/2018\/02\/20180216_102715-COLLAGE-150x150.jpg 150w, https:\/\/agora.xtec.cat\/cfacastelldefels\/wp-content\/uploads\/usu251\/2018\/02\/20180216_102715-COLLAGE-300x300.jpg 300w, https:\/\/agora.xtec.cat\/cfacastelldefels\/wp-content\/uploads\/usu251\/2018\/02\/20180216_102715-COLLAGE-768x768.jpg 768w, https:\/\/agora.xtec.cat\/cfacastelldefels\/wp-content\/uploads\/usu251\/2018\/02\/20180216_102715-COLLAGE.jpg 2047w\" sizes=\"auto, (max-width: 1024px) 100vw, 1024px\" \/><\/a><figcaption id=\"caption-attachment-1437\" class=\"wp-caption-text\">Liceu2018<\/figcaption><\/figure>\n<p><a href=\"https:\/\/photos.app.goo.gl\/XHSuoVFWxl1Aqejp2\">Here are some photos\/fotos<\/a><\/p>\n<p>&nbsp;<\/p>\n","protected":false},"excerpt":{"rendered":"<p>Divendres 16 de Febrer els alumnes del centre hem anat a una visita guiada al Liceu, el cercle del Liceu i hem fet \u00a0una passejada pel Raval. L&#8217;activitat promou l&#8217;\u00fas oral de la llengua. Hi erem dos grups en angl\u00e8s i un en castell\u00e0 com a llengua estrangera, 75 alumnes i tres professors. From Castelldefels [&hellip;]<\/p>\n","protected":false},"author":1,"featured_media":1437,"comment_status":"open","ping_status":"closed","sticky":false,"template":"","format":"standard","meta":{"_bbp_topic_count":0,"_bbp_reply_count":0,"_bbp_total_topic_count":0,"_bbp_total_reply_count":0,"_bbp_voice_count":0,"_bbp_anonymous_reply_count":0,"_bbp_topic_count_hidden":0,"_bbp_reply_count_hidden":0,"_bbp_forum_subforum_count":0,"site-sidebar-layout":"default","site-content-layout":"","ast-site-content-layout":"","site-content-style":"default","site-sidebar-style":"default","ast-global-header-display":"","ast-banner-title-visibility":"","ast-main-header-display":"","ast-hfb-above-header-display":"","ast-hfb-below-header-display":"","ast-hfb-mobile-header-display":"","site-post-title":"","ast-breadcrumbs-content":"","ast-featured-img":"","footer-sml-layout":"","theme-transparent-header-meta":"","adv-header-id-meta":"","stick-header-meta":"","header-above-stick-meta":"","header-main-stick-meta":"","header-below-stick-meta":"","astra-migrate-meta-layouts":"default","ast-page-background-enabled":"default","ast-page-background-meta":{"desktop":{"background-color":"var(--ast-global-color-4)","background-image":"","background-repeat":"repeat","background-position":"center center","background-size":"auto","background-attachment":"scroll","background-type":"","background-media":"","overlay-type":"","overlay-color":"","overlay-opacity":"","overlay-gradient":""},"tablet":{"background-color":"","background-image":"","background-repeat":"repeat","background-position":"center center","background-size":"auto","background-attachment":"scroll","background-type":"","background-media":"","overlay-type":"","overlay-color":"","overlay-opacity":"","overlay-gradient":""},"mobile":{"background-color":"","background-image":"","background-repeat":"repeat","background-position":"center center","background-size":"auto","background-attachment":"scroll","background-type":"","background-media":"","overlay-type":"","overlay-color":"","overlay-opacity":"","overlay-gradient":""}},"ast-content-background-meta":{"desktop":{"background-color":"var(--ast-global-color-5)","background-image":"","background-repeat":"repeat","background-position":"center center","background-size":"auto","background-attachment":"scroll","background-type":"","background-media":"","overlay-type":"","overlay-color":"","overlay-opacity":"","overlay-gradient":""},"tablet":{"background-color":"var(--ast-global-color-5)","background-image":"","background-repeat":"repeat","background-position":"center center","background-size":"auto","background-attachment":"scroll","background-type":"","background-media":"","overlay-type":"","overlay-color":"","overlay-opacity":"","overlay-gradient":""},"mobile":{"background-color":"var(--ast-global-color-5)","background-image":"","background-repeat":"repeat","background-position":"center center","background-size":"auto","background-attachment":"scroll","background-type":"","background-media":"","overlay-type":"","overlay-color":"","overlay-opacity":"","overlay-gradient":""}},"footnotes":""},"categories":[72,1,86,29],"tags":[],"class_list":["post-1434","post","type-post","status-publish","format-standard","has-post-thumbnail","hentry","category-english","category-general","category-muralla-digital-revista","category-portada"],"post_mailing_queue_ids":[],"_links":{"self":[{"href":"https:\/\/agora.xtec.cat\/cfacastelldefels\/wp-json\/wp\/v2\/posts\/1434","targetHints":{"allow":["GET"]}}],"collection":[{"href":"https:\/\/agora.xtec.cat\/cfacastelldefels\/wp-json\/wp\/v2\/posts"}],"about":[{"href":"https:\/\/agora.xtec.cat\/cfacastelldefels\/wp-json\/wp\/v2\/types\/post"}],"author":[{"embeddable":true,"href":"https:\/\/agora.xtec.cat\/cfacastelldefels\/wp-json\/wp\/v2\/users\/1"}],"replies":[{"embeddable":true,"href":"https:\/\/agora.xtec.cat\/cfacastelldefels\/wp-json\/wp\/v2\/comments?post=1434"}],"version-history":[{"count":3,"href":"https:\/\/agora.xtec.cat\/cfacastelldefels\/wp-json\/wp\/v2\/posts\/1434\/revisions"}],"predecessor-version":[{"id":1438,"href":"https:\/\/agora.xtec.cat\/cfacastelldefels\/wp-json\/wp\/v2\/posts\/1434\/revisions\/1438"}],"wp:featuredmedia":[{"embeddable":true,"href":"https:\/\/agora.xtec.cat\/cfacastelldefels\/wp-json\/wp\/v2\/media\/1437"}],"wp:attachment":[{"href":"https:\/\/agora.xtec.cat\/cfacastelldefels\/wp-json\/wp\/v2\/media?parent=1434"}],"wp:term":[{"taxonomy":"category","embeddable":true,"href":"https:\/\/agora.xtec.cat\/cfacastelldefels\/wp-json\/wp\/v2\/categories?post=1434"},{"taxonomy":"post_tag","embeddable":true,"href":"https:\/\/agora.xtec.cat\/cfacastelldefels\/wp-json\/wp\/v2\/tags?post=1434"}],"curies":[{"name":"wp","href":"https:\/\/api.w.org\/{rel}","templated":true}]}}