{"id":1390,"date":"2018-01-30T22:34:30","date_gmt":"2018-01-30T21:34:30","guid":{"rendered":"http:\/\/agora.xtec.cat\/cfacastelldefels\/?p=1390"},"modified":"2018-03-21T16:07:54","modified_gmt":"2018-03-21T15:07:54","slug":"fem-una-experiencia-vts-a-les-sales-del-museu","status":"publish","type":"post","link":"https:\/\/agora.xtec.cat\/cfacastelldefels\/general\/fem-una-experiencia-vts-a-les-sales-del-museu\/","title":{"rendered":"Fem una experi\u00e8ncia VTS a les sales del Museu MNAC"},"content":{"rendered":"<p>Aquest curs el CFA Castelldefels participem en la prova pilot de col\u00b7laboraci\u00f3 entre el Museu Nacional de Catalunya (MNAC) i el Departament d&#8217;Ensenyament per desenvolupar un projecte T\u00e0ndem desenvolupant les t\u00e8cniques d&#8217;expressi\u00f3 oral VTS entre el nostre centre i el MNAC<\/p>\n<p>Qu\u00e8 \u00e9s VTS (Visual Thinking Strategies)? VTS \u00e9s un m\u00e8tode pedag\u00f2gic cada vegada m\u00e9s popular en els museus. A partir de les obres d&#8217;art afavorim la interacci\u00f3 ling\u00fc\u00edstia, \u00a0desenvolupem el pensamient cr\u00edtic i una sensibilitat art\u00edstica. A partir d&#8217;unes preguntes b\u00e0siques el &#8220;mitjancer&#8221; facilita l&#8217;expressi\u00f3 oral. Aquesta\u00a0\u00a0metodologia basada en preguntes va ser desenvolupat\u00a0per la psic\u00e0loga Abigail Housen i l&#8217;educador Philip Yenawine.<\/p>\n<p>El passat dijous 25 els porfessors de lleng\u00fces M Teresa, S\u00edlvia i Rius van participar en un workshop que es va dur a terme al MNAC, l&#8217;experi\u00e8ncia en tres fases ( presentaci\u00f3, simulaci\u00f3 i reflexi\u00f3-avaluaci\u00f3) pretenia posar en pr\u00e0ctica aquesta metodologia.<\/p>\n<p>El centre posar\u00e0 en pr\u00e0ctica aquesta metodologia aquest curs amb els alumnes del castell\u00e0 3, en una primera fase en l&#8217;aula treballant amb un curr\u00edculum inicial d&#8217;obres d&#8217;art i, en una fase posterior amb una visita presencial al MNAC. Els alumnes del GES tamb\u00e9 pr\u00e0ticaran i realitzaran experi\u00e8ncies, de fet aquesta metodologia \u00e9s extensible a altres cursos com angl\u00e8s o catal\u00e0.<\/p>\n<div id='gallery-1' class='gallery galleryid-1390 gallery-columns-3 gallery-size-thumbnail'><figure class='gallery-item'>\n\t\t\t<div class='gallery-icon landscape'>\n\t\t\t\t<a href='https:\/\/agora.xtec.cat\/cfacastelldefels\/general\/fem-una-experiencia-vts-a-les-sales-del-museu\/attachment\/img-2616\/'><img loading=\"lazy\" decoding=\"async\" width=\"150\" height=\"150\" src=\"https:\/\/agora.xtec.cat\/cfacastelldefels\/wp-content\/uploads\/usu251\/2018\/01\/IMG-2616-150x150.jpg\" class=\"attachment-thumbnail size-thumbnail\" alt=\"\" \/><\/a>\n\t\t\t<\/div><\/figure><figure class='gallery-item'>\n\t\t\t<div class='gallery-icon landscape'>\n\t\t\t\t<a href='https:\/\/agora.xtec.cat\/cfacastelldefels\/general\/fem-una-experiencia-vts-a-les-sales-del-museu\/attachment\/img-2624\/'><img loading=\"lazy\" decoding=\"async\" width=\"150\" height=\"150\" src=\"https:\/\/agora.xtec.cat\/cfacastelldefels\/wp-content\/uploads\/usu251\/2018\/01\/IMG-2624-150x150.jpg\" class=\"attachment-thumbnail size-thumbnail\" alt=\"\" \/><\/a>\n\t\t\t<\/div><\/figure><figure class='gallery-item'>\n\t\t\t<div class='gallery-icon landscape'>\n\t\t\t\t<a href='https:\/\/agora.xtec.cat\/cfacastelldefels\/general\/fem-una-experiencia-vts-a-les-sales-del-museu\/attachment\/img-2628\/'><img loading=\"lazy\" decoding=\"async\" width=\"150\" height=\"150\" src=\"https:\/\/agora.xtec.cat\/cfacastelldefels\/wp-content\/uploads\/usu251\/2018\/01\/IMG-2628-150x150.jpg\" class=\"attachment-thumbnail size-thumbnail\" alt=\"\" \/><\/a>\n\t\t\t<\/div><\/figure>\n\t\t<\/div>\n\n","protected":false},"excerpt":{"rendered":"<p>Aquest curs el CFA Castelldefels participem en la prova pilot de col\u00b7laboraci\u00f3 entre el Museu Nacional de Catalunya (MNAC) i el Departament d&#8217;Ensenyament per desenvolupar un projecte T\u00e0ndem desenvolupant les t\u00e8cniques d&#8217;expressi\u00f3 oral VTS entre el nostre centre i el MNAC Qu\u00e8 \u00e9s VTS (Visual Thinking Strategies)? VTS \u00e9s un m\u00e8tode pedag\u00f2gic cada vegada m\u00e9s [&hellip;]<\/p>\n","protected":false},"author":1,"featured_media":1391,"comment_status":"closed","ping_status":"closed","sticky":false,"template":"","format":"standard","meta":{"_bbp_topic_count":0,"_bbp_reply_count":0,"_bbp_total_topic_count":0,"_bbp_total_reply_count":0,"_bbp_voice_count":0,"_bbp_anonymous_reply_count":0,"_bbp_topic_count_hidden":0,"_bbp_reply_count_hidden":0,"_bbp_forum_subforum_count":0,"site-sidebar-layout":"default","site-content-layout":"","ast-site-content-layout":"","site-content-style":"default","site-sidebar-style":"default","ast-global-header-display":"","ast-banner-title-visibility":"","ast-main-header-display":"","ast-hfb-above-header-display":"","ast-hfb-below-header-display":"","ast-hfb-mobile-header-display":"","site-post-title":"","ast-breadcrumbs-content":"","ast-featured-img":"","footer-sml-layout":"","theme-transparent-header-meta":"","adv-header-id-meta":"","stick-header-meta":"","header-above-stick-meta":"","header-main-stick-meta":"","header-below-stick-meta":"","astra-migrate-meta-layouts":"default","ast-page-background-enabled":"default","ast-page-background-meta":{"desktop":{"background-color":"var(--ast-global-color-4)","background-image":"","background-repeat":"repeat","background-position":"center center","background-size":"auto","background-attachment":"scroll","background-type":"","background-media":"","overlay-type":"","overlay-color":"","overlay-opacity":"","overlay-gradient":""},"tablet":{"background-color":"","background-image":"","background-repeat":"repeat","background-position":"center center","background-size":"auto","background-attachment":"scroll","background-type":"","background-media":"","overlay-type":"","overlay-color":"","overlay-opacity":"","overlay-gradient":""},"mobile":{"background-color":"","background-image":"","background-repeat":"repeat","background-position":"center center","background-size":"auto","background-attachment":"scroll","background-type":"","background-media":"","overlay-type":"","overlay-color":"","overlay-opacity":"","overlay-gradient":""}},"ast-content-background-meta":{"desktop":{"background-color":"var(--ast-global-color-5)","background-image":"","background-repeat":"repeat","background-position":"center center","background-size":"auto","background-attachment":"scroll","background-type":"","background-media":"","overlay-type":"","overlay-color":"","overlay-opacity":"","overlay-gradient":""},"tablet":{"background-color":"var(--ast-global-color-5)","background-image":"","background-repeat":"repeat","background-position":"center center","background-size":"auto","background-attachment":"scroll","background-type":"","background-media":"","overlay-type":"","overlay-color":"","overlay-opacity":"","overlay-gradient":""},"mobile":{"background-color":"var(--ast-global-color-5)","background-image":"","background-repeat":"repeat","background-position":"center center","background-size":"auto","background-attachment":"scroll","background-type":"","background-media":"","overlay-type":"","overlay-color":"","overlay-opacity":"","overlay-gradient":""}},"footnotes":""},"categories":[80,72,1,86,29],"tags":[],"class_list":["post-1390","post","type-post","status-publish","format-standard","has-post-thumbnail","hentry","category-educacio","category-english","category-general","category-muralla-digital-revista","category-portada"],"post_mailing_queue_ids":[],"_links":{"self":[{"href":"https:\/\/agora.xtec.cat\/cfacastelldefels\/wp-json\/wp\/v2\/posts\/1390","targetHints":{"allow":["GET"]}}],"collection":[{"href":"https:\/\/agora.xtec.cat\/cfacastelldefels\/wp-json\/wp\/v2\/posts"}],"about":[{"href":"https:\/\/agora.xtec.cat\/cfacastelldefels\/wp-json\/wp\/v2\/types\/post"}],"author":[{"embeddable":true,"href":"https:\/\/agora.xtec.cat\/cfacastelldefels\/wp-json\/wp\/v2\/users\/1"}],"replies":[{"embeddable":true,"href":"https:\/\/agora.xtec.cat\/cfacastelldefels\/wp-json\/wp\/v2\/comments?post=1390"}],"version-history":[{"count":3,"href":"https:\/\/agora.xtec.cat\/cfacastelldefels\/wp-json\/wp\/v2\/posts\/1390\/revisions"}],"predecessor-version":[{"id":1397,"href":"https:\/\/agora.xtec.cat\/cfacastelldefels\/wp-json\/wp\/v2\/posts\/1390\/revisions\/1397"}],"wp:featuredmedia":[{"embeddable":true,"href":"https:\/\/agora.xtec.cat\/cfacastelldefels\/wp-json\/wp\/v2\/media\/1391"}],"wp:attachment":[{"href":"https:\/\/agora.xtec.cat\/cfacastelldefels\/wp-json\/wp\/v2\/media?parent=1390"}],"wp:term":[{"taxonomy":"category","embeddable":true,"href":"https:\/\/agora.xtec.cat\/cfacastelldefels\/wp-json\/wp\/v2\/categories?post=1390"},{"taxonomy":"post_tag","embeddable":true,"href":"https:\/\/agora.xtec.cat\/cfacastelldefels\/wp-json\/wp\/v2\/tags?post=1390"}],"curies":[{"name":"wp","href":"https:\/\/api.w.org\/{rel}","templated":true}]}}