{"id":1355,"date":"2017-12-11T20:14:29","date_gmt":"2017-12-11T19:14:29","guid":{"rendered":"http:\/\/agora.xtec.cat\/cfacastelldefels\/?p=1355"},"modified":"2017-12-14T12:33:05","modified_gmt":"2017-12-14T11:33:05","slug":"graduat-en-educacio-secundaria-obligatoria-majors-de-18-anys","status":"publish","type":"post","link":"https:\/\/agora.xtec.cat\/cfacastelldefels\/general\/graduat-en-educacio-secundaria-obligatoria-majors-de-18-anys\/","title":{"rendered":"Graduat en educaci\u00f3 secund\u00e0ria obligat\u00f2ria (majors de 18 anys)"},"content":{"rendered":"<p><strong>Graduat en educaci\u00f3 secund\u00e0ria obligat\u00f2ria (majors de 18 anys) <\/strong><\/p>\n<p><span style=\"color: #ff0000;\"><strong>PRIMERA CONVOCAT\u00d2RIA<\/strong><\/span><\/p>\n<p>Termini: del <strong><u>8 de gener (a les 9 h) fins al 12 de gener de 2018<\/u><\/strong><\/p>\n<p>&#8211;\u00a0Presentaci\u00f3 de la documentaci\u00f3 per a l&#8217;exempci\u00f3 de la llengua catalana, si escau: del 8 de gener fins al 12 de gener de 2018<br \/>\n&#8211;\u00a0Llista provisional d&#8217;admesos i exclosos: a partir del 22 de gener de 2018<br \/>\n&#8211;\u00a0Presentaci\u00f3 de reclamacions i\/o documentaci\u00f3 justificativa de la convalidaci\u00f3 d&#8217;\u00e0mbits: del 23 al 25 de gener de 2018<br \/>\n&#8211;\u00a0Llista definitiva d&#8217;admesos i exclosos: a partir del 30 de gener de 2018<\/p>\n<p><strong>Prova<\/strong><\/p>\n<p>1 de febrer de 2018<\/p>\n<p>9.30\u00a0a\u00a010 h: verificaci\u00f3 de la identitat dels aspirants<br \/>\n10\u00a0a\u00a013 h: examen de l&#8217;\u00e0mbit cientificotecnol\u00f2gic<br \/>\n15\u00a0a\u00a015.30 h: verificaci\u00f3 de la identitat dels aspirants<br \/>\n15.30\u00a0a\u00a017.30 h: examen de l\u2019\u00e0mbit social<\/p>\n<p>2 de febrer de 2018<\/p>\n<p>9.30\u00a0a\u00a010 h: verificaci\u00f3 de la identitat dels aspirants<br \/>\n10\u00a0a\u00a014 h: examen de l&#8217;\u00e0mbit de la comunicaci\u00f3<\/p>\n<p><strong>Qualificacions <\/strong><\/p>\n<p><strong>&#8211; <\/strong>Provisionals: a partir del 21 de febrer de 2018<br \/>\n&#8211; Per\u00edode per presentar reclamacions: del 22 al 24 de febrer de 2018<br \/>\n&#8211; Definitives: a partir del 28 de febrer 2018<\/p>\n<p>&nbsp;<\/p>\n<p><span style=\"color: #ff0000;\"><strong>SEGONA CONVOCAT\u00d2RIA<\/strong><\/span><\/p>\n<p><strong>Inscripci\u00f3<\/strong><\/p>\n<p>&#8211; Termini: <strong><u>del 23 de febrer (a partir de les 9 h) al 28 de febrer de 2018<\/u><\/strong><br \/>\n&#8211;\u00a0Presentaci\u00f3 de la documentaci\u00f3 de l&#8217;exempci\u00f3 de la llengua catalana, si escau: del 23 de febrer\u00a0fins al 28 de febrer de 2018<br \/>\n&#8211;\u00a0Llista provisional d&#8217;admesos i exclosos: a partir del 9 de mar\u00e7 de 2018<br \/>\n&#8211; Presentaci\u00f3 de reclamacions i\/o documentaci\u00f3 justificativa de la convalidaci\u00f3 d&#8217;\u00e0mbits: del 12 al 14 de mar\u00e7 de 2018<br \/>\n&#8211;\u00a0Llista definitiva d&#8217;admesos i exclosos: a partir del 28 de mar\u00e7 de 2018<\/p>\n<p><strong>Prova<\/strong><\/p>\n<p>5 d&#8217;abril de 2018<\/p>\n<p>9.30\u00a0a\u00a010 h: verificaci\u00f3 de la identitat dels aspirants<br \/>\n10\u00a0a\u00a013 h: examen de l\u2019\u00e0mbit cientificotecnol\u00f2gic<br \/>\n15 a 15.30 h: verificaci\u00f3 de la identitat dels aspirants<br \/>\n15.30\u00a0a\u00a017.30 h: examen de l\u2019\u00e0mbit social<\/p>\n<p>6 d&#8217;abril de 2018<\/p>\n<p>9.30\u00a0a\u00a010 h: verificaci\u00f3 de la identitat dels aspirant<br \/>\n10\u00a0a\u00a014 h: examen de l\u2019\u00e0mbit de la comunicaci\u00f3<\/p>\n<p><strong>Qualificacions<\/strong><\/p>\n<p>&#8211; Provisionals: a partir del 3 de maig de 2018<br \/>\n&#8211;\u00a0Presentaci\u00f3 de reclamacions: del 4 al 8 de maig de 2018<br \/>\n&#8211;\u00a0Definitives: a partir del 17 de maig de 2018<\/p>\n<p>&nbsp;<\/p>\n<p><a href=\"http:\/\/ensenyament.gencat.cat\/ca\/serveis-tramits\/proves\/proves-lliures-obtencio-titols\/obtencio-geso-mes-18-anys\/\">M\u00c9S INFORMACI\u00d3 WEB DEPARTAMENT<\/a><\/p>\n","protected":false},"excerpt":{"rendered":"<p>Graduat en educaci\u00f3 secund\u00e0ria obligat\u00f2ria (majors de 18 anys) PRIMERA CONVOCAT\u00d2RIA Termini: del 8 de gener (a les 9 h) fins al 12 de gener de 2018 &#8211;\u00a0Presentaci\u00f3 de la documentaci\u00f3 per a l&#8217;exempci\u00f3 de la llengua catalana, si escau: del 8 de gener fins al 12 de gener de 2018 &#8211;\u00a0Llista provisional d&#8217;admesos i [&hellip;]<\/p>\n","protected":false},"author":1,"featured_media":0,"comment_status":"closed","ping_status":"closed","sticky":false,"template":"","format":"standard","meta":{"_bbp_topic_count":0,"_bbp_reply_count":0,"_bbp_total_topic_count":0,"_bbp_total_reply_count":0,"_bbp_voice_count":0,"_bbp_anonymous_reply_count":0,"_bbp_topic_count_hidden":0,"_bbp_reply_count_hidden":0,"_bbp_forum_subforum_count":0,"site-sidebar-layout":"default","site-content-layout":"","ast-site-content-layout":"","site-content-style":"default","site-sidebar-style":"default","ast-global-header-display":"","ast-banner-title-visibility":"","ast-main-header-display":"","ast-hfb-above-header-display":"","ast-hfb-below-header-display":"","ast-hfb-mobile-header-display":"","site-post-title":"","ast-breadcrumbs-content":"","ast-featured-img":"","footer-sml-layout":"","theme-transparent-header-meta":"","adv-header-id-meta":"","stick-header-meta":"","header-above-stick-meta":"","header-main-stick-meta":"","header-below-stick-meta":"","astra-migrate-meta-layouts":"default","ast-page-background-enabled":"default","ast-page-background-meta":{"desktop":{"background-color":"var(--ast-global-color-4)","background-image":"","background-repeat":"repeat","background-position":"center center","background-size":"auto","background-attachment":"scroll","background-type":"","background-media":"","overlay-type":"","overlay-color":"","overlay-opacity":"","overlay-gradient":""},"tablet":{"background-color":"","background-image":"","background-repeat":"repeat","background-position":"center center","background-size":"auto","background-attachment":"scroll","background-type":"","background-media":"","overlay-type":"","overlay-color":"","overlay-opacity":"","overlay-gradient":""},"mobile":{"background-color":"","background-image":"","background-repeat":"repeat","background-position":"center center","background-size":"auto","background-attachment":"scroll","background-type":"","background-media":"","overlay-type":"","overlay-color":"","overlay-opacity":"","overlay-gradient":""}},"ast-content-background-meta":{"desktop":{"background-color":"var(--ast-global-color-5)","background-image":"","background-repeat":"repeat","background-position":"center center","background-size":"auto","background-attachment":"scroll","background-type":"","background-media":"","overlay-type":"","overlay-color":"","overlay-opacity":"","overlay-gradient":""},"tablet":{"background-color":"var(--ast-global-color-5)","background-image":"","background-repeat":"repeat","background-position":"center center","background-size":"auto","background-attachment":"scroll","background-type":"","background-media":"","overlay-type":"","overlay-color":"","overlay-opacity":"","overlay-gradient":""},"mobile":{"background-color":"var(--ast-global-color-5)","background-image":"","background-repeat":"repeat","background-position":"center center","background-size":"auto","background-attachment":"scroll","background-type":"","background-media":"","overlay-type":"","overlay-color":"","overlay-opacity":"","overlay-gradient":""}},"footnotes":""},"categories":[1,70,86,29],"tags":[],"class_list":["post-1355","post","type-post","status-publish","format-standard","hentry","category-general","category-ges","category-muralla-digital-revista","category-portada"],"post_mailing_queue_ids":[],"_links":{"self":[{"href":"https:\/\/agora.xtec.cat\/cfacastelldefels\/wp-json\/wp\/v2\/posts\/1355","targetHints":{"allow":["GET"]}}],"collection":[{"href":"https:\/\/agora.xtec.cat\/cfacastelldefels\/wp-json\/wp\/v2\/posts"}],"about":[{"href":"https:\/\/agora.xtec.cat\/cfacastelldefels\/wp-json\/wp\/v2\/types\/post"}],"author":[{"embeddable":true,"href":"https:\/\/agora.xtec.cat\/cfacastelldefels\/wp-json\/wp\/v2\/users\/1"}],"replies":[{"embeddable":true,"href":"https:\/\/agora.xtec.cat\/cfacastelldefels\/wp-json\/wp\/v2\/comments?post=1355"}],"version-history":[{"count":2,"href":"https:\/\/agora.xtec.cat\/cfacastelldefels\/wp-json\/wp\/v2\/posts\/1355\/revisions"}],"predecessor-version":[{"id":1358,"href":"https:\/\/agora.xtec.cat\/cfacastelldefels\/wp-json\/wp\/v2\/posts\/1355\/revisions\/1358"}],"wp:attachment":[{"href":"https:\/\/agora.xtec.cat\/cfacastelldefels\/wp-json\/wp\/v2\/media?parent=1355"}],"wp:term":[{"taxonomy":"category","embeddable":true,"href":"https:\/\/agora.xtec.cat\/cfacastelldefels\/wp-json\/wp\/v2\/categories?post=1355"},{"taxonomy":"post_tag","embeddable":true,"href":"https:\/\/agora.xtec.cat\/cfacastelldefels\/wp-json\/wp\/v2\/tags?post=1355"}],"curies":[{"name":"wp","href":"https:\/\/api.w.org\/{rel}","templated":true}]}}