{"id":1254,"date":"2017-07-26T11:13:02","date_gmt":"2017-07-26T09:13:02","guid":{"rendered":"http:\/\/agora.xtec.cat\/cfacastelldefels\/?p=1254"},"modified":"2017-07-26T11:13:28","modified_gmt":"2017-07-26T09:13:28","slug":"bon-estiu","status":"publish","type":"post","link":"https:\/\/agora.xtec.cat\/cfacastelldefels\/general\/bon-estiu\/","title":{"rendered":"Bon estiu"},"content":{"rendered":"<p>&nbsp;<\/p>\n<p>Finalitzat el per\u00edode de preinscricpci\u00f3 d<a href=\"http:\/\/agora.xtec.cat\/cfacastelldefels\/wp-content\/uploads\/usu251\/2017\/07\/bon-estiu-2.jpg\"><img loading=\"lazy\" decoding=\"async\" class=\" wp-image-1255 alignleft\" src=\"http:\/\/agora.xtec.cat\/cfacastelldefels\/wp-content\/uploads\/usu251\/2017\/07\/bon-estiu-2.jpg\" alt=\"\" width=\"502\" height=\"244\" srcset=\"https:\/\/agora.xtec.cat\/cfacastelldefels\/wp-content\/uploads\/usu251\/2017\/07\/bon-estiu-2.jpg 576w, https:\/\/agora.xtec.cat\/cfacastelldefels\/wp-content\/uploads\/usu251\/2017\/07\/bon-estiu-2-300x146.jpg 300w\" sizes=\"auto, (max-width: 502px) 100vw, 502px\" \/><\/a>onem per tancat el curs 2017\/2018.<\/p>\n<p>Un curs especial perqu\u00e8 hem celebrat la renovaci\u00f3 de la nostra seu del carrer Muralla\u00a0i aix\u00f2 ens ha perm\u00e8s \u00a0ser conscients de la quantitat de persones a qui el CFA CASTELLDEFELS\u00a0ha donat l\u2019oportunitat de completar o continuar els seus estudis i l&#8217;alt grau de valoraci\u00f3 que en t\u00e9 entre la ciutadania i institucions de Castelldefels i rodalies. Aix\u00f2 suposa un gran goig i \u00e9s evident que sense la vostra implicaci\u00f3 no hauria estat possible. <b>GR\u00c0CIES!<\/b><\/p>\n<p>Aprofitem per desitjar-vos a tots molt bon estiu. Descanseu, relaxeu-vos i gaudiu de totes aquelles coses que el dia a dia no us permet. Ens retrobem al setembre, amb m\u00e9s energia i amb moltes novetats per seguir endavant amb aquest projecte i continuar formant tots la comunitat educativa de la formaci\u00f3 d&#8217;adults de Castelldefels.<\/p>\n<p>Una forta salutaci\u00f3 per part de tot el personal i equip docent del CFA Castelldefels<\/p>\n","protected":false},"excerpt":{"rendered":"<p>&nbsp; Finalitzat el per\u00edode de preinscricpci\u00f3 donem per tancat el curs 2017\/2018. Un curs especial perqu\u00e8 hem celebrat la renovaci\u00f3 de la nostra seu del carrer Muralla\u00a0i aix\u00f2 ens ha perm\u00e8s \u00a0ser conscients de la quantitat de persones a qui el CFA CASTELLDEFELS\u00a0ha donat l\u2019oportunitat de completar o continuar els seus estudis i l&#8217;alt grau [&hellip;]<\/p>\n","protected":false},"author":1,"featured_media":0,"comment_status":"closed","ping_status":"closed","sticky":false,"template":"","format":"standard","meta":{"_bbp_topic_count":0,"_bbp_reply_count":0,"_bbp_total_topic_count":0,"_bbp_total_reply_count":0,"_bbp_voice_count":0,"_bbp_anonymous_reply_count":0,"_bbp_topic_count_hidden":0,"_bbp_reply_count_hidden":0,"_bbp_forum_subforum_count":0,"site-sidebar-layout":"default","site-content-layout":"","ast-site-content-layout":"","site-content-style":"default","site-sidebar-style":"default","ast-global-header-display":"","ast-banner-title-visibility":"","ast-main-header-display":"","ast-hfb-above-header-display":"","ast-hfb-below-header-display":"","ast-hfb-mobile-header-display":"","site-post-title":"","ast-breadcrumbs-content":"","ast-featured-img":"","footer-sml-layout":"","theme-transparent-header-meta":"","adv-header-id-meta":"","stick-header-meta":"","header-above-stick-meta":"","header-main-stick-meta":"","header-below-stick-meta":"","astra-migrate-meta-layouts":"default","ast-page-background-enabled":"default","ast-page-background-meta":{"desktop":{"background-color":"var(--ast-global-color-4)","background-image":"","background-repeat":"repeat","background-position":"center center","background-size":"auto","background-attachment":"scroll","background-type":"","background-media":"","overlay-type":"","overlay-color":"","overlay-opacity":"","overlay-gradient":""},"tablet":{"background-color":"","background-image":"","background-repeat":"repeat","background-position":"center center","background-size":"auto","background-attachment":"scroll","background-type":"","background-media":"","overlay-type":"","overlay-color":"","overlay-opacity":"","overlay-gradient":""},"mobile":{"background-color":"","background-image":"","background-repeat":"repeat","background-position":"center center","background-size":"auto","background-attachment":"scroll","background-type":"","background-media":"","overlay-type":"","overlay-color":"","overlay-opacity":"","overlay-gradient":""}},"ast-content-background-meta":{"desktop":{"background-color":"var(--ast-global-color-5)","background-image":"","background-repeat":"repeat","background-position":"center center","background-size":"auto","background-attachment":"scroll","background-type":"","background-media":"","overlay-type":"","overlay-color":"","overlay-opacity":"","overlay-gradient":""},"tablet":{"background-color":"var(--ast-global-color-5)","background-image":"","background-repeat":"repeat","background-position":"center center","background-size":"auto","background-attachment":"scroll","background-type":"","background-media":"","overlay-type":"","overlay-color":"","overlay-opacity":"","overlay-gradient":""},"mobile":{"background-color":"var(--ast-global-color-5)","background-image":"","background-repeat":"repeat","background-position":"center center","background-size":"auto","background-attachment":"scroll","background-type":"","background-media":"","overlay-type":"","overlay-color":"","overlay-opacity":"","overlay-gradient":""}},"footnotes":""},"categories":[74,1,86,29],"tags":[117],"class_list":["post-1254","post","type-post","status-publish","format-standard","hentry","category-ajuntament","category-general","category-muralla-digital-revista","category-portada","tag-cfacastelldefels"],"post_mailing_queue_ids":[],"_links":{"self":[{"href":"https:\/\/agora.xtec.cat\/cfacastelldefels\/wp-json\/wp\/v2\/posts\/1254","targetHints":{"allow":["GET"]}}],"collection":[{"href":"https:\/\/agora.xtec.cat\/cfacastelldefels\/wp-json\/wp\/v2\/posts"}],"about":[{"href":"https:\/\/agora.xtec.cat\/cfacastelldefels\/wp-json\/wp\/v2\/types\/post"}],"author":[{"embeddable":true,"href":"https:\/\/agora.xtec.cat\/cfacastelldefels\/wp-json\/wp\/v2\/users\/1"}],"replies":[{"embeddable":true,"href":"https:\/\/agora.xtec.cat\/cfacastelldefels\/wp-json\/wp\/v2\/comments?post=1254"}],"version-history":[{"count":1,"href":"https:\/\/agora.xtec.cat\/cfacastelldefels\/wp-json\/wp\/v2\/posts\/1254\/revisions"}],"predecessor-version":[{"id":1256,"href":"https:\/\/agora.xtec.cat\/cfacastelldefels\/wp-json\/wp\/v2\/posts\/1254\/revisions\/1256"}],"wp:attachment":[{"href":"https:\/\/agora.xtec.cat\/cfacastelldefels\/wp-json\/wp\/v2\/media?parent=1254"}],"wp:term":[{"taxonomy":"category","embeddable":true,"href":"https:\/\/agora.xtec.cat\/cfacastelldefels\/wp-json\/wp\/v2\/categories?post=1254"},{"taxonomy":"post_tag","embeddable":true,"href":"https:\/\/agora.xtec.cat\/cfacastelldefels\/wp-json\/wp\/v2\/tags?post=1254"}],"curies":[{"name":"wp","href":"https:\/\/api.w.org\/{rel}","templated":true}]}}