{"id":1252,"date":"2017-07-26T10:59:55","date_gmt":"2017-07-26T08:59:55","guid":{"rendered":"http:\/\/agora.xtec.cat\/cfacastelldefels\/?p=1252"},"modified":"2017-09-07T16:17:13","modified_gmt":"2017-09-07T14:17:13","slug":"el-servei-local-de-catala-estrena-nova-seu","status":"publish","type":"post","link":"https:\/\/agora.xtec.cat\/cfacastelldefels\/portada\/el-servei-local-de-catala-estrena-nova-seu\/","title":{"rendered":"El Servei Local de Catal\u00e0 estrena nova seu"},"content":{"rendered":"<div class=\"subtitolNoticia\">Fins ara ubicat al Casal de Cultura, des d&#8217;aquest mes de juliol ofereix tots els seus serveis al Centre C\u00edvic de Canyars &#8211; Poble Vell<\/div>\n<div class=\"subtitolNoticia\"><\/div>\n<div class=\"caixaNoticiaCos\">\n<div class=\"blocColumna\">\n<div class=\"blocMarge\">\n<div class=\"textNoticia\">\n<p>El Servei Local de Catal\u00e0 (SLC) de Castelldefels, que fins ara estava ubicat al Casal de Cultura, s&#8217;ha traslladat al Centre C\u00edvic de Canyars &#8211; Poble Vell (carrer Esgl\u00e9sia, 117). Tots els serveis que s&#8217;ofereixen es fan a partir d&#8217;aquest mes de juliol en aquest nou espai.<\/p>\n<p>Des del SLC s&#8217;ofereixen cursos de catal\u00e0 de nivell b\u00e0sic, elemental, intermedi, sufici\u00e8ncia i superior.<\/p>\n<p>Les persones interessades poden concertar dia i hora per a matricular-se i, si cal, fer una prova de nivell\u00a0a partir del dia 4 de setembre. Tamb\u00e9 es pot contactar amb el Servei a trav\u00e9s del tel\u00e8fon 93 664 42 11 o del correu electr\u00f2nic <a class=\"enlaces\" href=\"http:\/\/www.elcastell.org\/ca\/index\/12234\/castelldefels@cpnl.cat\" target=\"_blank\" rel=\"noopener noreferrer\">castelldefels@cpnl.cat<\/a><\/p>\n<p><span class=\"titol\">+ INFO:<\/span> <a class=\"enlaces\" href=\"http:\/\/blogs.cpnl.cat\/castelldefels\/\" target=\"_blank\" rel=\"noopener noreferrer\">Servei Local de Catal\u00e0<\/a><\/p>\n<\/div>\n<\/div>\n<\/div>\n<\/div>\n<div class=\"blocColumna subcaixaNoticiaCos\">\n<div class=\"blocMarc\">\n<div class=\"peuFotoNoticia\"><a title=\"Ampliar imatge\" href=\"http:\/\/www.elcastell.org\/a_comuns\/VeureImatge.asp?lang=ca&amp;src=\/fitxers\/noticies\/noticies_txt_12234_not_fotografia@13072017083644.jpg&amp;titol=El+Servei+Local+de+Catal%E0+estrena+nova+seu\" target=\"_blank\" rel=\"noopener noreferrer\"><img decoding=\"async\" class=\"blocMarcFi\" src=\"http:\/\/www.elcastell.org\/a_comuns\/getimatge.asp?src=\/fitxers\/noticies\/noticies_txt_12234_not_fotografia@13072017083644.jpg&amp;width=232\" alt=\"Imatge not\u00edcia\" \/><\/a><\/div>\n<\/div>\n<\/div>\n","protected":false},"excerpt":{"rendered":"<p>Fins ara ubicat al Casal de Cultura, des d&#8217;aquest mes de juliol ofereix tots els seus serveis al Centre C\u00edvic de Canyars &#8211; Poble Vell El Servei Local de Catal\u00e0 (SLC) de Castelldefels, que fins ara estava ubicat al Casal de Cultura, s&#8217;ha traslladat al Centre C\u00edvic de Canyars &#8211; Poble Vell (carrer Esgl\u00e9sia, 117). [&hellip;]<\/p>\n","protected":false},"author":1,"featured_media":0,"comment_status":"closed","ping_status":"closed","sticky":false,"template":"","format":"standard","meta":{"_bbp_topic_count":0,"_bbp_reply_count":0,"_bbp_total_topic_count":0,"_bbp_total_reply_count":0,"_bbp_voice_count":0,"_bbp_anonymous_reply_count":0,"_bbp_topic_count_hidden":0,"_bbp_reply_count_hidden":0,"_bbp_forum_subforum_count":0,"site-sidebar-layout":"default","site-content-layout":"","ast-site-content-layout":"","site-content-style":"default","site-sidebar-style":"default","ast-global-header-display":"","ast-banner-title-visibility":"","ast-main-header-display":"","ast-hfb-above-header-display":"","ast-hfb-below-header-display":"","ast-hfb-mobile-header-display":"","site-post-title":"","ast-breadcrumbs-content":"","ast-featured-img":"","footer-sml-layout":"","theme-transparent-header-meta":"","adv-header-id-meta":"","stick-header-meta":"","header-above-stick-meta":"","header-main-stick-meta":"","header-below-stick-meta":"","astra-migrate-meta-layouts":"default","ast-page-background-enabled":"default","ast-page-background-meta":{"desktop":{"background-color":"var(--ast-global-color-4)","background-image":"","background-repeat":"repeat","background-position":"center center","background-size":"auto","background-attachment":"scroll","background-type":"","background-media":"","overlay-type":"","overlay-color":"","overlay-opacity":"","overlay-gradient":""},"tablet":{"background-color":"","background-image":"","background-repeat":"repeat","background-position":"center center","background-size":"auto","background-attachment":"scroll","background-type":"","background-media":"","overlay-type":"","overlay-color":"","overlay-opacity":"","overlay-gradient":""},"mobile":{"background-color":"","background-image":"","background-repeat":"repeat","background-position":"center center","background-size":"auto","background-attachment":"scroll","background-type":"","background-media":"","overlay-type":"","overlay-color":"","overlay-opacity":"","overlay-gradient":""}},"ast-content-background-meta":{"desktop":{"background-color":"var(--ast-global-color-5)","background-image":"","background-repeat":"repeat","background-position":"center center","background-size":"auto","background-attachment":"scroll","background-type":"","background-media":"","overlay-type":"","overlay-color":"","overlay-opacity":"","overlay-gradient":""},"tablet":{"background-color":"var(--ast-global-color-5)","background-image":"","background-repeat":"repeat","background-position":"center center","background-size":"auto","background-attachment":"scroll","background-type":"","background-media":"","overlay-type":"","overlay-color":"","overlay-opacity":"","overlay-gradient":""},"mobile":{"background-color":"var(--ast-global-color-5)","background-image":"","background-repeat":"repeat","background-position":"center center","background-size":"auto","background-attachment":"scroll","background-type":"","background-media":"","overlay-type":"","overlay-color":"","overlay-opacity":"","overlay-gradient":""}},"footnotes":""},"categories":[74,80,86,29],"tags":[],"class_list":["post-1252","post","type-post","status-publish","format-standard","hentry","category-ajuntament","category-educacio","category-muralla-digital-revista","category-portada"],"post_mailing_queue_ids":[],"_links":{"self":[{"href":"https:\/\/agora.xtec.cat\/cfacastelldefels\/wp-json\/wp\/v2\/posts\/1252","targetHints":{"allow":["GET"]}}],"collection":[{"href":"https:\/\/agora.xtec.cat\/cfacastelldefels\/wp-json\/wp\/v2\/posts"}],"about":[{"href":"https:\/\/agora.xtec.cat\/cfacastelldefels\/wp-json\/wp\/v2\/types\/post"}],"author":[{"embeddable":true,"href":"https:\/\/agora.xtec.cat\/cfacastelldefels\/wp-json\/wp\/v2\/users\/1"}],"replies":[{"embeddable":true,"href":"https:\/\/agora.xtec.cat\/cfacastelldefels\/wp-json\/wp\/v2\/comments?post=1252"}],"version-history":[{"count":0,"href":"https:\/\/agora.xtec.cat\/cfacastelldefels\/wp-json\/wp\/v2\/posts\/1252\/revisions"}],"wp:attachment":[{"href":"https:\/\/agora.xtec.cat\/cfacastelldefels\/wp-json\/wp\/v2\/media?parent=1252"}],"wp:term":[{"taxonomy":"category","embeddable":true,"href":"https:\/\/agora.xtec.cat\/cfacastelldefels\/wp-json\/wp\/v2\/categories?post=1252"},{"taxonomy":"post_tag","embeddable":true,"href":"https:\/\/agora.xtec.cat\/cfacastelldefels\/wp-json\/wp\/v2\/tags?post=1252"}],"curies":[{"name":"wp","href":"https:\/\/api.w.org\/{rel}","templated":true}]}}