{"id":1249,"date":"2017-07-26T10:54:50","date_gmt":"2017-07-26T08:54:50","guid":{"rendered":"http:\/\/agora.xtec.cat\/cfacastelldefels\/?p=1249"},"modified":"2017-09-06T19:55:54","modified_gmt":"2017-09-06T17:55:54","slug":"matricula-2017-2018","status":"publish","type":"post","link":"https:\/\/agora.xtec.cat\/cfacastelldefels\/general\/matricula-2017-2018\/","title":{"rendered":"MATR\u00cdCULA 2017-2018"},"content":{"rendered":"<p><strong>CALENDARI I HORARI DE MATRICULACI\u00d3 <\/strong><strong>SETEMBRE 2017, Actualitzat 26 Juliol 2017<\/strong><\/p>\n<p><strong>ALUMNES QUE HAN OBTINGUT PLA\u00c7A AL JUNY (de l&#8217;1 al 8 de setembre) i <\/strong><strong>ORIENTACI\u00d3 A ALUMNES QUE NO HAN FET PREINSCRIPCI\u00d3<\/strong><\/p>\n<p><strong>Divendres 1<\/strong> \u2026\u2026\u2026\u2026\u2026\u2026\u2026\u2026\u2026\u2026\u2026\u2026\u2026\u2026..11:00 a 13:00 h (nom\u00e9s alumnes amb vacant adjudicada)<\/p>\n<p><strong>Dilluns 4<\/strong> i <strong>Dijous 7<\/strong> \u2026\u2026\u2026\u2026\u2026\u2026\u2026\u2026\u2026\u2026\u2026.15:30 a 19:00 h<\/p>\n<ul>\n<li><span style=\"color: #ff0000;\">A les 16:30\u00a0 i a les 18:00 Sessions d&#8217;Orientaci\u00f3 i avaluaci\u00f3 inicial per alumnes sense preinscripci\u00f3<\/span>.<\/li>\n<\/ul>\n<p><strong>Dimarts 5, Dimecres 6<\/strong> i <strong>Divendres 8<\/strong>\u2026\u2026\u2026..9:30 a 12:30 h<\/p>\n<ul>\n<li><span style=\"color: #ff0000;\">A les10:30\u00a0 i a les 12:00 Sessions d&#8217;Orientaci\u00f3 i avaluaci\u00f3 inicial per alumnes sense preinscripci\u00f3<\/span>.<\/li>\n<\/ul>\n<p><strong>MATR\u00cdCULA D&#8217;ALUMNES QUE HAN FET LA PREINSCRIPCI\u00d3 AL JUNY\u00a0 I VAN QUEDAR\u00a0 EN LLISTA D&#8217;ESPERA\u00a0 (per estricte ordre de llista d&#8217;espera de preinscripci\u00f3).<\/strong><\/p>\n<p><strong>Dimarts, 12 <\/strong>\u2026\u2026\u2026\u2026\u2026\u2026\u2026\u2026\u2026\u2026\u2026\u2026\u2026\u2026\u2026a les 9:30 h (per a grups amb vacants)<\/p>\n<p><strong>MATR\u00cdCULA D&#8217;ALTRES ALUMNES<\/strong><\/p>\n<p><strong>Dimecres\u00a0 13 i \u00a0Dijous\u00a0 14 (de 15:30 a 18:30 h)\u00a0 i\u00a0 Divendres\u00a0 15, (de 9:30 a 12:30 h) alumnes que no van fer la preinscripci\u00f3 (apuntats a la llista d&#8217;espera del centre).<\/strong><\/p>\n<p>Exclusiu Alumnat que vol fer el GES a dist\u00e0ncia per l&#8217;IOC del 4 al 8 en el mateix horari:<\/p>\n<ul>\n<li>Cal abans de fer la matr\u00edcula entrar en IOC donar-se d&#8217;alta per obtenir Password. Una vegada que es tingui password entar a l&#8217;IOC amb el password o completar les dades de preinscripci\u00f3 i escanejar i pujar documentaci\u00f3 (DNI\/NIE i estudis si es tenen). Cal triar el CFA Castelldefels com a centre tutor.<\/li>\n<\/ul>\n<p><a href=\"https:\/\/drive.google.com\/open?id=0B6ERI--Cl4x3R3JtaHdJNXVIS0U\">Formulari de matr\u00edcula<\/a><\/p>\n","protected":false},"excerpt":{"rendered":"<p>CALENDARI I HORARI DE MATRICULACI\u00d3 SETEMBRE 2017, Actualitzat 26 Juliol 2017 ALUMNES QUE HAN OBTINGUT PLA\u00c7A AL JUNY (de l&#8217;1 al 8 de setembre) i ORIENTACI\u00d3 A ALUMNES QUE NO HAN FET PREINSCRIPCI\u00d3 Divendres 1 \u2026\u2026\u2026\u2026\u2026\u2026\u2026\u2026\u2026\u2026\u2026\u2026\u2026\u2026..11:00 a 13:00 h (nom\u00e9s alumnes amb vacant adjudicada) Dilluns 4 i Dijous 7 \u2026\u2026\u2026\u2026\u2026\u2026\u2026\u2026\u2026\u2026\u2026.15:30 a 19:00 h A les [&hellip;]<\/p>\n","protected":false},"author":1,"featured_media":0,"comment_status":"open","ping_status":"closed","sticky":false,"template":"","format":"standard","meta":{"_bbp_topic_count":0,"_bbp_reply_count":0,"_bbp_total_topic_count":0,"_bbp_total_reply_count":0,"_bbp_voice_count":0,"_bbp_anonymous_reply_count":0,"_bbp_topic_count_hidden":0,"_bbp_reply_count_hidden":0,"_bbp_forum_subforum_count":0,"site-sidebar-layout":"default","site-content-layout":"","ast-site-content-layout":"","site-content-style":"default","site-sidebar-style":"default","ast-global-header-display":"","ast-banner-title-visibility":"","ast-main-header-display":"","ast-hfb-above-header-display":"","ast-hfb-below-header-display":"","ast-hfb-mobile-header-display":"","site-post-title":"","ast-breadcrumbs-content":"","ast-featured-img":"","footer-sml-layout":"","theme-transparent-header-meta":"","adv-header-id-meta":"","stick-header-meta":"","header-above-stick-meta":"","header-main-stick-meta":"","header-below-stick-meta":"","astra-migrate-meta-layouts":"default","ast-page-background-enabled":"default","ast-page-background-meta":{"desktop":{"background-color":"var(--ast-global-color-4)","background-image":"","background-repeat":"repeat","background-position":"center center","background-size":"auto","background-attachment":"scroll","background-type":"","background-media":"","overlay-type":"","overlay-color":"","overlay-opacity":"","overlay-gradient":""},"tablet":{"background-color":"","background-image":"","background-repeat":"repeat","background-position":"center center","background-size":"auto","background-attachment":"scroll","background-type":"","background-media":"","overlay-type":"","overlay-color":"","overlay-opacity":"","overlay-gradient":""},"mobile":{"background-color":"","background-image":"","background-repeat":"repeat","background-position":"center center","background-size":"auto","background-attachment":"scroll","background-type":"","background-media":"","overlay-type":"","overlay-color":"","overlay-opacity":"","overlay-gradient":""}},"ast-content-background-meta":{"desktop":{"background-color":"var(--ast-global-color-5)","background-image":"","background-repeat":"repeat","background-position":"center center","background-size":"auto","background-attachment":"scroll","background-type":"","background-media":"","overlay-type":"","overlay-color":"","overlay-opacity":"","overlay-gradient":""},"tablet":{"background-color":"var(--ast-global-color-5)","background-image":"","background-repeat":"repeat","background-position":"center center","background-size":"auto","background-attachment":"scroll","background-type":"","background-media":"","overlay-type":"","overlay-color":"","overlay-opacity":"","overlay-gradient":""},"mobile":{"background-color":"var(--ast-global-color-5)","background-image":"","background-repeat":"repeat","background-position":"center center","background-size":"auto","background-attachment":"scroll","background-type":"","background-media":"","overlay-type":"","overlay-color":"","overlay-opacity":"","overlay-gradient":""}},"footnotes":""},"categories":[74,1,70,86,29],"tags":[117,66],"class_list":["post-1249","post","type-post","status-publish","format-standard","hentry","category-ajuntament","category-general","category-ges","category-muralla-digital-revista","category-portada","tag-cfacastelldefels","tag-matricula"],"post_mailing_queue_ids":[],"_links":{"self":[{"href":"https:\/\/agora.xtec.cat\/cfacastelldefels\/wp-json\/wp\/v2\/posts\/1249","targetHints":{"allow":["GET"]}}],"collection":[{"href":"https:\/\/agora.xtec.cat\/cfacastelldefels\/wp-json\/wp\/v2\/posts"}],"about":[{"href":"https:\/\/agora.xtec.cat\/cfacastelldefels\/wp-json\/wp\/v2\/types\/post"}],"author":[{"embeddable":true,"href":"https:\/\/agora.xtec.cat\/cfacastelldefels\/wp-json\/wp\/v2\/users\/1"}],"replies":[{"embeddable":true,"href":"https:\/\/agora.xtec.cat\/cfacastelldefels\/wp-json\/wp\/v2\/comments?post=1249"}],"version-history":[{"count":1,"href":"https:\/\/agora.xtec.cat\/cfacastelldefels\/wp-json\/wp\/v2\/posts\/1249\/revisions"}],"predecessor-version":[{"id":1282,"href":"https:\/\/agora.xtec.cat\/cfacastelldefels\/wp-json\/wp\/v2\/posts\/1249\/revisions\/1282"}],"wp:attachment":[{"href":"https:\/\/agora.xtec.cat\/cfacastelldefels\/wp-json\/wp\/v2\/media?parent=1249"}],"wp:term":[{"taxonomy":"category","embeddable":true,"href":"https:\/\/agora.xtec.cat\/cfacastelldefels\/wp-json\/wp\/v2\/categories?post=1249"},{"taxonomy":"post_tag","embeddable":true,"href":"https:\/\/agora.xtec.cat\/cfacastelldefels\/wp-json\/wp\/v2\/tags?post=1249"}],"curies":[{"name":"wp","href":"https:\/\/api.w.org\/{rel}","templated":true}]}}