{"id":1228,"date":"2017-06-22T22:21:52","date_gmt":"2017-06-22T20:21:52","guid":{"rendered":"http:\/\/agora.xtec.cat\/cfacastelldefels\/?p=1228"},"modified":"2017-06-22T22:24:58","modified_gmt":"2017-06-22T20:24:58","slug":"cfa-castelldefels-a-la-radio","status":"publish","type":"post","link":"https:\/\/agora.xtec.cat\/cfacastelldefels\/general\/cfa-castelldefels-a-la-radio\/","title":{"rendered":"CFA Castelldefels a la r\u00e0dio"},"content":{"rendered":"<p>El dijous 22 de juny a les 11.30 vam parlar a r\u00e0dio Castelldefels sobre l&#8217;oferta formativa i la preinscripci\u00f3 al centre de formaci\u00f3 d&#8217;adults. La periodista de la r\u00e0dio Ana va fer una entrevista al director del centre<\/p>\n<p>Podeu escoltar le podcast de l&#8217;entrevista al seg\u00fcent link \u00a0<a href=\"https:\/\/od.lk\/f\/Nl85MTQ2NjQ3M18\">https:\/\/od.lk\/f\/Nl85MTQ2NjQ3M18\u00a0<\/a><\/p>\n<p>recordeu que la preinscripci\u00f3 est\u00e0 oberta fins el dimarts 27.<\/p>\n<p><a href=\"https:\/\/www.facebook.com\/radio.castelldefels\/?fref=ts\"><img loading=\"lazy\" decoding=\"async\" class=\"alignnone size-full wp-image-1229\" src=\"http:\/\/agora.xtec.cat\/cfacastelldefels\/wp-content\/uploads\/usu251\/2017\/06\/Captura-de-pantalla-2017-06-22-a-les-22.17.06.png\" alt=\"Captura de pantalla 2017-06-22 a les 22.17.06\" width=\"465\" height=\"475\" srcset=\"https:\/\/agora.xtec.cat\/cfacastelldefels\/wp-content\/uploads\/usu251\/2017\/06\/Captura-de-pantalla-2017-06-22-a-les-22.17.06.png 465w, https:\/\/agora.xtec.cat\/cfacastelldefels\/wp-content\/uploads\/usu251\/2017\/06\/Captura-de-pantalla-2017-06-22-a-les-22.17.06-294x300.png 294w\" sizes=\"auto, (max-width: 465px) 100vw, 465px\" \/><\/a><\/p>\n<p>tamb\u00e9 la podreu trobar al facebook de r\u00e0dio Castelldefels o a la web a la carta entrevistes<\/p>\n","protected":false},"excerpt":{"rendered":"<p>El dijous 22 de juny a les 11.30 vam parlar a r\u00e0dio Castelldefels sobre l&#8217;oferta formativa i la preinscripci\u00f3 al centre de formaci\u00f3 d&#8217;adults. La periodista de la r\u00e0dio Ana va fer una entrevista al director del centre Podeu escoltar le podcast de l&#8217;entrevista al seg\u00fcent link \u00a0https:\/\/od.lk\/f\/Nl85MTQ2NjQ3M18\u00a0 recordeu que la preinscripci\u00f3 est\u00e0 oberta fins [&hellip;]<\/p>\n","protected":false},"author":1,"featured_media":1229,"comment_status":"open","ping_status":"closed","sticky":false,"template":"","format":"standard","meta":{"_bbp_topic_count":0,"_bbp_reply_count":0,"_bbp_total_topic_count":0,"_bbp_total_reply_count":0,"_bbp_voice_count":0,"_bbp_anonymous_reply_count":0,"_bbp_topic_count_hidden":0,"_bbp_reply_count_hidden":0,"_bbp_forum_subforum_count":0,"site-sidebar-layout":"default","site-content-layout":"","ast-site-content-layout":"","site-content-style":"default","site-sidebar-style":"default","ast-global-header-display":"","ast-banner-title-visibility":"","ast-main-header-display":"","ast-hfb-above-header-display":"","ast-hfb-below-header-display":"","ast-hfb-mobile-header-display":"","site-post-title":"","ast-breadcrumbs-content":"","ast-featured-img":"","footer-sml-layout":"","theme-transparent-header-meta":"","adv-header-id-meta":"","stick-header-meta":"","header-above-stick-meta":"","header-main-stick-meta":"","header-below-stick-meta":"","astra-migrate-meta-layouts":"default","ast-page-background-enabled":"default","ast-page-background-meta":{"desktop":{"background-color":"var(--ast-global-color-4)","background-image":"","background-repeat":"repeat","background-position":"center center","background-size":"auto","background-attachment":"scroll","background-type":"","background-media":"","overlay-type":"","overlay-color":"","overlay-opacity":"","overlay-gradient":""},"tablet":{"background-color":"","background-image":"","background-repeat":"repeat","background-position":"center center","background-size":"auto","background-attachment":"scroll","background-type":"","background-media":"","overlay-type":"","overlay-color":"","overlay-opacity":"","overlay-gradient":""},"mobile":{"background-color":"","background-image":"","background-repeat":"repeat","background-position":"center center","background-size":"auto","background-attachment":"scroll","background-type":"","background-media":"","overlay-type":"","overlay-color":"","overlay-opacity":"","overlay-gradient":""}},"ast-content-background-meta":{"desktop":{"background-color":"var(--ast-global-color-5)","background-image":"","background-repeat":"repeat","background-position":"center center","background-size":"auto","background-attachment":"scroll","background-type":"","background-media":"","overlay-type":"","overlay-color":"","overlay-opacity":"","overlay-gradient":""},"tablet":{"background-color":"var(--ast-global-color-5)","background-image":"","background-repeat":"repeat","background-position":"center center","background-size":"auto","background-attachment":"scroll","background-type":"","background-media":"","overlay-type":"","overlay-color":"","overlay-opacity":"","overlay-gradient":""},"mobile":{"background-color":"var(--ast-global-color-5)","background-image":"","background-repeat":"repeat","background-position":"center center","background-size":"auto","background-attachment":"scroll","background-type":"","background-media":"","overlay-type":"","overlay-color":"","overlay-opacity":"","overlay-gradient":""}},"footnotes":""},"categories":[74,80,1,86,29],"tags":[118,117,120,121,119],"class_list":["post-1228","post","type-post","status-publish","format-standard","has-post-thumbnail","hentry","category-ajuntament","category-educacio","category-general","category-muralla-digital-revista","category-portada","tag-castelldefels","tag-cfacastelldefels","tag-entorn","tag-societat","tag-xarxa"],"post_mailing_queue_ids":[],"_links":{"self":[{"href":"https:\/\/agora.xtec.cat\/cfacastelldefels\/wp-json\/wp\/v2\/posts\/1228","targetHints":{"allow":["GET"]}}],"collection":[{"href":"https:\/\/agora.xtec.cat\/cfacastelldefels\/wp-json\/wp\/v2\/posts"}],"about":[{"href":"https:\/\/agora.xtec.cat\/cfacastelldefels\/wp-json\/wp\/v2\/types\/post"}],"author":[{"embeddable":true,"href":"https:\/\/agora.xtec.cat\/cfacastelldefels\/wp-json\/wp\/v2\/users\/1"}],"replies":[{"embeddable":true,"href":"https:\/\/agora.xtec.cat\/cfacastelldefels\/wp-json\/wp\/v2\/comments?post=1228"}],"version-history":[{"count":2,"href":"https:\/\/agora.xtec.cat\/cfacastelldefels\/wp-json\/wp\/v2\/posts\/1228\/revisions"}],"predecessor-version":[{"id":1231,"href":"https:\/\/agora.xtec.cat\/cfacastelldefels\/wp-json\/wp\/v2\/posts\/1228\/revisions\/1231"}],"wp:featuredmedia":[{"embeddable":true,"href":"https:\/\/agora.xtec.cat\/cfacastelldefels\/wp-json\/wp\/v2\/media\/1229"}],"wp:attachment":[{"href":"https:\/\/agora.xtec.cat\/cfacastelldefels\/wp-json\/wp\/v2\/media?parent=1228"}],"wp:term":[{"taxonomy":"category","embeddable":true,"href":"https:\/\/agora.xtec.cat\/cfacastelldefels\/wp-json\/wp\/v2\/categories?post=1228"},{"taxonomy":"post_tag","embeddable":true,"href":"https:\/\/agora.xtec.cat\/cfacastelldefels\/wp-json\/wp\/v2\/tags?post=1228"}],"curies":[{"name":"wp","href":"https:\/\/api.w.org\/{rel}","templated":true}]}}