{"id":120,"date":"2014-09-19T09:24:00","date_gmt":"2014-09-19T09:24:00","guid":{"rendered":"http:\/\/agora.xtec.cat\/cfajverdaguercastelldefels\/\/?p=120"},"modified":"2016-03-28T17:46:06","modified_gmt":"2016-03-28T16:46:06","slug":"noticia-2","status":"publish","type":"post","link":"https:\/\/agora.xtec.cat\/cfacastelldefels\/general\/noticia-2\/","title":{"rendered":"Sortida Reus"},"content":{"rendered":"<p>Sortida Reus Juny dijous 11<br \/>\nSortida de Castelldefels 8,30<\/p>\n<p>Visita guiada de 10 a 13<\/p>\n<p>10,00h Sortida des de la Pla\u00e7a de les Oques \u00a0direcci\u00f3 Institut\u00a0Pere Mata, conjunt arquitect\u00f2nic modernista emblem\u00e0tic de la ciutat de Reus,\u00a0constru\u00eft l\u2019any 1897 per l\u2019arquitecte Llu\u00eds Dom\u00e8nech i Montaner. De tots els\u00a0pavellons, es visita el n\u00fam.6, que \u00e9s per la seva riquesa ornamental el de m\u00e9s\u00a0valor art\u00edstic, i tamb\u00e9 perqu\u00e8 conserva el mobiliari original.<\/p>\n<p>Recorregut \u00a0\u201cRuta del\u00a0Modernisme\u201d confeccionada pel Patronat Municipal de Turisme i Comer\u00e7 de\u00a0Reus, que consisteix en el comentari de diferents fa\u00e7anes com la Casa Gasull,\u00a0Casa Rull, i el Dispensari Antitubercul\u00f3s entre d\u2019altres. \u00a0La visita es reprendr\u00e0 direcci\u00f3 a la pla\u00e7a Mercadal, on podrem observar la\u00a0magn\u00edfica Casa Nav\u00e0s (no inclou visita interior). Obra de Llu\u00eds Dom\u00e8nech i\u00a0Montaner, declarada monument hist\u00f2ric art\u00edstic i potser la figura m\u00e9s important\u00a0del modernisme a Reus, i que conserva encara tot el mobiliari interior (obra de\u00a0Gaspar Homar). Aix\u00ed mateix comentarem l\u2019Ajuntament de Reus, important\u00a0edifici que des de l\u2019any 1600 est\u00e0 empla\u00e7at a la pla\u00e7a.\u00a0Per continuar el recorregut es visitar\u00e0 la Prioral de Sant Pere (**) (G\u00f2tic\u00a0renaixentista) junt amb el conjunt hist\u00f2ric de les Peixateries Velles i el seu\u00a0Campanar (**) .<\/p>\n<p>Visita guiada al Gaud\u00ed Centre Reus: un nou centre d\u2019interpretaci\u00f3 dedicat a la\u00a0figura del genial arquitecte reusenc Antoni Gaud\u00ed. Aquest nou centre permet\u00a0experimentar i comprendre les claus de l\u2019obra del genial arquitecte, descobrir la\u00a0formaci\u00f3 del seu geni creatiu i con\u00e8ixer la seva ciutat i l\u2019entorn que el va\u00a0inspirar. El Gaud\u00ed Centre vol ser tamb\u00e9 el reconeixement de la ciutat al seu fill\u00a0il\u00b7lustre m\u00e9s universal.<\/p>\n<p>13.00h Final de la visita<\/p>\n<p>Temps lliure i tornada cap a castelldefels sobre les 17.00<\/p>\n<p>&nbsp;<\/p>\n","protected":false},"excerpt":{"rendered":"<p>Sortida Reus Juny dijous 11 Sortida de Castelldefels 8,30 Visita guiada de 10 a 13 10,00h Sortida des de la Pla\u00e7a de les Oques \u00a0direcci\u00f3 Institut\u00a0Pere Mata, conjunt arquitect\u00f2nic modernista emblem\u00e0tic de la ciutat de Reus,\u00a0constru\u00eft l\u2019any 1897 per l\u2019arquitecte Llu\u00eds Dom\u00e8nech i Montaner. De tots els\u00a0pavellons, es visita el n\u00fam.6, que \u00e9s per la [&hellip;]<\/p>\n","protected":false},"author":1,"featured_media":0,"comment_status":"open","ping_status":"open","sticky":false,"template":"","format":"standard","meta":{"_bbp_topic_count":0,"_bbp_reply_count":0,"_bbp_total_topic_count":0,"_bbp_total_reply_count":0,"_bbp_voice_count":0,"_bbp_anonymous_reply_count":0,"_bbp_topic_count_hidden":0,"_bbp_reply_count_hidden":0,"_bbp_forum_subforum_count":0,"site-sidebar-layout":"default","site-content-layout":"","ast-site-content-layout":"","site-content-style":"default","site-sidebar-style":"default","ast-global-header-display":"","ast-banner-title-visibility":"","ast-main-header-display":"","ast-hfb-above-header-display":"","ast-hfb-below-header-display":"","ast-hfb-mobile-header-display":"","site-post-title":"","ast-breadcrumbs-content":"","ast-featured-img":"","footer-sml-layout":"","theme-transparent-header-meta":"","adv-header-id-meta":"","stick-header-meta":"","header-above-stick-meta":"","header-main-stick-meta":"","header-below-stick-meta":"","astra-migrate-meta-layouts":"default","ast-page-background-enabled":"default","ast-page-background-meta":{"desktop":{"background-color":"var(--ast-global-color-4)","background-image":"","background-repeat":"repeat","background-position":"center center","background-size":"auto","background-attachment":"scroll","background-type":"","background-media":"","overlay-type":"","overlay-color":"","overlay-opacity":"","overlay-gradient":""},"tablet":{"background-color":"","background-image":"","background-repeat":"repeat","background-position":"center center","background-size":"auto","background-attachment":"scroll","background-type":"","background-media":"","overlay-type":"","overlay-color":"","overlay-opacity":"","overlay-gradient":""},"mobile":{"background-color":"","background-image":"","background-repeat":"repeat","background-position":"center center","background-size":"auto","background-attachment":"scroll","background-type":"","background-media":"","overlay-type":"","overlay-color":"","overlay-opacity":"","overlay-gradient":""}},"ast-content-background-meta":{"desktop":{"background-color":"var(--ast-global-color-5)","background-image":"","background-repeat":"repeat","background-position":"center center","background-size":"auto","background-attachment":"scroll","background-type":"","background-media":"","overlay-type":"","overlay-color":"","overlay-opacity":"","overlay-gradient":""},"tablet":{"background-color":"var(--ast-global-color-5)","background-image":"","background-repeat":"repeat","background-position":"center center","background-size":"auto","background-attachment":"scroll","background-type":"","background-media":"","overlay-type":"","overlay-color":"","overlay-opacity":"","overlay-gradient":""},"mobile":{"background-color":"var(--ast-global-color-5)","background-image":"","background-repeat":"repeat","background-position":"center center","background-size":"auto","background-attachment":"scroll","background-type":"","background-media":"","overlay-type":"","overlay-color":"","overlay-opacity":"","overlay-gradient":""}},"footnotes":""},"categories":[1,86],"tags":[62,57],"class_list":["post-120","post","type-post","status-publish","format-standard","hentry","category-general","category-muralla-digital-revista","tag-activitat","tag-centre"],"post_mailing_queue_ids":[],"_links":{"self":[{"href":"https:\/\/agora.xtec.cat\/cfacastelldefels\/wp-json\/wp\/v2\/posts\/120","targetHints":{"allow":["GET"]}}],"collection":[{"href":"https:\/\/agora.xtec.cat\/cfacastelldefels\/wp-json\/wp\/v2\/posts"}],"about":[{"href":"https:\/\/agora.xtec.cat\/cfacastelldefels\/wp-json\/wp\/v2\/types\/post"}],"author":[{"embeddable":true,"href":"https:\/\/agora.xtec.cat\/cfacastelldefels\/wp-json\/wp\/v2\/users\/1"}],"replies":[{"embeddable":true,"href":"https:\/\/agora.xtec.cat\/cfacastelldefels\/wp-json\/wp\/v2\/comments?post=120"}],"version-history":[{"count":3,"href":"https:\/\/agora.xtec.cat\/cfacastelldefels\/wp-json\/wp\/v2\/posts\/120\/revisions"}],"predecessor-version":[{"id":545,"href":"https:\/\/agora.xtec.cat\/cfacastelldefels\/wp-json\/wp\/v2\/posts\/120\/revisions\/545"}],"wp:attachment":[{"href":"https:\/\/agora.xtec.cat\/cfacastelldefels\/wp-json\/wp\/v2\/media?parent=120"}],"wp:term":[{"taxonomy":"category","embeddable":true,"href":"https:\/\/agora.xtec.cat\/cfacastelldefels\/wp-json\/wp\/v2\/categories?post=120"},{"taxonomy":"post_tag","embeddable":true,"href":"https:\/\/agora.xtec.cat\/cfacastelldefels\/wp-json\/wp\/v2\/tags?post=120"}],"curies":[{"name":"wp","href":"https:\/\/api.w.org\/{rel}","templated":true}]}}