{"id":1171,"date":"2017-05-29T15:26:59","date_gmt":"2017-05-29T13:26:59","guid":{"rendered":"http:\/\/agora.xtec.cat\/cfacastelldefels\/?p=1171"},"modified":"2017-06-22T22:27:51","modified_gmt":"2017-06-22T20:27:51","slug":"las-joyas-del-castillo","status":"publish","type":"post","link":"https:\/\/agora.xtec.cat\/cfacastelldefels\/general\/las-joyas-del-castillo\/","title":{"rendered":"Las joyas del castillo"},"content":{"rendered":"<p>En la resvista &#8220;El Torre\u00f3&#8221; publicat pel GRUP DE RECERQUES HIST\u00d2RIQUES DE CASTELLDEFELS hem llegit un article de la nostra alumna d&#8217;angl\u00e8s 3 Lydia G\u00f3mez. En l&#8217;article ens parla de la tasca de restauraci\u00f3 dels vitralls del castell de Castelldefels.<br \/>\nUs reproduim uns quants par\u00e0grafs:<\/p>\n<p><em>Nos enfrentamos a un mont\u00f3n de vidrios y plomos rotos, maderas, cintas de precinto y suciedad diversa. <\/em><em>Como si se tratase de un yacimiento arqueol\u00f3gico, fuimos recuperando por capas y clasificando como: serie de figuras, medallones (p\u00e1jaros y copas) y sencillos motivos geom\u00e9tricos&#8230;.Manuel Girona encarga en 1897 las vidrieras al taller Rigalt-Granell, seguramente el mejor taller en la \u00e9poca. \u00c9poca de oro del \u201cvitrall\u201d en Barcelona&#8230;.En la restauraci\u00f3n del castillo por parte de la Diputaci\u00f3n en el 2004 se inclu\u00eda un proyecto de restaurar las vidrieras, pero en lugar de ello se \u201cmaltratan\u201d y se olvidan&#8230;.Los medallones se pueden restaurar y colocar de nuevo en las ventanas. A la dama y a la campesina designarles una sala del castillo donde exponerlas permanentemente, para que todos los habitantes de Castelldefels podamos conocer y disfrutarlas. Recuperar lo que son las joyas del Castillo.<\/em><\/p>\n<div id='gallery-1' class='gallery galleryid-1171 gallery-columns-3 gallery-size-medium'><figure class='gallery-item'>\n\t\t\t<div class='gallery-icon portrait'>\n\t\t\t\t<a href='https:\/\/agora.xtec.cat\/cfacastelldefels\/general\/las-joyas-del-castillo\/attachment\/virall2\/'><img loading=\"lazy\" decoding=\"async\" width=\"237\" height=\"300\" src=\"https:\/\/agora.xtec.cat\/cfacastelldefels\/wp-content\/uploads\/usu251\/2017\/05\/virall2-237x300.png\" class=\"attachment-medium size-medium\" alt=\"\" srcset=\"https:\/\/agora.xtec.cat\/cfacastelldefels\/wp-content\/uploads\/usu251\/2017\/05\/virall2-237x300.png 237w, https:\/\/agora.xtec.cat\/cfacastelldefels\/wp-content\/uploads\/usu251\/2017\/05\/virall2.png 470w\" sizes=\"auto, (max-width: 237px) 100vw, 237px\" \/><\/a>\n\t\t\t<\/div><\/figure><figure class='gallery-item'>\n\t\t\t<div class='gallery-icon portrait'>\n\t\t\t\t<a href='https:\/\/agora.xtec.cat\/cfacastelldefels\/general\/las-joyas-del-castillo\/attachment\/vitrall3\/'><img loading=\"lazy\" decoding=\"async\" width=\"224\" height=\"300\" src=\"https:\/\/agora.xtec.cat\/cfacastelldefels\/wp-content\/uploads\/usu251\/2017\/05\/vitrall3-224x300.png\" class=\"attachment-medium size-medium\" alt=\"\" srcset=\"https:\/\/agora.xtec.cat\/cfacastelldefels\/wp-content\/uploads\/usu251\/2017\/05\/vitrall3-224x300.png 224w, https:\/\/agora.xtec.cat\/cfacastelldefels\/wp-content\/uploads\/usu251\/2017\/05\/vitrall3.png 542w\" sizes=\"auto, (max-width: 224px) 100vw, 224px\" \/><\/a>\n\t\t\t<\/div><\/figure><figure class='gallery-item'>\n\t\t\t<div class='gallery-icon landscape'>\n\t\t\t\t<a href='https:\/\/agora.xtec.cat\/cfacastelldefels\/general\/las-joyas-del-castillo\/attachment\/vitrall1\/'><img loading=\"lazy\" decoding=\"async\" width=\"300\" height=\"178\" src=\"https:\/\/agora.xtec.cat\/cfacastelldefels\/wp-content\/uploads\/usu251\/2017\/05\/vitrall1-300x178.png\" class=\"attachment-medium size-medium\" alt=\"\" aria-describedby=\"gallery-1-1172\" srcset=\"https:\/\/agora.xtec.cat\/cfacastelldefels\/wp-content\/uploads\/usu251\/2017\/05\/vitrall1-300x178.png 300w, https:\/\/agora.xtec.cat\/cfacastelldefels\/wp-content\/uploads\/usu251\/2017\/05\/vitrall1-768x455.png 768w, https:\/\/agora.xtec.cat\/cfacastelldefels\/wp-content\/uploads\/usu251\/2017\/05\/vitrall1.png 782w\" sizes=\"auto, (max-width: 300px) 100vw, 300px\" \/><\/a>\n\t\t\t<\/div>\n\t\t\t\t<figcaption class='wp-caption-text gallery-caption' id='gallery-1-1172'>\n\t\t\t\tvitralls castell\n\t\t\t\t<\/figcaption><\/figure>\n\t\t<\/div>\n\n<p>&nbsp;<\/p>\n<p>&nbsp;<\/p>\n","protected":false},"excerpt":{"rendered":"<p>En la resvista &#8220;El Torre\u00f3&#8221; publicat pel GRUP DE RECERQUES HIST\u00d2RIQUES DE CASTELLDEFELS hem llegit un article de la nostra alumna d&#8217;angl\u00e8s 3 Lydia G\u00f3mez. En l&#8217;article ens parla de la tasca de restauraci\u00f3 dels vitralls del castell de Castelldefels. Us reproduim uns quants par\u00e0grafs: Nos enfrentamos a un mont\u00f3n de vidrios y plomos rotos, [&hellip;]<\/p>\n","protected":false},"author":1,"featured_media":1174,"comment_status":"open","ping_status":"closed","sticky":false,"template":"","format":"standard","meta":{"_bbp_topic_count":0,"_bbp_reply_count":0,"_bbp_total_topic_count":0,"_bbp_total_reply_count":0,"_bbp_voice_count":0,"_bbp_anonymous_reply_count":0,"_bbp_topic_count_hidden":0,"_bbp_reply_count_hidden":0,"_bbp_forum_subforum_count":0,"site-sidebar-layout":"default","site-content-layout":"","ast-site-content-layout":"","site-content-style":"default","site-sidebar-style":"default","ast-global-header-display":"","ast-banner-title-visibility":"","ast-main-header-display":"","ast-hfb-above-header-display":"","ast-hfb-below-header-display":"","ast-hfb-mobile-header-display":"","site-post-title":"","ast-breadcrumbs-content":"","ast-featured-img":"","footer-sml-layout":"","theme-transparent-header-meta":"","adv-header-id-meta":"","stick-header-meta":"","header-above-stick-meta":"","header-main-stick-meta":"","header-below-stick-meta":"","astra-migrate-meta-layouts":"default","ast-page-background-enabled":"default","ast-page-background-meta":{"desktop":{"background-color":"var(--ast-global-color-4)","background-image":"","background-repeat":"repeat","background-position":"center center","background-size":"auto","background-attachment":"scroll","background-type":"","background-media":"","overlay-type":"","overlay-color":"","overlay-opacity":"","overlay-gradient":""},"tablet":{"background-color":"","background-image":"","background-repeat":"repeat","background-position":"center center","background-size":"auto","background-attachment":"scroll","background-type":"","background-media":"","overlay-type":"","overlay-color":"","overlay-opacity":"","overlay-gradient":""},"mobile":{"background-color":"","background-image":"","background-repeat":"repeat","background-position":"center center","background-size":"auto","background-attachment":"scroll","background-type":"","background-media":"","overlay-type":"","overlay-color":"","overlay-opacity":"","overlay-gradient":""}},"ast-content-background-meta":{"desktop":{"background-color":"var(--ast-global-color-5)","background-image":"","background-repeat":"repeat","background-position":"center center","background-size":"auto","background-attachment":"scroll","background-type":"","background-media":"","overlay-type":"","overlay-color":"","overlay-opacity":"","overlay-gradient":""},"tablet":{"background-color":"var(--ast-global-color-5)","background-image":"","background-repeat":"repeat","background-position":"center center","background-size":"auto","background-attachment":"scroll","background-type":"","background-media":"","overlay-type":"","overlay-color":"","overlay-opacity":"","overlay-gradient":""},"mobile":{"background-color":"var(--ast-global-color-5)","background-image":"","background-repeat":"repeat","background-position":"center center","background-size":"auto","background-attachment":"scroll","background-type":"","background-media":"","overlay-type":"","overlay-color":"","overlay-opacity":"","overlay-gradient":""}},"footnotes":""},"categories":[74,1,86,29],"tags":[124,117,120,119],"class_list":["post-1171","post","type-post","status-publish","format-standard","has-post-thumbnail","hentry","category-ajuntament","category-general","category-muralla-digital-revista","category-portada","tag-agendacultutral","tag-cfacastelldefels","tag-entorn","tag-xarxa"],"post_mailing_queue_ids":[],"_links":{"self":[{"href":"https:\/\/agora.xtec.cat\/cfacastelldefels\/wp-json\/wp\/v2\/posts\/1171","targetHints":{"allow":["GET"]}}],"collection":[{"href":"https:\/\/agora.xtec.cat\/cfacastelldefels\/wp-json\/wp\/v2\/posts"}],"about":[{"href":"https:\/\/agora.xtec.cat\/cfacastelldefels\/wp-json\/wp\/v2\/types\/post"}],"author":[{"embeddable":true,"href":"https:\/\/agora.xtec.cat\/cfacastelldefels\/wp-json\/wp\/v2\/users\/1"}],"replies":[{"embeddable":true,"href":"https:\/\/agora.xtec.cat\/cfacastelldefels\/wp-json\/wp\/v2\/comments?post=1171"}],"version-history":[{"count":1,"href":"https:\/\/agora.xtec.cat\/cfacastelldefels\/wp-json\/wp\/v2\/posts\/1171\/revisions"}],"predecessor-version":[{"id":1175,"href":"https:\/\/agora.xtec.cat\/cfacastelldefels\/wp-json\/wp\/v2\/posts\/1171\/revisions\/1175"}],"wp:featuredmedia":[{"embeddable":true,"href":"https:\/\/agora.xtec.cat\/cfacastelldefels\/wp-json\/wp\/v2\/media\/1174"}],"wp:attachment":[{"href":"https:\/\/agora.xtec.cat\/cfacastelldefels\/wp-json\/wp\/v2\/media?parent=1171"}],"wp:term":[{"taxonomy":"category","embeddable":true,"href":"https:\/\/agora.xtec.cat\/cfacastelldefels\/wp-json\/wp\/v2\/categories?post=1171"},{"taxonomy":"post_tag","embeddable":true,"href":"https:\/\/agora.xtec.cat\/cfacastelldefels\/wp-json\/wp\/v2\/tags?post=1171"}],"curies":[{"name":"wp","href":"https:\/\/api.w.org\/{rel}","templated":true}]}}