{"id":1163,"date":"2017-04-28T14:54:34","date_gmt":"2017-04-28T12:54:34","guid":{"rendered":"http:\/\/agora.xtec.cat\/cfacastelldefels\/?p=1163"},"modified":"2017-06-22T22:29:29","modified_gmt":"2017-06-22T20:29:29","slug":"cronica-de-la-salida-al-museo-de-las-minas-prehistoricas-de-gava","status":"publish","type":"post","link":"https:\/\/agora.xtec.cat\/cfacastelldefels\/general\/cronica-de-la-salida-al-museo-de-las-minas-prehistoricas-de-gava\/","title":{"rendered":"CR\u00d3NICA DE LA SALIDA AL MUSEO DE LAS MINAS PREHIST\u00d3RICAS DE GAV\u00c1"},"content":{"rendered":"<p><a href=\"http:\/\/agora.xtec.cat\/cfacastelldefels\/wp-content\/uploads\/usu251\/2017\/04\/IMG_20170406_155558.jpg\"><img loading=\"lazy\" decoding=\"async\" class=\"alignnone size-large wp-image-1164\" src=\"http:\/\/agora.xtec.cat\/cfacastelldefels\/wp-content\/uploads\/usu251\/2017\/04\/IMG_20170406_155558-1024x768.jpg\" alt=\"IMG_20170406_155558\" width=\"1024\" height=\"768\" srcset=\"https:\/\/agora.xtec.cat\/cfacastelldefels\/wp-content\/uploads\/usu251\/2017\/04\/IMG_20170406_155558-1024x768.jpg 1024w, https:\/\/agora.xtec.cat\/cfacastelldefels\/wp-content\/uploads\/usu251\/2017\/04\/IMG_20170406_155558-300x225.jpg 300w, https:\/\/agora.xtec.cat\/cfacastelldefels\/wp-content\/uploads\/usu251\/2017\/04\/IMG_20170406_155558-768x576.jpg 768w, https:\/\/agora.xtec.cat\/cfacastelldefels\/wp-content\/uploads\/usu251\/2017\/04\/IMG_20170406_155558-200x150.jpg 200w\" sizes=\"auto, (max-width: 1024px) 100vw, 1024px\" \/><\/a><\/p>\n<p>Era un d\u00eda luminoso y despejado, aunque el d\u00eda anterior hab\u00eda llovido copiosamente. Como hab\u00edamos quedado en la entrada de la estaci\u00f3n a las 15 horas, nos reunimos la mayor\u00eda para esperar a los \u00faltimos en llegar. A las 15.10 horas entramos al and\u00e9n para coger el tren que nos llevar\u00eda a Gav\u00e1, ciudad que alberga el museo que \u00edbamos a visitar.<br \/>\nYa en el destino, todav\u00eda nos quedaba un buen rato andando, subiendo la rambla donde se encontraba el Museo Arqueol\u00f3gico de Gav\u00e1. Llegamos con tiempo de sobra, as\u00ed que decidimos tomar algo en una cafeter\u00eda cercana al lugar. Despu\u00e9s de que la profesora nos tomara una foto para inmortalizar el momento, procedimos a entrar al museo.<br \/>\nEl gu\u00eda que nos iba a acompa\u00f1ar por el museo nos inform\u00f3 de que deb\u00edamos depositar los bolsos en un carro, cosas del protocolo, por otro lado justificable. Seguidamente, nos coment\u00f3 brevemente el acontecimiento del descubrimiento de las minas y que estaba a nuestra disposici\u00f3n para contestar a cualquier pregunta sobre la historia del Neol\u00edtico (periodo al cual pertenecen dichas minas).<br \/>\nEntramos en una sala donde hab\u00eda una vitrina con una especie de roca de color verde azulado y se escuchaba una voz explicando todos los precedentes al descubrimiento, mientras en una gran pantalla se proyectaba un video en el cual se ve\u00edan im\u00e1genes de dicho descubrimiento.<br \/>\nAl acabar, el gu\u00eda nos condujo a otra gran sala con diferentes m\u00f3dulos con vitrinas en las que se expon\u00edan los diferentes elementos del Neol\u00edtico, como parte de esqueletos, diferentes tipos de vasijas de la \u00e9poca y ornamentos realizados con variscita (un mineral muy apreciado por los habitantes de aquel tiempo).<br \/>\nAunque lo que m\u00e1s impresionaba era los grandes pasadizos formados por los t\u00faneles subterr\u00e1neos excavados hace aproximadamente 6000 a\u00f1os.<br \/>\nEl gu\u00eda nos mostr\u00f3 diferentes piezas del Neol\u00edtico para explicarnos c\u00f3mo se las ingeniaban entonces para sobrevivir. Entre dichas piezas hab\u00eda una especie de puntas de lanza fabricadas con s\u00edlex (un mineral), varios collares hechos con variscita y una piedra pulida y moldeada para, con grasa animal, poder mantener el fuego encendido para alumbrarse. Tambi\u00e9n fue impresionante descubrir que en aquella \u00e9poca ya se utilizaban ciertos tipos de medicamentos, como por ejemplo el opio.<br \/>\nSeguidamente, entramos en otra sala donde pudimos ver una recreaci\u00f3n tridimensional del modo de vida de los antiguos habitantes y los hologramas en miniatura fueron una grata sorpresa. En otra sala, se proyect\u00f3 un mini documental sobre c\u00f3mo se organizaban en su vida y c\u00f3mo enterraban a sus muertos.<br \/>\nNos explicaron el poder que ejerc\u00eda (o que ellos consideraban que ejerc\u00eda) la variscita sobre los fallecidos. Pensaban que los ayudaba a la regeneraci\u00f3n, a la vuelta a la vida, debido a su color verde, igual al de la naturaleza que se renueva a\u00f1o tras a\u00f1o.<br \/>\nAlgunos de los que \u00edbamos aprovechamos para hacernos fotos en las cuevas y al acercarnos a la salida algunos se despistaron y se fueron por otro pasillo, aunque el gu\u00eda se percat\u00f3 y volvi\u00f3 para alertarles.<br \/>\nMar\u00eda Marchal<br \/>\nGES 2<\/p>\n","protected":false},"excerpt":{"rendered":"<p>Era un d\u00eda luminoso y despejado, aunque el d\u00eda anterior hab\u00eda llovido copiosamente. Como hab\u00edamos quedado en la entrada de la estaci\u00f3n a las 15 horas, nos reunimos la mayor\u00eda para esperar a los \u00faltimos en llegar. A las 15.10 horas entramos al and\u00e9n para coger el tren que nos llevar\u00eda a Gav\u00e1, ciudad que [&hellip;]<\/p>\n","protected":false},"author":1,"featured_media":1164,"comment_status":"open","ping_status":"closed","sticky":false,"template":"","format":"standard","meta":{"_bbp_topic_count":0,"_bbp_reply_count":0,"_bbp_total_topic_count":0,"_bbp_total_reply_count":0,"_bbp_voice_count":0,"_bbp_anonymous_reply_count":0,"_bbp_topic_count_hidden":0,"_bbp_reply_count_hidden":0,"_bbp_forum_subforum_count":0,"site-sidebar-layout":"default","site-content-layout":"","ast-site-content-layout":"","site-content-style":"default","site-sidebar-style":"default","ast-global-header-display":"","ast-banner-title-visibility":"","ast-main-header-display":"","ast-hfb-above-header-display":"","ast-hfb-below-header-display":"","ast-hfb-mobile-header-display":"","site-post-title":"","ast-breadcrumbs-content":"","ast-featured-img":"","footer-sml-layout":"","theme-transparent-header-meta":"","adv-header-id-meta":"","stick-header-meta":"","header-above-stick-meta":"","header-main-stick-meta":"","header-below-stick-meta":"","astra-migrate-meta-layouts":"default","ast-page-background-enabled":"default","ast-page-background-meta":{"desktop":{"background-color":"var(--ast-global-color-4)","background-image":"","background-repeat":"repeat","background-position":"center center","background-size":"auto","background-attachment":"scroll","background-type":"","background-media":"","overlay-type":"","overlay-color":"","overlay-opacity":"","overlay-gradient":""},"tablet":{"background-color":"","background-image":"","background-repeat":"repeat","background-position":"center center","background-size":"auto","background-attachment":"scroll","background-type":"","background-media":"","overlay-type":"","overlay-color":"","overlay-opacity":"","overlay-gradient":""},"mobile":{"background-color":"","background-image":"","background-repeat":"repeat","background-position":"center center","background-size":"auto","background-attachment":"scroll","background-type":"","background-media":"","overlay-type":"","overlay-color":"","overlay-opacity":"","overlay-gradient":""}},"ast-content-background-meta":{"desktop":{"background-color":"var(--ast-global-color-5)","background-image":"","background-repeat":"repeat","background-position":"center center","background-size":"auto","background-attachment":"scroll","background-type":"","background-media":"","overlay-type":"","overlay-color":"","overlay-opacity":"","overlay-gradient":""},"tablet":{"background-color":"var(--ast-global-color-5)","background-image":"","background-repeat":"repeat","background-position":"center center","background-size":"auto","background-attachment":"scroll","background-type":"","background-media":"","overlay-type":"","overlay-color":"","overlay-opacity":"","overlay-gradient":""},"mobile":{"background-color":"var(--ast-global-color-5)","background-image":"","background-repeat":"repeat","background-position":"center center","background-size":"auto","background-attachment":"scroll","background-type":"","background-media":"","overlay-type":"","overlay-color":"","overlay-opacity":"","overlay-gradient":""}},"footnotes":""},"categories":[1,70,86,29],"tags":[124,117,58,123,116,39],"class_list":["post-1163","post","type-post","status-publish","format-standard","has-post-thumbnail","hentry","category-general","category-ges","category-muralla-digital-revista","category-portada","tag-agendacultutral","tag-cfacastelldefels","tag-ges","tag-interculturalitat","tag-museu","tag-sortides"],"post_mailing_queue_ids":[],"_links":{"self":[{"href":"https:\/\/agora.xtec.cat\/cfacastelldefels\/wp-json\/wp\/v2\/posts\/1163","targetHints":{"allow":["GET"]}}],"collection":[{"href":"https:\/\/agora.xtec.cat\/cfacastelldefels\/wp-json\/wp\/v2\/posts"}],"about":[{"href":"https:\/\/agora.xtec.cat\/cfacastelldefels\/wp-json\/wp\/v2\/types\/post"}],"author":[{"embeddable":true,"href":"https:\/\/agora.xtec.cat\/cfacastelldefels\/wp-json\/wp\/v2\/users\/1"}],"replies":[{"embeddable":true,"href":"https:\/\/agora.xtec.cat\/cfacastelldefels\/wp-json\/wp\/v2\/comments?post=1163"}],"version-history":[{"count":2,"href":"https:\/\/agora.xtec.cat\/cfacastelldefels\/wp-json\/wp\/v2\/posts\/1163\/revisions"}],"predecessor-version":[{"id":1232,"href":"https:\/\/agora.xtec.cat\/cfacastelldefels\/wp-json\/wp\/v2\/posts\/1163\/revisions\/1232"}],"wp:featuredmedia":[{"embeddable":true,"href":"https:\/\/agora.xtec.cat\/cfacastelldefels\/wp-json\/wp\/v2\/media\/1164"}],"wp:attachment":[{"href":"https:\/\/agora.xtec.cat\/cfacastelldefels\/wp-json\/wp\/v2\/media?parent=1163"}],"wp:term":[{"taxonomy":"category","embeddable":true,"href":"https:\/\/agora.xtec.cat\/cfacastelldefels\/wp-json\/wp\/v2\/categories?post=1163"},{"taxonomy":"post_tag","embeddable":true,"href":"https:\/\/agora.xtec.cat\/cfacastelldefels\/wp-json\/wp\/v2\/tags?post=1163"}],"curies":[{"name":"wp","href":"https:\/\/api.w.org\/{rel}","templated":true}]}}