{"id":1120,"date":"2017-03-03T14:40:04","date_gmt":"2017-03-03T13:40:04","guid":{"rendered":"http:\/\/agora.xtec.cat\/cfacastelldefels\/?p=1120"},"modified":"2017-06-22T22:32:25","modified_gmt":"2017-06-22T20:32:25","slug":"vine-al-teatre-amb-el-cfa","status":"publish","type":"post","link":"https:\/\/agora.xtec.cat\/cfacastelldefels\/general\/vine-al-teatre-amb-el-cfa\/","title":{"rendered":"Vine al teatre amb el CFA!"},"content":{"rendered":"<p>El proper dijous 30 de mar\u00e7 hem organitzat una sortida al Teatre Lliure de Montju\u00efc.<br \/>\nAnirem a veure l&#8217;obra &#8220;L&#8217;\u00e0nec salvatge&#8221;, una adaptaci\u00f3 del text d&#8217;Ibsen dirigida per Julio Manrique.<br \/>\nSi voleu venir, feu-ho saber al vostre\/a tutor\/a i pagueu 3 euros.<\/p>\n<p>Obra: L&#8217;\u00e0nec salvatge<br \/>\nLloc: Teatre Lliure de Montju\u00efc (Barcelona)<br \/>\nDia: dijous 30 mar\u00e7<br \/>\nHora: 20:30<br \/>\nPreu: 15-29 euros (l&#8217;alumnat paga 3 euros)<\/p>\n<p><a href=\"http:\/\/agora.xtec.cat\/cfacastelldefels\/wp-content\/uploads\/usu251\/2017\/03\/lanec_esp2.jpg\"><img loading=\"lazy\" decoding=\"async\" class=\"alignnone size-medium wp-image-1122\" src=\"http:\/\/agora.xtec.cat\/cfacastelldefels\/wp-content\/uploads\/usu251\/2017\/03\/lanec_esp2-300x132.jpg\" alt=\"lanec_esp2\" width=\"300\" height=\"132\" srcset=\"https:\/\/agora.xtec.cat\/cfacastelldefels\/wp-content\/uploads\/usu251\/2017\/03\/lanec_esp2-300x132.jpg 300w, https:\/\/agora.xtec.cat\/cfacastelldefels\/wp-content\/uploads\/usu251\/2017\/03\/lanec_esp2.jpg 725w\" sizes=\"auto, (max-width: 300px) 100vw, 300px\" \/><\/a><\/p>\n","protected":false},"excerpt":{"rendered":"<p>El proper dijous 30 de mar\u00e7 hem organitzat una sortida al Teatre Lliure de Montju\u00efc. Anirem a veure l&#8217;obra &#8220;L&#8217;\u00e0nec salvatge&#8221;, una adaptaci\u00f3 del text d&#8217;Ibsen dirigida per Julio Manrique. Si voleu venir, feu-ho saber al vostre\/a tutor\/a i pagueu 3 euros. Obra: L&#8217;\u00e0nec salvatge Lloc: Teatre Lliure de Montju\u00efc (Barcelona) Dia: dijous 30 mar\u00e7 [&hellip;]<\/p>\n","protected":false},"author":1,"featured_media":1122,"comment_status":"open","ping_status":"closed","sticky":false,"template":"","format":"standard","meta":{"_bbp_topic_count":0,"_bbp_reply_count":0,"_bbp_total_topic_count":0,"_bbp_total_reply_count":0,"_bbp_voice_count":0,"_bbp_anonymous_reply_count":0,"_bbp_topic_count_hidden":0,"_bbp_reply_count_hidden":0,"_bbp_forum_subforum_count":0,"site-sidebar-layout":"default","site-content-layout":"","ast-site-content-layout":"","site-content-style":"default","site-sidebar-style":"default","ast-global-header-display":"","ast-banner-title-visibility":"","ast-main-header-display":"","ast-hfb-above-header-display":"","ast-hfb-below-header-display":"","ast-hfb-mobile-header-display":"","site-post-title":"","ast-breadcrumbs-content":"","ast-featured-img":"","footer-sml-layout":"","theme-transparent-header-meta":"","adv-header-id-meta":"","stick-header-meta":"","header-above-stick-meta":"","header-main-stick-meta":"","header-below-stick-meta":"","astra-migrate-meta-layouts":"default","ast-page-background-enabled":"default","ast-page-background-meta":{"desktop":{"background-color":"var(--ast-global-color-4)","background-image":"","background-repeat":"repeat","background-position":"center center","background-size":"auto","background-attachment":"scroll","background-type":"","background-media":"","overlay-type":"","overlay-color":"","overlay-opacity":"","overlay-gradient":""},"tablet":{"background-color":"","background-image":"","background-repeat":"repeat","background-position":"center center","background-size":"auto","background-attachment":"scroll","background-type":"","background-media":"","overlay-type":"","overlay-color":"","overlay-opacity":"","overlay-gradient":""},"mobile":{"background-color":"","background-image":"","background-repeat":"repeat","background-position":"center center","background-size":"auto","background-attachment":"scroll","background-type":"","background-media":"","overlay-type":"","overlay-color":"","overlay-opacity":"","overlay-gradient":""}},"ast-content-background-meta":{"desktop":{"background-color":"var(--ast-global-color-5)","background-image":"","background-repeat":"repeat","background-position":"center center","background-size":"auto","background-attachment":"scroll","background-type":"","background-media":"","overlay-type":"","overlay-color":"","overlay-opacity":"","overlay-gradient":""},"tablet":{"background-color":"var(--ast-global-color-5)","background-image":"","background-repeat":"repeat","background-position":"center center","background-size":"auto","background-attachment":"scroll","background-type":"","background-media":"","overlay-type":"","overlay-color":"","overlay-opacity":"","overlay-gradient":""},"mobile":{"background-color":"var(--ast-global-color-5)","background-image":"","background-repeat":"repeat","background-position":"center center","background-size":"auto","background-attachment":"scroll","background-type":"","background-media":"","overlay-type":"","overlay-color":"","overlay-opacity":"","overlay-gradient":""}},"footnotes":""},"categories":[1,70,86,29],"tags":[62,127,117,58,123,40],"class_list":["post-1120","post","type-post","status-publish","format-standard","has-post-thumbnail","hentry","category-general","category-ges","category-muralla-digital-revista","category-portada","tag-activitat","tag-agendacultural","tag-cfacastelldefels","tag-ges","tag-interculturalitat","tag-teatre"],"post_mailing_queue_ids":[],"_links":{"self":[{"href":"https:\/\/agora.xtec.cat\/cfacastelldefels\/wp-json\/wp\/v2\/posts\/1120","targetHints":{"allow":["GET"]}}],"collection":[{"href":"https:\/\/agora.xtec.cat\/cfacastelldefels\/wp-json\/wp\/v2\/posts"}],"about":[{"href":"https:\/\/agora.xtec.cat\/cfacastelldefels\/wp-json\/wp\/v2\/types\/post"}],"author":[{"embeddable":true,"href":"https:\/\/agora.xtec.cat\/cfacastelldefels\/wp-json\/wp\/v2\/users\/1"}],"replies":[{"embeddable":true,"href":"https:\/\/agora.xtec.cat\/cfacastelldefels\/wp-json\/wp\/v2\/comments?post=1120"}],"version-history":[{"count":2,"href":"https:\/\/agora.xtec.cat\/cfacastelldefels\/wp-json\/wp\/v2\/posts\/1120\/revisions"}],"predecessor-version":[{"id":1132,"href":"https:\/\/agora.xtec.cat\/cfacastelldefels\/wp-json\/wp\/v2\/posts\/1120\/revisions\/1132"}],"wp:featuredmedia":[{"embeddable":true,"href":"https:\/\/agora.xtec.cat\/cfacastelldefels\/wp-json\/wp\/v2\/media\/1122"}],"wp:attachment":[{"href":"https:\/\/agora.xtec.cat\/cfacastelldefels\/wp-json\/wp\/v2\/media?parent=1120"}],"wp:term":[{"taxonomy":"category","embeddable":true,"href":"https:\/\/agora.xtec.cat\/cfacastelldefels\/wp-json\/wp\/v2\/categories?post=1120"},{"taxonomy":"post_tag","embeddable":true,"href":"https:\/\/agora.xtec.cat\/cfacastelldefels\/wp-json\/wp\/v2\/tags?post=1120"}],"curies":[{"name":"wp","href":"https:\/\/api.w.org\/{rel}","templated":true}]}}