{"id":1103,"date":"2017-02-23T18:42:56","date_gmt":"2017-02-23T17:42:56","guid":{"rendered":"http:\/\/agora.xtec.cat\/cfacastelldefels\/?p=1103"},"modified":"2017-02-23T18:42:56","modified_gmt":"2017-02-23T17:42:56","slug":"proves-lliures-graduat-secundaria-18","status":"publish","type":"post","link":"https:\/\/agora.xtec.cat\/cfacastelldefels\/general\/proves-lliures-graduat-secundaria-18\/","title":{"rendered":"Proves lliures graduat secund\u00e0ria +18"},"content":{"rendered":"<p>Graduat en educaci\u00f3 secund\u00e0ria obligat\u00f2ria (majors de 18 anys)<\/p>\n<p>SEGONA CONVOCAT\u00d2RIA<\/p>\n<p><strong>Inscripci\u00f3<\/strong><\/p>\n<p>&#8211; Termini: <strong>del 24 de febrer (a partir de les 9 h) a l&#8217;1 de mar\u00e7 de 2017<\/strong><br \/>\n&#8211;\u00a0Presentaci\u00f3 de la documentaci\u00f3 de l&#8217;exempci\u00f3 de la llengua catalana, si escau: del 24 de febrer a l&#8217;1 de mar\u00e7 de 2017<br \/>\n&#8211;\u00a0Llista provisional d&#8217;admesos i exclosos: a partir del 10 de mar\u00e7 de 2017<br \/>\n&#8211; Presentaci\u00f3 de reclamacions i\/o documentaci\u00f3 justificativa de la convalidaci\u00f3 d&#8217;\u00e0mbits: del 13 al 15 de mar\u00e7 de 2017<br \/>\n&#8211;\u00a0Llista definitiva d&#8217;admesos i exclosos: a partir del 29 de mar\u00e7 de 2017<\/p>\n<p><strong>Prova<\/strong><\/p>\n<p>6\u00a0d&#8217;abril de 2017<\/p>\n<p>9.30\u00a0a\u00a010 h: verificaci\u00f3 de la identitat dels aspirants<br \/>\n10\u00a0a\u00a013 h: examen de l\u2019\u00e0mbit cientificotecnol\u00f2gic<br \/>\n15 a 15.30 h: verificaci\u00f3 de la identitat dels aspirants<br \/>\n15.30\u00a0a\u00a017.30 h: examen de l\u2019\u00e0mbit social<\/p>\n<p>7\u00a0d&#8217;abril de 2017<\/p>\n<p>9.30\u00a0a\u00a010 h: verificaci\u00f3 de la identitat dels aspirant<br \/>\n10\u00a0a\u00a014 h: examen de l\u2019\u00e0mbit de la comunicaci\u00f3<\/p>\n<p><strong>Qualificacions<\/strong><\/p>\n<p>&#8211; Provisionals: a partir del 4 de maig de 2017<br \/>\n&#8211;\u00a0Presentaci\u00f3 de reclamacions: del 5 al 9\u00a0de maig de 2017<br \/>\n&#8211;\u00a0Definitives: a partir del 17 de maig de 2017<\/p>\n<p>&nbsp;<\/p>\n","protected":false},"excerpt":{"rendered":"<p>Graduat en educaci\u00f3 secund\u00e0ria obligat\u00f2ria (majors de 18 anys) SEGONA CONVOCAT\u00d2RIA Inscripci\u00f3 &#8211; Termini: del 24 de febrer (a partir de les 9 h) a l&#8217;1 de mar\u00e7 de 2017 &#8211;\u00a0Presentaci\u00f3 de la documentaci\u00f3 de l&#8217;exempci\u00f3 de la llengua catalana, si escau: del 24 de febrer a l&#8217;1 de mar\u00e7 de 2017 &#8211;\u00a0Llista provisional d&#8217;admesos [&hellip;]<\/p>\n","protected":false},"author":1,"featured_media":0,"comment_status":"open","ping_status":"open","sticky":false,"template":"","format":"standard","meta":{"_bbp_topic_count":0,"_bbp_reply_count":0,"_bbp_total_topic_count":0,"_bbp_total_reply_count":0,"_bbp_voice_count":0,"_bbp_anonymous_reply_count":0,"_bbp_topic_count_hidden":0,"_bbp_reply_count_hidden":0,"_bbp_forum_subforum_count":0,"site-sidebar-layout":"default","site-content-layout":"","ast-site-content-layout":"","site-content-style":"default","site-sidebar-style":"default","ast-global-header-display":"","ast-banner-title-visibility":"","ast-main-header-display":"","ast-hfb-above-header-display":"","ast-hfb-below-header-display":"","ast-hfb-mobile-header-display":"","site-post-title":"","ast-breadcrumbs-content":"","ast-featured-img":"","footer-sml-layout":"","theme-transparent-header-meta":"","adv-header-id-meta":"","stick-header-meta":"","header-above-stick-meta":"","header-main-stick-meta":"","header-below-stick-meta":"","astra-migrate-meta-layouts":"default","ast-page-background-enabled":"default","ast-page-background-meta":{"desktop":{"background-color":"var(--ast-global-color-4)","background-image":"","background-repeat":"repeat","background-position":"center center","background-size":"auto","background-attachment":"scroll","background-type":"","background-media":"","overlay-type":"","overlay-color":"","overlay-opacity":"","overlay-gradient":""},"tablet":{"background-color":"","background-image":"","background-repeat":"repeat","background-position":"center center","background-size":"auto","background-attachment":"scroll","background-type":"","background-media":"","overlay-type":"","overlay-color":"","overlay-opacity":"","overlay-gradient":""},"mobile":{"background-color":"","background-image":"","background-repeat":"repeat","background-position":"center center","background-size":"auto","background-attachment":"scroll","background-type":"","background-media":"","overlay-type":"","overlay-color":"","overlay-opacity":"","overlay-gradient":""}},"ast-content-background-meta":{"desktop":{"background-color":"var(--ast-global-color-5)","background-image":"","background-repeat":"repeat","background-position":"center center","background-size":"auto","background-attachment":"scroll","background-type":"","background-media":"","overlay-type":"","overlay-color":"","overlay-opacity":"","overlay-gradient":""},"tablet":{"background-color":"var(--ast-global-color-5)","background-image":"","background-repeat":"repeat","background-position":"center center","background-size":"auto","background-attachment":"scroll","background-type":"","background-media":"","overlay-type":"","overlay-color":"","overlay-opacity":"","overlay-gradient":""},"mobile":{"background-color":"var(--ast-global-color-5)","background-image":"","background-repeat":"repeat","background-position":"center center","background-size":"auto","background-attachment":"scroll","background-type":"","background-media":"","overlay-type":"","overlay-color":"","overlay-opacity":"","overlay-gradient":""}},"footnotes":""},"categories":[80,1,70,86,29],"tags":[],"class_list":["post-1103","post","type-post","status-publish","format-standard","hentry","category-educacio","category-general","category-ges","category-muralla-digital-revista","category-portada"],"post_mailing_queue_ids":[],"_links":{"self":[{"href":"https:\/\/agora.xtec.cat\/cfacastelldefels\/wp-json\/wp\/v2\/posts\/1103","targetHints":{"allow":["GET"]}}],"collection":[{"href":"https:\/\/agora.xtec.cat\/cfacastelldefels\/wp-json\/wp\/v2\/posts"}],"about":[{"href":"https:\/\/agora.xtec.cat\/cfacastelldefels\/wp-json\/wp\/v2\/types\/post"}],"author":[{"embeddable":true,"href":"https:\/\/agora.xtec.cat\/cfacastelldefels\/wp-json\/wp\/v2\/users\/1"}],"replies":[{"embeddable":true,"href":"https:\/\/agora.xtec.cat\/cfacastelldefels\/wp-json\/wp\/v2\/comments?post=1103"}],"version-history":[{"count":1,"href":"https:\/\/agora.xtec.cat\/cfacastelldefels\/wp-json\/wp\/v2\/posts\/1103\/revisions"}],"predecessor-version":[{"id":1104,"href":"https:\/\/agora.xtec.cat\/cfacastelldefels\/wp-json\/wp\/v2\/posts\/1103\/revisions\/1104"}],"wp:attachment":[{"href":"https:\/\/agora.xtec.cat\/cfacastelldefels\/wp-json\/wp\/v2\/media?parent=1103"}],"wp:term":[{"taxonomy":"category","embeddable":true,"href":"https:\/\/agora.xtec.cat\/cfacastelldefels\/wp-json\/wp\/v2\/categories?post=1103"},{"taxonomy":"post_tag","embeddable":true,"href":"https:\/\/agora.xtec.cat\/cfacastelldefels\/wp-json\/wp\/v2\/tags?post=1103"}],"curies":[{"name":"wp","href":"https:\/\/api.w.org\/{rel}","templated":true}]}}