{"id":110,"date":"2013-05-22T10:42:35","date_gmt":"2013-05-22T09:42:35","guid":{"rendered":"http:\/\/blocs.xtec.cat\/cfajverdaguer\/?p=110"},"modified":"2016-03-28T17:44:43","modified_gmt":"2016-03-28T16:44:43","slug":"sortida-a-girona-en-flors","status":"publish","type":"post","link":"https:\/\/agora.xtec.cat\/cfacastelldefels\/general\/sortida-a-girona-en-flors\/","title":{"rendered":"Sortida a Girona en flors"},"content":{"rendered":"<p><img loading=\"lazy\" decoding=\"async\" class=\"alignleft\" src=\"http:\/\/www.gironatempsdeflors.net\/img\/logo_flors.png\" alt=\"Girona 2013\" width=\"188\" height=\"193\" \/>Com cada any en Girona en el mes de Maig s\u2019organitza una exposici\u00f3 floral que guarneix nombrosos llocs de la ciutat i patis de cases particulars.<\/p>\n<p>Hem participat en la sortida 64 persones de la comunitat educativa del CFA J Verdaguer, alumnat i professorat. N\u2019havia dels diversos ensenyaments, preparaci\u00f3 a les proves, del GES, dels cursos d\u2019angl\u00e8s, catal\u00e0 i espanyol, d\u2019inform\u00e0tica d\u2019instrumental i dels cursos de Ioga que organitza l\u2019Associaci\u00f3 d\u2019alumnes.<\/p>\n<p>Vam amb autob\u00fas i la primera part del dia vam fer una visita guiada per la ciutat. Hi havia molt\u00edssima gent. Vam comen\u00e7ar passant el riu per con\u00e8ixer la hist\u00f2ria de la lleona. M\u00e9s tard Esgl\u00e9sia de Sant Feliu i claustre de Sant Pere de Galligants, per continuar cap a les muralles, els banys \u00e0rabs i les Sarra\u00efnes. Hi ha via tanta gent que no vam poder entrar-hi. D\u2019all\u00ed per darrere de la Catedral per veure des de dalt les escales, i baixar al carrer de la For\u00e7a en ple call jueu. Els temps lliure va passar volant per visitar altres indrets com l\u2019ajuntament, el registre de la propietat, el centre Bonastruc, escales de la Pera&#8230;. fins que a l\u2019hora convinguda vam baixar fins a la pla\u00e7a dels jutjats per anar a dinar en un restaurant proper a la ciutat en una\u00a0 bon dinar de germanor.<\/p>\n<p>Podeu trobar m\u00e9s informaci\u00f3 en <a title=\"Girona temps de flors\" href=\"http:\/\/www.gironatempsdeflors.net\/cat\/index.php\" target=\"_blank\">GIRONA TEMPS DE FLORS<\/a><\/p>\n<p>Agra\u00efm a tos la participaci\u00f3 i la bona acollida de la iniciativa<\/p>\n<p>Mireu el v\u00eddeo que hem fet<\/p>\n<p>Girona Temps de Flors on PhotoPeach <iframe loading=\"lazy\" width=\"445\" height=\"296\" src=\"http:\/\/photopeach.com\/embed\/dnpu4b\" frameborder=\"0\"><\/iframe><\/p>\n<p>&nbsp;<\/p>\n","protected":false},"excerpt":{"rendered":"<p>Com cada any en Girona en el mes de Maig s\u2019organitza una exposici\u00f3 floral que guarneix nombrosos llocs de la ciutat i patis de cases particulars. Hem participat en la sortida 64 persones de la comunitat educativa del CFA J Verdaguer, alumnat i professorat. N\u2019havia dels diversos ensenyaments, preparaci\u00f3 a les proves, del GES, dels [&hellip;]<\/p>\n","protected":false},"author":1,"featured_media":0,"comment_status":"open","ping_status":"open","sticky":false,"template":"","format":"standard","meta":{"_bbp_topic_count":0,"_bbp_reply_count":0,"_bbp_total_topic_count":0,"_bbp_total_reply_count":0,"_bbp_voice_count":0,"_bbp_anonymous_reply_count":0,"_bbp_topic_count_hidden":0,"_bbp_reply_count_hidden":0,"_bbp_forum_subforum_count":0,"site-sidebar-layout":"default","site-content-layout":"","ast-site-content-layout":"","site-content-style":"default","site-sidebar-style":"default","ast-global-header-display":"","ast-banner-title-visibility":"","ast-main-header-display":"","ast-hfb-above-header-display":"","ast-hfb-below-header-display":"","ast-hfb-mobile-header-display":"","site-post-title":"","ast-breadcrumbs-content":"","ast-featured-img":"","footer-sml-layout":"","theme-transparent-header-meta":"","adv-header-id-meta":"","stick-header-meta":"","header-above-stick-meta":"","header-main-stick-meta":"","header-below-stick-meta":"","astra-migrate-meta-layouts":"default","ast-page-background-enabled":"default","ast-page-background-meta":{"desktop":{"background-color":"var(--ast-global-color-4)","background-image":"","background-repeat":"repeat","background-position":"center center","background-size":"auto","background-attachment":"scroll","background-type":"","background-media":"","overlay-type":"","overlay-color":"","overlay-opacity":"","overlay-gradient":""},"tablet":{"background-color":"","background-image":"","background-repeat":"repeat","background-position":"center center","background-size":"auto","background-attachment":"scroll","background-type":"","background-media":"","overlay-type":"","overlay-color":"","overlay-opacity":"","overlay-gradient":""},"mobile":{"background-color":"","background-image":"","background-repeat":"repeat","background-position":"center center","background-size":"auto","background-attachment":"scroll","background-type":"","background-media":"","overlay-type":"","overlay-color":"","overlay-opacity":"","overlay-gradient":""}},"ast-content-background-meta":{"desktop":{"background-color":"var(--ast-global-color-5)","background-image":"","background-repeat":"repeat","background-position":"center center","background-size":"auto","background-attachment":"scroll","background-type":"","background-media":"","overlay-type":"","overlay-color":"","overlay-opacity":"","overlay-gradient":""},"tablet":{"background-color":"var(--ast-global-color-5)","background-image":"","background-repeat":"repeat","background-position":"center center","background-size":"auto","background-attachment":"scroll","background-type":"","background-media":"","overlay-type":"","overlay-color":"","overlay-opacity":"","overlay-gradient":""},"mobile":{"background-color":"var(--ast-global-color-5)","background-image":"","background-repeat":"repeat","background-position":"center center","background-size":"auto","background-attachment":"scroll","background-type":"","background-media":"","overlay-type":"","overlay-color":"","overlay-opacity":"","overlay-gradient":""}},"footnotes":""},"categories":[1,86],"tags":[],"class_list":["post-110","post","type-post","status-publish","format-standard","hentry","category-general","category-muralla-digital-revista"],"post_mailing_queue_ids":[],"_links":{"self":[{"href":"https:\/\/agora.xtec.cat\/cfacastelldefels\/wp-json\/wp\/v2\/posts\/110","targetHints":{"allow":["GET"]}}],"collection":[{"href":"https:\/\/agora.xtec.cat\/cfacastelldefels\/wp-json\/wp\/v2\/posts"}],"about":[{"href":"https:\/\/agora.xtec.cat\/cfacastelldefels\/wp-json\/wp\/v2\/types\/post"}],"author":[{"embeddable":true,"href":"https:\/\/agora.xtec.cat\/cfacastelldefels\/wp-json\/wp\/v2\/users\/1"}],"replies":[{"embeddable":true,"href":"https:\/\/agora.xtec.cat\/cfacastelldefels\/wp-json\/wp\/v2\/comments?post=110"}],"version-history":[{"count":1,"href":"https:\/\/agora.xtec.cat\/cfacastelldefels\/wp-json\/wp\/v2\/posts\/110\/revisions"}],"predecessor-version":[{"id":725,"href":"https:\/\/agora.xtec.cat\/cfacastelldefels\/wp-json\/wp\/v2\/posts\/110\/revisions\/725"}],"wp:attachment":[{"href":"https:\/\/agora.xtec.cat\/cfacastelldefels\/wp-json\/wp\/v2\/media?parent=110"}],"wp:term":[{"taxonomy":"category","embeddable":true,"href":"https:\/\/agora.xtec.cat\/cfacastelldefels\/wp-json\/wp\/v2\/categories?post=110"},{"taxonomy":"post_tag","embeddable":true,"href":"https:\/\/agora.xtec.cat\/cfacastelldefels\/wp-json\/wp\/v2\/tags?post=110"}],"curies":[{"name":"wp","href":"https:\/\/api.w.org\/{rel}","templated":true}]}}