{"id":1067,"date":"2017-01-15T19:16:47","date_gmt":"2017-01-15T18:16:47","guid":{"rendered":"http:\/\/agora.xtec.cat\/cfajverdaguercastelldefels\/?p=1067"},"modified":"2017-02-11T13:07:46","modified_gmt":"2017-02-11T12:07:46","slug":"inauguracio-oficicial-ampliacio-del-centre","status":"publish","type":"post","link":"https:\/\/agora.xtec.cat\/cfacastelldefels\/general\/inauguracio-oficicial-ampliacio-del-centre\/","title":{"rendered":"Inauguraci\u00f3 oficicial ampliaci\u00f3 del centre"},"content":{"rendered":"<p>Com molt ben sabeu al des del mes de Juliol i al llarg del primer trimestre hem estat &#8220;exiliats&#8221; al carrer de l&#8217;esgl\u00e9sia. Us agra\u00efm a tots la comprensi\u00f3 i acceptaci\u00f3 dels inconvenients que puguin haver causat. Finalment el passat 19 de desembre del 2016 ens vam tornar a traslladar de nou al carrer Muralla. Hem comen\u00e7at el nou any al nou centre amb una imatge renovada.<\/p>\n<p><img loading=\"lazy\" decoding=\"async\" class=\" wp-image-1069 alignleft\" src=\"http:\/\/agora.xtec.cat\/cfajverdaguercastelldefels\/wp-content\/uploads\/usu251\/2017\/01\/IMG_0817-e1484503984988-768x1024.jpg\" alt=\"img_0817\" width=\"404\" height=\"539\" srcset=\"https:\/\/agora.xtec.cat\/cfacastelldefels\/wp-content\/uploads\/usu251\/2017\/01\/IMG_0817-e1484503984988-768x1024.jpg 768w, https:\/\/agora.xtec.cat\/cfacastelldefels\/wp-content\/uploads\/usu251\/2017\/01\/IMG_0817-e1484503984988-225x300.jpg 225w\" sizes=\"auto, (max-width: 404px) 100vw, 404px\" \/>Al llarg dels gaireb\u00e9 sis mesos que hem estat fora en centre ha sofert un profunda remodelaci\u00f3 i ampliaci\u00f3 de les instal\u00b7lacions, obra realitzada per\u00a0part de l&#8217;ajuntament de Castelldefels, dins del conveni que va signar amb el departament d&#8217;ensenyament referit a la construcci\u00f3 de l&#8217;institut i al centre d&#8217;adults. Ara disposem no nom\u00e9s d&#8217;unes millorades zones interiors sin\u00f3 que a m\u00e9s a m\u00e9s s&#8217;han millorat les zones exteriors i d&#8217;acc\u00e9s. Comptem amb nous espais i una nova via de sortida per usar en cas d&#8217;emerg\u00e8ncia<\/p>\n<p><strong>El Dimarts dia 17 de Gener a les 17:00 es faran els actes oficials d&#8217;inauguraci\u00f3 de l&#8217;ampliaci\u00f3 i reforma<\/strong> per part de les autoritats, tant de l&#8217;ajuntament amb una important representaci\u00f3 encap\u00e7alada per la nostra alcaldessa i diversos regidors, aix\u00ed com pels representants del Departament d&#8217;educaci\u00f3 encap\u00e7alades per la Directora dels Serveis Territorials del Baix Llobregat, inspecci\u00f3 educativa i coordinadora de formaci\u00f3 d&#8217;adults i EOI. No podem ser menys i als actes estarem tota la comunitat educativa del centre d&#8217;adults Castelldefels, estarem i esteu invitats, l&#8217;equip directiu, equip docent, l&#8217;alumnat i tot aquell amics de la formaci\u00f3 d&#8217;adults i ex-alumnes del centre aix\u00ed com aquells que ens han fet suport al llarg dels anys.<\/p>\n<p>Us esperem a tots i us agra\u00efm el vostre suport. Els actes finalitzaran amb una visita a les magnifiques i renovades instal\u00b7lacions i un petit refrigeri.<\/p>\n<p>&nbsp;<\/p>\n<p>&nbsp;<\/p>\n","protected":false},"excerpt":{"rendered":"<p>Com molt ben sabeu al des del mes de Juliol i al llarg del primer trimestre hem estat &#8220;exiliats&#8221; al carrer de l&#8217;esgl\u00e9sia. Us agra\u00efm a tots la comprensi\u00f3 i acceptaci\u00f3 dels inconvenients que puguin haver causat. Finalment el passat 19 de desembre del 2016 ens vam tornar a traslladar de nou al carrer Muralla. [&hellip;]<\/p>\n","protected":false},"author":1,"featured_media":1069,"comment_status":"open","ping_status":"open","sticky":false,"template":"","format":"standard","meta":{"_bbp_topic_count":0,"_bbp_reply_count":0,"_bbp_total_topic_count":0,"_bbp_total_reply_count":0,"_bbp_voice_count":0,"_bbp_anonymous_reply_count":0,"_bbp_topic_count_hidden":0,"_bbp_reply_count_hidden":0,"_bbp_forum_subforum_count":0,"site-sidebar-layout":"default","site-content-layout":"","ast-site-content-layout":"","site-content-style":"default","site-sidebar-style":"default","ast-global-header-display":"","ast-banner-title-visibility":"","ast-main-header-display":"","ast-hfb-above-header-display":"","ast-hfb-below-header-display":"","ast-hfb-mobile-header-display":"","site-post-title":"","ast-breadcrumbs-content":"","ast-featured-img":"","footer-sml-layout":"","theme-transparent-header-meta":"","adv-header-id-meta":"","stick-header-meta":"","header-above-stick-meta":"","header-main-stick-meta":"","header-below-stick-meta":"","astra-migrate-meta-layouts":"default","ast-page-background-enabled":"default","ast-page-background-meta":{"desktop":{"background-color":"var(--ast-global-color-4)","background-image":"","background-repeat":"repeat","background-position":"center center","background-size":"auto","background-attachment":"scroll","background-type":"","background-media":"","overlay-type":"","overlay-color":"","overlay-opacity":"","overlay-gradient":""},"tablet":{"background-color":"","background-image":"","background-repeat":"repeat","background-position":"center center","background-size":"auto","background-attachment":"scroll","background-type":"","background-media":"","overlay-type":"","overlay-color":"","overlay-opacity":"","overlay-gradient":""},"mobile":{"background-color":"","background-image":"","background-repeat":"repeat","background-position":"center center","background-size":"auto","background-attachment":"scroll","background-type":"","background-media":"","overlay-type":"","overlay-color":"","overlay-opacity":"","overlay-gradient":""}},"ast-content-background-meta":{"desktop":{"background-color":"var(--ast-global-color-5)","background-image":"","background-repeat":"repeat","background-position":"center center","background-size":"auto","background-attachment":"scroll","background-type":"","background-media":"","overlay-type":"","overlay-color":"","overlay-opacity":"","overlay-gradient":""},"tablet":{"background-color":"var(--ast-global-color-5)","background-image":"","background-repeat":"repeat","background-position":"center center","background-size":"auto","background-attachment":"scroll","background-type":"","background-media":"","overlay-type":"","overlay-color":"","overlay-opacity":"","overlay-gradient":""},"mobile":{"background-color":"var(--ast-global-color-5)","background-image":"","background-repeat":"repeat","background-position":"center center","background-size":"auto","background-attachment":"scroll","background-type":"","background-media":"","overlay-type":"","overlay-color":"","overlay-opacity":"","overlay-gradient":""}},"footnotes":""},"categories":[74,1,86],"tags":[],"class_list":["post-1067","post","type-post","status-publish","format-standard","has-post-thumbnail","hentry","category-ajuntament","category-general","category-muralla-digital-revista"],"post_mailing_queue_ids":[],"_links":{"self":[{"href":"https:\/\/agora.xtec.cat\/cfacastelldefels\/wp-json\/wp\/v2\/posts\/1067","targetHints":{"allow":["GET"]}}],"collection":[{"href":"https:\/\/agora.xtec.cat\/cfacastelldefels\/wp-json\/wp\/v2\/posts"}],"about":[{"href":"https:\/\/agora.xtec.cat\/cfacastelldefels\/wp-json\/wp\/v2\/types\/post"}],"author":[{"embeddable":true,"href":"https:\/\/agora.xtec.cat\/cfacastelldefels\/wp-json\/wp\/v2\/users\/1"}],"replies":[{"embeddable":true,"href":"https:\/\/agora.xtec.cat\/cfacastelldefels\/wp-json\/wp\/v2\/comments?post=1067"}],"version-history":[{"count":2,"href":"https:\/\/agora.xtec.cat\/cfacastelldefels\/wp-json\/wp\/v2\/posts\/1067\/revisions"}],"predecessor-version":[{"id":1070,"href":"https:\/\/agora.xtec.cat\/cfacastelldefels\/wp-json\/wp\/v2\/posts\/1067\/revisions\/1070"}],"wp:featuredmedia":[{"embeddable":true,"href":"https:\/\/agora.xtec.cat\/cfacastelldefels\/wp-json\/wp\/v2\/media\/1069"}],"wp:attachment":[{"href":"https:\/\/agora.xtec.cat\/cfacastelldefels\/wp-json\/wp\/v2\/media?parent=1067"}],"wp:term":[{"taxonomy":"category","embeddable":true,"href":"https:\/\/agora.xtec.cat\/cfacastelldefels\/wp-json\/wp\/v2\/categories?post=1067"},{"taxonomy":"post_tag","embeddable":true,"href":"https:\/\/agora.xtec.cat\/cfacastelldefels\/wp-json\/wp\/v2\/tags?post=1067"}],"curies":[{"name":"wp","href":"https:\/\/api.w.org\/{rel}","templated":true}]}}