{"id":1054,"date":"2016-12-12T12:50:46","date_gmt":"2016-12-12T11:50:46","guid":{"rendered":"http:\/\/agora.xtec.cat\/cfajverdaguercastelldefels\/?p=1054"},"modified":"2017-02-23T18:43:40","modified_gmt":"2017-02-23T17:43:40","slug":"convocatoria-proves-lliures-del-ges","status":"publish","type":"post","link":"https:\/\/agora.xtec.cat\/cfacastelldefels\/general\/convocatoria-proves-lliures-del-ges\/","title":{"rendered":"Convocat\u00f2ria proves lliures del GES"},"content":{"rendered":"<p>Covocat\u00f2ria proves lliures del GES: <a href=\"http:\/\/ensenyament.gencat.cat\/ca\/serveis-tramits\/proves\/proves-lliures-obtencio-titols\/obtencio-geso-mes-18-anys\/\" target=\"_blank\">enlla\u00e7 d&#8217;inscripci\u00f3<\/a><\/p>\n<p class=\"titol\"><a href=\"http:\/\/dogc.gencat.cat\/ca\/pdogc_canals_interns\/pdogc_resultats_fitxa\/?action=fitxa&amp;mode=single&amp;documentId=767756&amp;language=ca_ES\" target=\"_blank\">RESOLUCI\u00d3 ENS\/2673\/2016, de 21 de novembre<\/a>, per la qual es convoquen les proves lliures per a l&#8217;obtenci\u00f3 del t\u00edtol de graduat\/ada en educaci\u00f3 secund\u00e0ria obligat\u00f2ria i per a l&#8217;obtenci\u00f3 del certificat de formaci\u00f3 instrumental per a persones de m\u00e9s de 18 anys, corresponents a l&#8217;any 2017.<\/p>\n<p class=\"titol\">Per poder presentar-se a les proves, cal tenir com a m\u00ednim 18 anys el darrer dia de realitzaci\u00f3 dels ex\u00e0mens<\/p>\n<p class=\"titol\"><span style=\"color: #ff0000;\"><strong>Dues convocat\u00f2ries, matr\u00edcules<\/strong><\/span><\/p>\n<ul>\n<li>Primera convocat\u00f2ria: a partir de les 9 hores del dia 9 de gener fins al 13 de gener de 2017.<\/li>\n<li>Segona convocat\u00f2ria: a partir de les 9 hores del dia 24 de febrer fins a l&#8217;1 de mar\u00e7 de 2017.<\/li>\n<\/ul>\n<p><span style=\"color: #ff0000;\"><strong>Calendari i horari de realitzaci\u00f3 de les proves<\/strong><\/span><\/p>\n<p><strong>Primera convocat\u00f2ria.<\/strong><\/p>\n<p>Prova per a l&#8217;obtenci\u00f3 del t\u00edtol de graduat\/ada en educaci\u00f3 secund\u00e0ria obligat\u00f2ria:<\/p>\n<p>2 de febrer de 2017:<\/p>\n<ul>\n<li>De 9.30 a 10.00 h: verificaci\u00f3 de la identitat de les persones aspirants.<\/li>\n<li>De 10.00 a 13.00 h: examen de l&#8217;\u00e0mbit cientificotecnol\u00f2gic.<\/li>\n<li>De 15.00 a 15.30 h: verificaci\u00f3 de la identitat de les persones aspirants.<\/li>\n<li>De 15.30 a 17.30 h: examen de l&#8217;\u00e0mbit social.<\/li>\n<\/ul>\n<p>3 de febrer de 2017:<\/p>\n<ul>\n<li>De 9.30 a 10.00 h: verificaci\u00f3 de la identitat de les persones aspirants.<\/li>\n<li>De 10.00 a 14.00 h: examen de l&#8217;\u00e0mbit de la comunicaci\u00f3.<\/li>\n<\/ul>\n<p><strong>Segona convocat\u00f2ria.<\/strong><\/p>\n<p>Prova per a l&#8217;obtenci\u00f3 del t\u00edtol de graduat\/ada en educaci\u00f3 secund\u00e0ria obligat\u00f2ria:<\/p>\n<p>6 d&#8217;abril de 2017:<\/p>\n<ul>\n<li>De 9.30 a 10.00 h: verificaci\u00f3 de la identitat de les persones aspirants.<\/li>\n<li>De 10.00 a 13.00 h: examen de l&#8217;\u00e0mbit cientificotecnol\u00f2gic.<\/li>\n<li>De 15.00 a 15.30 h: verificaci\u00f3 de la identitat de les persones aspirants.<\/li>\n<li>De 15.30 a 17.30 h: examen de l&#8217;\u00e0mbit social.<\/li>\n<\/ul>\n<p>7 d&#8217;abril de 2017:<\/p>\n<ul>\n<li>De 9.30 a 10.00 h: verificaci\u00f3 de la identitat de les persones aspirants.<\/li>\n<li>De 10.00 a 14.00 h: examen de l&#8217;\u00e0mbit de la comunicaci\u00f3.<\/li>\n<\/ul>\n<p>9.3 Graduat\/ada en educaci\u00f3 secund\u00e0ria obligat\u00f2ria<\/p>\n<p>9.3.1 La prova s&#8217;estructura en tres \u00e0mbits:<\/p>\n<p>a) L&#8217;\u00e0mbit de la comunicaci\u00f3 inclou les mat\u00e8ries de llengua catalana i literatura, llengua castellana i literatura i llengua estrangera, a escollir entre angl\u00e8s o franc\u00e8s. La durada m\u00e0xima de l&#8217;examen d&#8217;aquest \u00e0mbit \u00e9s de 4 hores. No es permet l&#8217;\u00fas de diccionaris.<\/p>\n<p>b) L&#8217;\u00e0mbit cientificotecnol\u00f2gic inclou les mat\u00e8ries de ci\u00e8ncies de la naturalesa, matem\u00e0tiques, tecnologies, i aspectes relacionats amb la salut i el medi ambient. La durada m\u00e0xima de l&#8217;examen d&#8217;aquest \u00e0mbit \u00e9s de 3 hores. Durant la realitzaci\u00f3 dels exercicis es permet l&#8217;\u00fas de calculadora b\u00e0sica no programable i no implementada en aparells de comunicaci\u00f3 o reproducci\u00f3.<\/p>\n<p>c) L&#8217;\u00e0mbit social inclou les mat\u00e8ries de ci\u00e8ncies socials, geografia i hist\u00f2ria, educaci\u00f3 per a la ciutadania i aspectes d&#8217;educaci\u00f3 visual i pl\u00e0stica i m\u00fasica. La durada m\u00e0xima de l&#8217;examen d&#8217;aquest \u00e0mbit \u00e9s de 2 hores.<br \/>\n9.3.2 Les persones aspirants a obtenir el t\u00edtol de graduat\/ada en educaci\u00f3 secund\u00e0ria obligat\u00f2ria es poden examinar d&#8217;un, de dos o dels tres \u00e0mbits.<\/p>\n<p>9.3.3 La qualificaci\u00f3 final del t\u00edtol de graduat\/ada en educaci\u00f3 secund\u00e0ria obligat\u00f2ria s&#8217;obt\u00e9 amb la mitjana aritm\u00e8tica de les qualificacions mitjanes dels tres \u00e0mbits, que es calcula amb una xifra decimal. La nota mitjana de cada \u00e0mbit es calcula sense decimals.<\/p>\n<p>9.3.4 En cas que la persona aspirant tingui un \u00e0mbit convalidat, o estigui exempta de la realitzaci\u00f3 de la mat\u00e8ria de llengua catalana, la qualificaci\u00f3 es calcula fent la mitjana de les qualificacions de la resta d&#8217;\u00e0mbits o mat\u00e8ries.<\/p>\n<p>9.3.5 A les persones aspirants que han aprovat un o dos \u00e0mbits se&#8217;ls ha de mantenir, per a convocat\u00f2ries posteriors, les qualificacions obtingudes. No es poden tornar a avaluar \u00e0mbits ni mat\u00e8ries ja superats.<\/p>\n","protected":false},"excerpt":{"rendered":"<p>Covocat\u00f2ria proves lliures del GES: enlla\u00e7 d&#8217;inscripci\u00f3 RESOLUCI\u00d3 ENS\/2673\/2016, de 21 de novembre, per la qual es convoquen les proves lliures per a l&#8217;obtenci\u00f3 del t\u00edtol de graduat\/ada en educaci\u00f3 secund\u00e0ria obligat\u00f2ria i per a l&#8217;obtenci\u00f3 del certificat de formaci\u00f3 instrumental per a persones de m\u00e9s de 18 anys, corresponents a l&#8217;any 2017. Per poder [&hellip;]<\/p>\n","protected":false},"author":1,"featured_media":0,"comment_status":"open","ping_status":"open","sticky":false,"template":"","format":"standard","meta":{"_bbp_topic_count":0,"_bbp_reply_count":0,"_bbp_total_topic_count":0,"_bbp_total_reply_count":0,"_bbp_voice_count":0,"_bbp_anonymous_reply_count":0,"_bbp_topic_count_hidden":0,"_bbp_reply_count_hidden":0,"_bbp_forum_subforum_count":0,"site-sidebar-layout":"default","site-content-layout":"","ast-site-content-layout":"","site-content-style":"default","site-sidebar-style":"default","ast-global-header-display":"","ast-banner-title-visibility":"","ast-main-header-display":"","ast-hfb-above-header-display":"","ast-hfb-below-header-display":"","ast-hfb-mobile-header-display":"","site-post-title":"","ast-breadcrumbs-content":"","ast-featured-img":"","footer-sml-layout":"","theme-transparent-header-meta":"","adv-header-id-meta":"","stick-header-meta":"","header-above-stick-meta":"","header-main-stick-meta":"","header-below-stick-meta":"","astra-migrate-meta-layouts":"default","ast-page-background-enabled":"default","ast-page-background-meta":{"desktop":{"background-color":"var(--ast-global-color-4)","background-image":"","background-repeat":"repeat","background-position":"center center","background-size":"auto","background-attachment":"scroll","background-type":"","background-media":"","overlay-type":"","overlay-color":"","overlay-opacity":"","overlay-gradient":""},"tablet":{"background-color":"","background-image":"","background-repeat":"repeat","background-position":"center center","background-size":"auto","background-attachment":"scroll","background-type":"","background-media":"","overlay-type":"","overlay-color":"","overlay-opacity":"","overlay-gradient":""},"mobile":{"background-color":"","background-image":"","background-repeat":"repeat","background-position":"center center","background-size":"auto","background-attachment":"scroll","background-type":"","background-media":"","overlay-type":"","overlay-color":"","overlay-opacity":"","overlay-gradient":""}},"ast-content-background-meta":{"desktop":{"background-color":"var(--ast-global-color-5)","background-image":"","background-repeat":"repeat","background-position":"center center","background-size":"auto","background-attachment":"scroll","background-type":"","background-media":"","overlay-type":"","overlay-color":"","overlay-opacity":"","overlay-gradient":""},"tablet":{"background-color":"var(--ast-global-color-5)","background-image":"","background-repeat":"repeat","background-position":"center center","background-size":"auto","background-attachment":"scroll","background-type":"","background-media":"","overlay-type":"","overlay-color":"","overlay-opacity":"","overlay-gradient":""},"mobile":{"background-color":"var(--ast-global-color-5)","background-image":"","background-repeat":"repeat","background-position":"center center","background-size":"auto","background-attachment":"scroll","background-type":"","background-media":"","overlay-type":"","overlay-color":"","overlay-opacity":"","overlay-gradient":""}},"footnotes":""},"categories":[1,70],"tags":[],"class_list":["post-1054","post","type-post","status-publish","format-standard","hentry","category-general","category-ges"],"post_mailing_queue_ids":[],"_links":{"self":[{"href":"https:\/\/agora.xtec.cat\/cfacastelldefels\/wp-json\/wp\/v2\/posts\/1054","targetHints":{"allow":["GET"]}}],"collection":[{"href":"https:\/\/agora.xtec.cat\/cfacastelldefels\/wp-json\/wp\/v2\/posts"}],"about":[{"href":"https:\/\/agora.xtec.cat\/cfacastelldefels\/wp-json\/wp\/v2\/types\/post"}],"author":[{"embeddable":true,"href":"https:\/\/agora.xtec.cat\/cfacastelldefels\/wp-json\/wp\/v2\/users\/1"}],"replies":[{"embeddable":true,"href":"https:\/\/agora.xtec.cat\/cfacastelldefels\/wp-json\/wp\/v2\/comments?post=1054"}],"version-history":[{"count":0,"href":"https:\/\/agora.xtec.cat\/cfacastelldefels\/wp-json\/wp\/v2\/posts\/1054\/revisions"}],"wp:attachment":[{"href":"https:\/\/agora.xtec.cat\/cfacastelldefels\/wp-json\/wp\/v2\/media?parent=1054"}],"wp:term":[{"taxonomy":"category","embeddable":true,"href":"https:\/\/agora.xtec.cat\/cfacastelldefels\/wp-json\/wp\/v2\/categories?post=1054"},{"taxonomy":"post_tag","embeddable":true,"href":"https:\/\/agora.xtec.cat\/cfacastelldefels\/wp-json\/wp\/v2\/tags?post=1054"}],"curies":[{"name":"wp","href":"https:\/\/api.w.org\/{rel}","templated":true}]}}