{"id":1051,"date":"2016-12-05T21:30:48","date_gmt":"2016-12-05T20:30:48","guid":{"rendered":"http:\/\/agora.xtec.cat\/cfajverdaguercastelldefels\/?p=1051"},"modified":"2017-02-11T13:03:20","modified_gmt":"2017-02-11T12:03:20","slug":"novetats-desembre","status":"publish","type":"post","link":"https:\/\/agora.xtec.cat\/cfacastelldefels\/general\/novetats-desembre\/","title":{"rendered":"Novetats Desembre"},"content":{"rendered":"<p>Novetats de desembre<\/p>\n<p><strong>Eleccions consell de centre.\u00a0<\/strong><\/p>\n<p>Durant aquesta setmana hem fet les eleccions de representants del consell de centre. El sector alumnat podia triar entre 8 candidats per a 5 vacants. Han estat escollits Carlos Camacho, Josefa Mesa, Nerea Rodr\u00edguez, Ana Pi\u00f1ero, Juana Uribe. Els altres candidats queden en la llista d&#8217;espera per passar a ser membres en ocasi\u00f3 de vacant. La participaci\u00f3 ha estat propera al 45%. Els professorat i el PAS tamb\u00e9 ha triat els seus representants. Donada l&#8217;estructura del centre tot el professorat ser\u00e0 membre del consell de centre. La administrativa ocupar\u00e0 la vacant del personal d&#8217;administraci\u00f3 i serveis. L&#8217;ajuntament ratifica la Sra Rosa Sanz en el c\u00e0rrec. El consell de centre es constituir\u00e0 el proper divendres 16 de desembre.<\/p>\n<p><strong>Convocat\u00f2ria delegats de cursos per al proper dimecres 14 de desembre. <\/strong><\/p>\n<p>El proper dimecres tindr\u00e0 lloc la reuni\u00f3 de delegats de curs per tal de comentar com ha anat el primer trimestre i recollir propostes per a futures activitats en el centre. Podeu demanar m\u00e9s informaci\u00f3 al tutors.<\/p>\n<p><strong>Trasllat del centre<\/strong><\/p>\n<p><a href=\"https:\/\/www.castelldefels.org\/ca\/agendaaj.asp?idPrograma=200133\"><img loading=\"lazy\" decoding=\"async\" class=\"alignright\" src=\"https:\/\/www.castelldefels.org\/a_comuns\/getimatge.asp?src=\/fitxers\/AgendaAj\/ag_actes_145422_act_imatge@24112016092603.jpg&amp;width=800\" width=\"218\" height=\"307\" \/><\/a>Al final tot arriba i els propers dies 20 i 21 de desembre farem el trasllat d&#8217;edifici des de l&#8217;actual ubicaci\u00f3 del carrer de l&#8217;Esgl\u00e9sia a la nostra ubicaci\u00f3 del carrer Muralla. Aquells dies quedar\u00e0 suspesa l&#8217;activitat lectiva. el dia 22 farem una jornada de portes obertes al mat\u00ed amb recollida de butllet\u00ed de notes per als alumnes de CFGS i de GES. Properament tindreu<br \/>\nm\u00e9s informaci\u00f3 al respecte. Si voleu i podeu col\u00b7laborar en la recol\u00b7locaci\u00f3 del centre podeu comentar amb els vostres tutors i estareu ben rebuts. Despr\u00e9s dels actes d&#8217;inauguraci\u00f3 tindrem un petit refrigeri de benvinguda i de comiat de l&#8217;any 2016.<\/p>\n<p><strong>Festes Majors<\/strong><br \/>\nCon podreu haver vist avui divendres ja ham comen\u00e7at a muntar en l&#8217;espai d&#8217;entrada del centre al carrer de l&#8217;esgl\u00e9sia les carpes de la mostra gastron\u00f2mica. Us convidem a tot l&#8217;alumnat a gaudir de les festes de la nostra ciutat i us demanem disculpes per les mol\u00e8sties que han pogut ocasionar.<\/p>\n<p>&nbsp;<\/p>\n","protected":false},"excerpt":{"rendered":"<p>Novetats de desembre Eleccions consell de centre.\u00a0 Durant aquesta setmana hem fet les eleccions de representants del consell de centre. El sector alumnat podia triar entre 8 candidats per a 5 vacants. Han estat escollits Carlos Camacho, Josefa Mesa, Nerea Rodr\u00edguez, Ana Pi\u00f1ero, Juana Uribe. Els altres candidats queden en la llista d&#8217;espera per passar [&hellip;]<\/p>\n","protected":false},"author":1,"featured_media":0,"comment_status":"open","ping_status":"open","sticky":false,"template":"","format":"standard","meta":{"_bbp_topic_count":0,"_bbp_reply_count":0,"_bbp_total_topic_count":0,"_bbp_total_reply_count":0,"_bbp_voice_count":0,"_bbp_anonymous_reply_count":0,"_bbp_topic_count_hidden":0,"_bbp_reply_count_hidden":0,"_bbp_forum_subforum_count":0,"site-sidebar-layout":"default","site-content-layout":"","ast-site-content-layout":"","site-content-style":"default","site-sidebar-style":"default","ast-global-header-display":"","ast-banner-title-visibility":"","ast-main-header-display":"","ast-hfb-above-header-display":"","ast-hfb-below-header-display":"","ast-hfb-mobile-header-display":"","site-post-title":"","ast-breadcrumbs-content":"","ast-featured-img":"","footer-sml-layout":"","theme-transparent-header-meta":"","adv-header-id-meta":"","stick-header-meta":"","header-above-stick-meta":"","header-main-stick-meta":"","header-below-stick-meta":"","astra-migrate-meta-layouts":"default","ast-page-background-enabled":"default","ast-page-background-meta":{"desktop":{"background-color":"var(--ast-global-color-4)","background-image":"","background-repeat":"repeat","background-position":"center center","background-size":"auto","background-attachment":"scroll","background-type":"","background-media":"","overlay-type":"","overlay-color":"","overlay-opacity":"","overlay-gradient":""},"tablet":{"background-color":"","background-image":"","background-repeat":"repeat","background-position":"center center","background-size":"auto","background-attachment":"scroll","background-type":"","background-media":"","overlay-type":"","overlay-color":"","overlay-opacity":"","overlay-gradient":""},"mobile":{"background-color":"","background-image":"","background-repeat":"repeat","background-position":"center center","background-size":"auto","background-attachment":"scroll","background-type":"","background-media":"","overlay-type":"","overlay-color":"","overlay-opacity":"","overlay-gradient":""}},"ast-content-background-meta":{"desktop":{"background-color":"var(--ast-global-color-5)","background-image":"","background-repeat":"repeat","background-position":"center center","background-size":"auto","background-attachment":"scroll","background-type":"","background-media":"","overlay-type":"","overlay-color":"","overlay-opacity":"","overlay-gradient":""},"tablet":{"background-color":"var(--ast-global-color-5)","background-image":"","background-repeat":"repeat","background-position":"center center","background-size":"auto","background-attachment":"scroll","background-type":"","background-media":"","overlay-type":"","overlay-color":"","overlay-opacity":"","overlay-gradient":""},"mobile":{"background-color":"var(--ast-global-color-5)","background-image":"","background-repeat":"repeat","background-position":"center center","background-size":"auto","background-attachment":"scroll","background-type":"","background-media":"","overlay-type":"","overlay-color":"","overlay-opacity":"","overlay-gradient":""}},"footnotes":""},"categories":[74,1,86],"tags":[],"class_list":["post-1051","post","type-post","status-publish","format-standard","hentry","category-ajuntament","category-general","category-muralla-digital-revista"],"post_mailing_queue_ids":[],"_links":{"self":[{"href":"https:\/\/agora.xtec.cat\/cfacastelldefels\/wp-json\/wp\/v2\/posts\/1051","targetHints":{"allow":["GET"]}}],"collection":[{"href":"https:\/\/agora.xtec.cat\/cfacastelldefels\/wp-json\/wp\/v2\/posts"}],"about":[{"href":"https:\/\/agora.xtec.cat\/cfacastelldefels\/wp-json\/wp\/v2\/types\/post"}],"author":[{"embeddable":true,"href":"https:\/\/agora.xtec.cat\/cfacastelldefels\/wp-json\/wp\/v2\/users\/1"}],"replies":[{"embeddable":true,"href":"https:\/\/agora.xtec.cat\/cfacastelldefels\/wp-json\/wp\/v2\/comments?post=1051"}],"version-history":[{"count":2,"href":"https:\/\/agora.xtec.cat\/cfacastelldefels\/wp-json\/wp\/v2\/posts\/1051\/revisions"}],"predecessor-version":[{"id":1053,"href":"https:\/\/agora.xtec.cat\/cfacastelldefels\/wp-json\/wp\/v2\/posts\/1051\/revisions\/1053"}],"wp:attachment":[{"href":"https:\/\/agora.xtec.cat\/cfacastelldefels\/wp-json\/wp\/v2\/media?parent=1051"}],"wp:term":[{"taxonomy":"category","embeddable":true,"href":"https:\/\/agora.xtec.cat\/cfacastelldefels\/wp-json\/wp\/v2\/categories?post=1051"},{"taxonomy":"post_tag","embeddable":true,"href":"https:\/\/agora.xtec.cat\/cfacastelldefels\/wp-json\/wp\/v2\/tags?post=1051"}],"curies":[{"name":"wp","href":"https:\/\/api.w.org\/{rel}","templated":true}]}}