{"id":1027,"date":"2016-10-20T18:36:40","date_gmt":"2016-10-20T17:36:40","guid":{"rendered":"http:\/\/agora.xtec.cat\/cfajverdaguercastelldefels\/?p=1027"},"modified":"2017-02-11T13:05:13","modified_gmt":"2017-02-11T12:05:13","slug":"obres-cfa-castelldefels","status":"publish","type":"post","link":"https:\/\/agora.xtec.cat\/cfacastelldefels\/general\/obres-cfa-castelldefels\/","title":{"rendered":"Obres CFA Castelldefels"},"content":{"rendered":"<p>Al final del curs 2015-2016 es va iniciar el tr\u00e0mit per fer les obres de remodelaci\u00f3 per part de l&#8217;Ajuntament de les instal\u00b7lacions del centre d&#8217;adults al carrer Muralla. A l&#8217;inici de juliol es va fer el trasllat al carrer de l&#8217;Esgl\u00e9sia per poder fer el tr\u00e0mits de matr\u00edcula per\u00f2 les obres no es van iniciar fins al final del juliol. Malgrat que el cronograma de les obres abans de comen\u00e7ar es preveia acabar a meitat de setembre, hem comen\u00e7at les classes a l&#8217;actual ubicaci\u00f3 ja que per diversos motius s&#8217;han anat retardant al final.<\/p>\n<p>Ara ja som a la fase final i est\u00e0 previst l&#8217;entrega de l&#8217;obra per al 31 d&#8217;Octubre. Una vegada rebuda l&#8217;obra per part de l&#8217;ajuntament podrem fer el trasllat definitiu.\u00a0 Esperem que podrem donar un millor servei a tota la ciutadania de Castelldefels amb el suport de l&#8217;Ajuntament i tota la comunitat educativa<\/p>\n<p><a href=\"http:\/\/agora.xtec.cat\/cfajverdaguercastelldefels\/wp-content\/uploads\/usu251\/2016\/10\/IMG_0335-COLLAGE.jpg\"><img loading=\"lazy\" decoding=\"async\" class=\"alignnone wp-image-1033\" src=\"http:\/\/agora.xtec.cat\/cfajverdaguercastelldefels\/wp-content\/uploads\/usu251\/2016\/10\/IMG_0335-COLLAGE-1024x1024.jpg\" alt=\"CFA Castelldefels\" width=\"605\" height=\"605\" srcset=\"https:\/\/agora.xtec.cat\/cfacastelldefels\/wp-content\/uploads\/usu251\/2016\/10\/IMG_0335-COLLAGE-1024x1024.jpg 1024w, https:\/\/agora.xtec.cat\/cfacastelldefels\/wp-content\/uploads\/usu251\/2016\/10\/IMG_0335-COLLAGE-150x150.jpg 150w, https:\/\/agora.xtec.cat\/cfacastelldefels\/wp-content\/uploads\/usu251\/2016\/10\/IMG_0335-COLLAGE-300x300.jpg 300w, https:\/\/agora.xtec.cat\/cfacastelldefels\/wp-content\/uploads\/usu251\/2016\/10\/IMG_0335-COLLAGE-768x768.jpg 768w, https:\/\/agora.xtec.cat\/cfacastelldefels\/wp-content\/uploads\/usu251\/2016\/10\/IMG_0335-COLLAGE.jpg 2046w\" sizes=\"auto, (max-width: 605px) 100vw, 605px\" \/><\/a><\/p>\n<p>&nbsp;<\/p>\n<p>&nbsp;<\/p>\n<p>&nbsp;<\/p>\n","protected":false},"excerpt":{"rendered":"<p>Al final del curs 2015-2016 es va iniciar el tr\u00e0mit per fer les obres de remodelaci\u00f3 per part de l&#8217;Ajuntament de les instal\u00b7lacions del centre d&#8217;adults al carrer Muralla. A l&#8217;inici de juliol es va fer el trasllat al carrer de l&#8217;Esgl\u00e9sia per poder fer el tr\u00e0mits de matr\u00edcula per\u00f2 les obres no es van [&hellip;]<\/p>\n","protected":false},"author":1,"featured_media":0,"comment_status":"open","ping_status":"open","sticky":false,"template":"","format":"standard","meta":{"_bbp_topic_count":0,"_bbp_reply_count":0,"_bbp_total_topic_count":0,"_bbp_total_reply_count":0,"_bbp_voice_count":0,"_bbp_anonymous_reply_count":0,"_bbp_topic_count_hidden":0,"_bbp_reply_count_hidden":0,"_bbp_forum_subforum_count":0,"site-sidebar-layout":"default","site-content-layout":"","ast-site-content-layout":"","site-content-style":"default","site-sidebar-style":"default","ast-global-header-display":"","ast-banner-title-visibility":"","ast-main-header-display":"","ast-hfb-above-header-display":"","ast-hfb-below-header-display":"","ast-hfb-mobile-header-display":"","site-post-title":"","ast-breadcrumbs-content":"","ast-featured-img":"","footer-sml-layout":"","theme-transparent-header-meta":"","adv-header-id-meta":"","stick-header-meta":"","header-above-stick-meta":"","header-main-stick-meta":"","header-below-stick-meta":"","astra-migrate-meta-layouts":"default","ast-page-background-enabled":"default","ast-page-background-meta":{"desktop":{"background-color":"var(--ast-global-color-4)","background-image":"","background-repeat":"repeat","background-position":"center center","background-size":"auto","background-attachment":"scroll","background-type":"","background-media":"","overlay-type":"","overlay-color":"","overlay-opacity":"","overlay-gradient":""},"tablet":{"background-color":"","background-image":"","background-repeat":"repeat","background-position":"center center","background-size":"auto","background-attachment":"scroll","background-type":"","background-media":"","overlay-type":"","overlay-color":"","overlay-opacity":"","overlay-gradient":""},"mobile":{"background-color":"","background-image":"","background-repeat":"repeat","background-position":"center center","background-size":"auto","background-attachment":"scroll","background-type":"","background-media":"","overlay-type":"","overlay-color":"","overlay-opacity":"","overlay-gradient":""}},"ast-content-background-meta":{"desktop":{"background-color":"var(--ast-global-color-5)","background-image":"","background-repeat":"repeat","background-position":"center center","background-size":"auto","background-attachment":"scroll","background-type":"","background-media":"","overlay-type":"","overlay-color":"","overlay-opacity":"","overlay-gradient":""},"tablet":{"background-color":"var(--ast-global-color-5)","background-image":"","background-repeat":"repeat","background-position":"center center","background-size":"auto","background-attachment":"scroll","background-type":"","background-media":"","overlay-type":"","overlay-color":"","overlay-opacity":"","overlay-gradient":""},"mobile":{"background-color":"var(--ast-global-color-5)","background-image":"","background-repeat":"repeat","background-position":"center center","background-size":"auto","background-attachment":"scroll","background-type":"","background-media":"","overlay-type":"","overlay-color":"","overlay-opacity":"","overlay-gradient":""}},"footnotes":""},"categories":[74,1,86],"tags":[],"class_list":["post-1027","post","type-post","status-publish","format-standard","hentry","category-ajuntament","category-general","category-muralla-digital-revista"],"post_mailing_queue_ids":[],"_links":{"self":[{"href":"https:\/\/agora.xtec.cat\/cfacastelldefels\/wp-json\/wp\/v2\/posts\/1027","targetHints":{"allow":["GET"]}}],"collection":[{"href":"https:\/\/agora.xtec.cat\/cfacastelldefels\/wp-json\/wp\/v2\/posts"}],"about":[{"href":"https:\/\/agora.xtec.cat\/cfacastelldefels\/wp-json\/wp\/v2\/types\/post"}],"author":[{"embeddable":true,"href":"https:\/\/agora.xtec.cat\/cfacastelldefels\/wp-json\/wp\/v2\/users\/1"}],"replies":[{"embeddable":true,"href":"https:\/\/agora.xtec.cat\/cfacastelldefels\/wp-json\/wp\/v2\/comments?post=1027"}],"version-history":[{"count":2,"href":"https:\/\/agora.xtec.cat\/cfacastelldefels\/wp-json\/wp\/v2\/posts\/1027\/revisions"}],"predecessor-version":[{"id":1034,"href":"https:\/\/agora.xtec.cat\/cfacastelldefels\/wp-json\/wp\/v2\/posts\/1027\/revisions\/1034"}],"wp:attachment":[{"href":"https:\/\/agora.xtec.cat\/cfacastelldefels\/wp-json\/wp\/v2\/media?parent=1027"}],"wp:term":[{"taxonomy":"category","embeddable":true,"href":"https:\/\/agora.xtec.cat\/cfacastelldefels\/wp-json\/wp\/v2\/categories?post=1027"},{"taxonomy":"post_tag","embeddable":true,"href":"https:\/\/agora.xtec.cat\/cfacastelldefels\/wp-json\/wp\/v2\/tags?post=1027"}],"curies":[{"name":"wp","href":"https:\/\/api.w.org\/{rel}","templated":true}]}}