{"id":1016,"date":"2016-09-16T18:54:47","date_gmt":"2016-09-16T17:54:47","guid":{"rendered":"http:\/\/agora.xtec.cat\/cfajverdaguercastelldefels\/?p=1016"},"modified":"2017-02-11T13:05:59","modified_gmt":"2017-02-11T12:05:59","slug":"inici-del-curs-i-matricula","status":"publish","type":"post","link":"https:\/\/agora.xtec.cat\/cfacastelldefels\/general\/inici-del-curs-i-matricula\/","title":{"rendered":"Inici del curs i matr\u00edcula"},"content":{"rendered":"<p><strong>Comencem el curs amb els alumnes el dilluns dia 19 de setembre amb l&#8217;horari de cada grup.\u00a0<\/strong><\/p>\n<p><a href=\"http:\/\/agora.xtec.cat\/cfajverdaguercastelldefels\/wp-content\/uploads\/usu251\/2016\/09\/benvinguts_al_nou_curs_escolar.gif\"><img loading=\"lazy\" decoding=\"async\" class=\" wp-image-1017 alignright\" src=\"http:\/\/agora.xtec.cat\/cfajverdaguercastelldefels\/wp-content\/uploads\/usu251\/2016\/09\/benvinguts_al_nou_curs_escolar.gif\" alt=\"benvinguts_al_nou_curs_escolar\" width=\"333\" height=\"250\" \/><\/a><\/p>\n<p>Recordeu que l&#8217;oferta del centre inclou: acc\u00e8s a la Universitat per majors de 25 i 40 anys, als cicles formatius de grau superior, graduat de secund\u00e0ria per a persones adultes, angl\u00e8s tres nivells A1,A2,A2+ ( equival a EOI 1r i 2n), castell\u00e0 tres nivells A1,A2,B1, catal\u00e0 2 nivells A1, A2, INFORM\u00c0TICA Inicial i nivells b\u00e0sic i mitj\u00e0 Actic del departament de treball.<\/p>\n<p><strong>Encara tenim vacants<\/strong> en certs grups (acc\u00e8s , Ges, certs cursos de lleng\u00fces&#8230;) <strong>podeu passar en horari d&#8217;atenci\u00f3 al p\u00fablic a partir del dilluns<\/strong>. El nostre centre ofereix classes de les 9 del mat\u00ed a les 9 del vespre. L&#8217;equip docent est\u00e0 format per un equip professors. L&#8217;equip docent t\u00e9 un horari espec\u00edfic per atendre en les mat\u00e8ries i tutories a l&#8217;alumnat i futurs alumnes que desitgen informaci\u00f3. L&#8217;horari de consergeria \u00e9s de 9 a 13 i de 15 a 20h. Al centre trobarreu infromaci\u00f3 sobre els cursos i els horaris.<\/p>\n<p>Recordeu que mentre es fan les obres al carrer Murall serem al carrer de l&#8217;esgl\u00e9sia davant de l&#8217;ajuntament.<\/p>\n<p>Es recorda a tot l&#8217;alumnat la import\u00e0cia de respectar el treball dels companys, les normes b\u00e0siques de cortesia i normes (no fumar en el recinte, no usar m\u00f2bils, procurar entrar amb tranquilitat i sense massa soroll, no menjar a les aules&#8230;)<\/p>\n<p>l&#8217;Equip Docent<\/p>\n","protected":false},"excerpt":{"rendered":"<p>Comencem el curs amb els alumnes el dilluns dia 19 de setembre amb l&#8217;horari de cada grup.\u00a0 Recordeu que l&#8217;oferta del centre inclou: acc\u00e8s a la Universitat per majors de 25 i 40 anys, als cicles formatius de grau superior, graduat de secund\u00e0ria per a persones adultes, angl\u00e8s tres nivells A1,A2,A2+ ( equival a EOI [&hellip;]<\/p>\n","protected":false},"author":1,"featured_media":0,"comment_status":"open","ping_status":"open","sticky":false,"template":"","format":"standard","meta":{"_bbp_topic_count":0,"_bbp_reply_count":0,"_bbp_total_topic_count":0,"_bbp_total_reply_count":0,"_bbp_voice_count":0,"_bbp_anonymous_reply_count":0,"_bbp_topic_count_hidden":0,"_bbp_reply_count_hidden":0,"_bbp_forum_subforum_count":0,"site-sidebar-layout":"default","site-content-layout":"","ast-site-content-layout":"","site-content-style":"default","site-sidebar-style":"default","ast-global-header-display":"","ast-banner-title-visibility":"","ast-main-header-display":"","ast-hfb-above-header-display":"","ast-hfb-below-header-display":"","ast-hfb-mobile-header-display":"","site-post-title":"","ast-breadcrumbs-content":"","ast-featured-img":"","footer-sml-layout":"","theme-transparent-header-meta":"","adv-header-id-meta":"","stick-header-meta":"","header-above-stick-meta":"","header-main-stick-meta":"","header-below-stick-meta":"","astra-migrate-meta-layouts":"default","ast-page-background-enabled":"default","ast-page-background-meta":{"desktop":{"background-color":"var(--ast-global-color-4)","background-image":"","background-repeat":"repeat","background-position":"center center","background-size":"auto","background-attachment":"scroll","background-type":"","background-media":"","overlay-type":"","overlay-color":"","overlay-opacity":"","overlay-gradient":""},"tablet":{"background-color":"","background-image":"","background-repeat":"repeat","background-position":"center center","background-size":"auto","background-attachment":"scroll","background-type":"","background-media":"","overlay-type":"","overlay-color":"","overlay-opacity":"","overlay-gradient":""},"mobile":{"background-color":"","background-image":"","background-repeat":"repeat","background-position":"center center","background-size":"auto","background-attachment":"scroll","background-type":"","background-media":"","overlay-type":"","overlay-color":"","overlay-opacity":"","overlay-gradient":""}},"ast-content-background-meta":{"desktop":{"background-color":"var(--ast-global-color-5)","background-image":"","background-repeat":"repeat","background-position":"center center","background-size":"auto","background-attachment":"scroll","background-type":"","background-media":"","overlay-type":"","overlay-color":"","overlay-opacity":"","overlay-gradient":""},"tablet":{"background-color":"var(--ast-global-color-5)","background-image":"","background-repeat":"repeat","background-position":"center center","background-size":"auto","background-attachment":"scroll","background-type":"","background-media":"","overlay-type":"","overlay-color":"","overlay-opacity":"","overlay-gradient":""},"mobile":{"background-color":"var(--ast-global-color-5)","background-image":"","background-repeat":"repeat","background-position":"center center","background-size":"auto","background-attachment":"scroll","background-type":"","background-media":"","overlay-type":"","overlay-color":"","overlay-opacity":"","overlay-gradient":""}},"footnotes":""},"categories":[1,86],"tags":[],"class_list":["post-1016","post","type-post","status-publish","format-standard","hentry","category-general","category-muralla-digital-revista"],"post_mailing_queue_ids":[],"_links":{"self":[{"href":"https:\/\/agora.xtec.cat\/cfacastelldefels\/wp-json\/wp\/v2\/posts\/1016","targetHints":{"allow":["GET"]}}],"collection":[{"href":"https:\/\/agora.xtec.cat\/cfacastelldefels\/wp-json\/wp\/v2\/posts"}],"about":[{"href":"https:\/\/agora.xtec.cat\/cfacastelldefels\/wp-json\/wp\/v2\/types\/post"}],"author":[{"embeddable":true,"href":"https:\/\/agora.xtec.cat\/cfacastelldefels\/wp-json\/wp\/v2\/users\/1"}],"replies":[{"embeddable":true,"href":"https:\/\/agora.xtec.cat\/cfacastelldefels\/wp-json\/wp\/v2\/comments?post=1016"}],"version-history":[{"count":1,"href":"https:\/\/agora.xtec.cat\/cfacastelldefels\/wp-json\/wp\/v2\/posts\/1016\/revisions"}],"predecessor-version":[{"id":1018,"href":"https:\/\/agora.xtec.cat\/cfacastelldefels\/wp-json\/wp\/v2\/posts\/1016\/revisions\/1018"}],"wp:attachment":[{"href":"https:\/\/agora.xtec.cat\/cfacastelldefels\/wp-json\/wp\/v2\/media?parent=1016"}],"wp:term":[{"taxonomy":"category","embeddable":true,"href":"https:\/\/agora.xtec.cat\/cfacastelldefels\/wp-json\/wp\/v2\/categories?post=1016"},{"taxonomy":"post_tag","embeddable":true,"href":"https:\/\/agora.xtec.cat\/cfacastelldefels\/wp-json\/wp\/v2\/tags?post=1016"}],"curies":[{"name":"wp","href":"https:\/\/api.w.org\/{rel}","templated":true}]}}