{"id":1014,"date":"2016-09-11T12:20:54","date_gmt":"2016-09-11T11:20:54","guid":{"rendered":"http:\/\/agora.xtec.cat\/cfajverdaguercastelldefels\/?p=1014"},"modified":"2016-09-16T18:55:38","modified_gmt":"2016-09-16T17:55:38","slug":"tenim-eoi-a-castelldefels","status":"publish","type":"post","link":"https:\/\/agora.xtec.cat\/cfacastelldefels\/general\/tenim-eoi-a-castelldefels\/","title":{"rendered":"Tenim EOI a Castelldefels?"},"content":{"rendered":"<p>Actualment la poblaci\u00f3 m\u00e9s propera a Castelldefels amb EOI \u00e9s Viladecans. Molt a prop per\u00f2 donada la l&#8217;oferta no sempre es poden matricular.<\/p>\n<p>El centre de formaci\u00f3 d&#8217;Adults de Castelldefels (CFA Castelldefels abans Jacint Verdaguer) oferta curs de nivell inicial de llengua anglesa dels nivells A1, A2, i A2+, tamb\u00e9 tenim curs de castell\u00e0 per no castellano parlants i catal\u00e0.<\/p>\n<p><strong>Des d&#8217;aquest curs els alumnes amb el certificat (nivell 3 superat) podem matricular-se en l&#8217;EOI en 3r sense fer prova de nivell. <\/strong>Aix\u00ed les alumnes que una vegada superat el nivell 3r del CFA Castelldefels es podran matricular en 3r d&#8217;EOI per poder continuar els estudis.<\/p>\n<p>En la convocat\u00f2ria d&#8217;aquest curs en la matr\u00edcula d&#8217;EOI ja ve recollit:<\/p>\n<p>\u201cA partir del curs 2016-2017, el certificat de nivell b\u00e0sic d\u2019angl\u00e8s i el certificat de nivell b\u00e0sic de franc\u00e8s d\u2019ensenyament d\u2019adults eximeixen de realitzar la prova de nivell per accedir directament a tercer curs de l\u2019idioma corresponent.\u201d<\/p>\n<p>En els darrers 3 cursos s&#8217;han fet proves de pilotatge a tots els alumnes de 3r dels CFAs per identificar el nivell que assolien amb proves externes (dissenyades pel departament i les EOIs) per tal de poder homologar els estudis i equival\u00e8ncies. Els cursos dels Centres de formaci\u00f3 d&#8217;adults s\u00f3n de 3hores en primer i segon i de 4 en 3r a partir d&#8217;aquest curs per tant reparteix en tres els cursos de 1r i 2n d&#8217;EOI que s\u00f3n de 5 hores.<\/p>\n<p>Cal recordar els alumnes i persones interessades que al final del curs 3r els alumnes han de realitzar les proves de nivell i avaluaci\u00f3 externes i que els programes que seguim corresponen a l&#8217;esquema i nivell del marc europeu de refer\u00e8ncia igual a l&#8217;usat en les EOis<\/p>\n","protected":false},"excerpt":{"rendered":"<p>Actualment la poblaci\u00f3 m\u00e9s propera a Castelldefels amb EOI \u00e9s Viladecans. Molt a prop per\u00f2 donada la l&#8217;oferta no sempre es poden matricular. El centre de formaci\u00f3 d&#8217;Adults de Castelldefels (CFA Castelldefels abans Jacint Verdaguer) oferta curs de nivell inicial de llengua anglesa dels nivells A1, A2, i A2+, tamb\u00e9 tenim curs de castell\u00e0 per [&hellip;]<\/p>\n","protected":false},"author":1,"featured_media":0,"comment_status":"open","ping_status":"open","sticky":false,"template":"","format":"standard","meta":{"_bbp_topic_count":0,"_bbp_reply_count":0,"_bbp_total_topic_count":0,"_bbp_total_reply_count":0,"_bbp_voice_count":0,"_bbp_anonymous_reply_count":0,"_bbp_topic_count_hidden":0,"_bbp_reply_count_hidden":0,"_bbp_forum_subforum_count":0,"site-sidebar-layout":"default","site-content-layout":"","ast-site-content-layout":"","site-content-style":"default","site-sidebar-style":"default","ast-global-header-display":"","ast-banner-title-visibility":"","ast-main-header-display":"","ast-hfb-above-header-display":"","ast-hfb-below-header-display":"","ast-hfb-mobile-header-display":"","site-post-title":"","ast-breadcrumbs-content":"","ast-featured-img":"","footer-sml-layout":"","theme-transparent-header-meta":"","adv-header-id-meta":"","stick-header-meta":"","header-above-stick-meta":"","header-main-stick-meta":"","header-below-stick-meta":"","astra-migrate-meta-layouts":"default","ast-page-background-enabled":"default","ast-page-background-meta":{"desktop":{"background-color":"var(--ast-global-color-4)","background-image":"","background-repeat":"repeat","background-position":"center center","background-size":"auto","background-attachment":"scroll","background-type":"","background-media":"","overlay-type":"","overlay-color":"","overlay-opacity":"","overlay-gradient":""},"tablet":{"background-color":"","background-image":"","background-repeat":"repeat","background-position":"center center","background-size":"auto","background-attachment":"scroll","background-type":"","background-media":"","overlay-type":"","overlay-color":"","overlay-opacity":"","overlay-gradient":""},"mobile":{"background-color":"","background-image":"","background-repeat":"repeat","background-position":"center center","background-size":"auto","background-attachment":"scroll","background-type":"","background-media":"","overlay-type":"","overlay-color":"","overlay-opacity":"","overlay-gradient":""}},"ast-content-background-meta":{"desktop":{"background-color":"var(--ast-global-color-5)","background-image":"","background-repeat":"repeat","background-position":"center center","background-size":"auto","background-attachment":"scroll","background-type":"","background-media":"","overlay-type":"","overlay-color":"","overlay-opacity":"","overlay-gradient":""},"tablet":{"background-color":"var(--ast-global-color-5)","background-image":"","background-repeat":"repeat","background-position":"center center","background-size":"auto","background-attachment":"scroll","background-type":"","background-media":"","overlay-type":"","overlay-color":"","overlay-opacity":"","overlay-gradient":""},"mobile":{"background-color":"var(--ast-global-color-5)","background-image":"","background-repeat":"repeat","background-position":"center center","background-size":"auto","background-attachment":"scroll","background-type":"","background-media":"","overlay-type":"","overlay-color":"","overlay-opacity":"","overlay-gradient":""}},"footnotes":""},"categories":[72,1,86,29],"tags":[],"class_list":["post-1014","post","type-post","status-publish","format-standard","hentry","category-english","category-general","category-muralla-digital-revista","category-portada"],"post_mailing_queue_ids":[],"_links":{"self":[{"href":"https:\/\/agora.xtec.cat\/cfacastelldefels\/wp-json\/wp\/v2\/posts\/1014","targetHints":{"allow":["GET"]}}],"collection":[{"href":"https:\/\/agora.xtec.cat\/cfacastelldefels\/wp-json\/wp\/v2\/posts"}],"about":[{"href":"https:\/\/agora.xtec.cat\/cfacastelldefels\/wp-json\/wp\/v2\/types\/post"}],"author":[{"embeddable":true,"href":"https:\/\/agora.xtec.cat\/cfacastelldefels\/wp-json\/wp\/v2\/users\/1"}],"replies":[{"embeddable":true,"href":"https:\/\/agora.xtec.cat\/cfacastelldefels\/wp-json\/wp\/v2\/comments?post=1014"}],"version-history":[{"count":1,"href":"https:\/\/agora.xtec.cat\/cfacastelldefels\/wp-json\/wp\/v2\/posts\/1014\/revisions"}],"predecessor-version":[{"id":1015,"href":"https:\/\/agora.xtec.cat\/cfacastelldefels\/wp-json\/wp\/v2\/posts\/1014\/revisions\/1015"}],"wp:attachment":[{"href":"https:\/\/agora.xtec.cat\/cfacastelldefels\/wp-json\/wp\/v2\/media?parent=1014"}],"wp:term":[{"taxonomy":"category","embeddable":true,"href":"https:\/\/agora.xtec.cat\/cfacastelldefels\/wp-json\/wp\/v2\/categories?post=1014"},{"taxonomy":"post_tag","embeddable":true,"href":"https:\/\/agora.xtec.cat\/cfacastelldefels\/wp-json\/wp\/v2\/tags?post=1014"}],"curies":[{"name":"wp","href":"https:\/\/api.w.org\/{rel}","templated":true}]}}