{"id":2069,"date":"2023-03-09T13:05:47","date_gmt":"2023-03-09T12:05:47","guid":{"rendered":"https:\/\/agora.xtec.cat\/cfacanserra\/?p=2069"},"modified":"2023-03-24T12:43:40","modified_gmt":"2023-03-24T11:43:40","slug":"8-de-marc-dia-internacional-de-la-dona","status":"publish","type":"post","link":"https:\/\/agora.xtec.cat\/cfacanserra\/general\/8-de-marc-dia-internacional-de-la-dona\/","title":{"rendered":"8 de mar\u00e7. Dia internacional de la Dona"},"content":{"rendered":"<p dir=\"auto\" style=\"text-align: justify;\">El 8 de mar\u00e7, Dia Internacional de la Dona, \u00e9s una de les festes m\u00e9s destacades que celebrem a l&#8217;escola. Com ja heu anat veient aquestes \u00faltimes setmanes que anava prenent forma, l&#8217;exposici\u00f3 d&#8217;enguany a l&#8217;espai de l&#8217;escala duu el t\u00edtol &#8220;Dones In\/Visibles&#8221;. Una selecci\u00f3 de dones que han destacat en diverses disciplines (periodisme, biologia, escriptura, arts pl\u00e0stiques, esport, dramat\u00fargia&#8230;) en uns plafons que simulen finestres. Les finestres a un m\u00f3n laboral que, fins que no van arribar elles, estava pensat pels homes i per als homes. Elles van obrir-se cam\u00ed, amb constant oposici\u00f3 de l&#8217;entorn i molta dificultat, i varen trencar els estereotips que la societat de la seva \u00e8poca els hi tenia pressuposats. Aires nous per a un m\u00f3n nou.<\/p>\n<div dir=\"auto\">\n<p>A l&#8217;espai central del finestral, podreu entretenir-vos contemplant desenes i desenes de fotografies de dones an\u00f2nimes, totes aquestes &#8220;dones invisibles&#8221; sense les quals no hauria estat possible ni la vida quotidiana ni la vida amb ideals de superaci\u00f3 i millora que han encarnat les seves descendents. Una manera de donar visibilitat a tants passos fets en el llarg cam\u00ed cap a la igualtat.<\/p>\n<p>Ahir al mat\u00ed, la nostra biblioteca es va transformar per unes hores en una sala de cinema, on l&#8217;alumnat va poder veure la pel\u00b7l\u00edcula &#8220;Mujeres ocultas&#8221; que narra la vida de 3 dones cient\u00edfiques afroamericanes que, a la d\u00e8cada del 1960, en plena carrera espacial i de lluita per als drets civils als EUA, van treballar a la NASA en un ambici\u00f3s projecte per a posar en \u00f2rbita l&#8217;astronauta John Glenn. Tres batalles individuals contra el sexisme i el racisme estructurals de tota una societat, amb una feina cient\u00edfica impecable i invisibilitzada&#8230;<\/p>\n<p>..Com invisibilitzades en la Hist\u00f2ria tamb\u00e9 van ser les dones que la il\u00b7lustradora i divulgadora cient\u00edfica Sandra Uve, ens va venir a presentar a la tarda, a la seva xerrada &#8220;Dones hist\u00f2riques exemplars&#8221;. Una magn\u00edfica exposici\u00f3 de diverses dones que van excel\u00b7lir en els seus camps (ci\u00e8ncia i humanitats) per\u00f2 que les seves autories no han sortit a la llum fins molts anys m\u00e9s tard.<\/p>\n<p>Tres activitats paral\u00b7leles (exposici\u00f3, cine-f\u00f2rum i xerrada) per posar de manifest que, tot i la invisibilitzaci\u00f3 sistem\u00e0tica, les dones sempre han lliutat per ser presents en els aven\u00e7os de la Humanitat.<\/p>\n<p>Per acabar el dia, la sempre benvinguda xocolatada amb xurros al pati de l&#8217;escola, on alumnat i professorat van poder compartir amb alegria el final d&#8217;una gran diada.<\/p>\n<p>Moltes gr\u00e0cies a totes per fer-ho possible, un any m\u00e9s.<\/p>\n<\/div>\n<div dir=\"auto\"><\/div>\n<div dir=\"auto\">\r\n\t<div class=\"slideshow_container slideshow_container_style-light\" style=\" \" data-slideshow-id=\"2096\" data-style-name=\"style-light\" data-style-version=\"2.3.1\" >\r\n\r\n\t\t\t\t\t<div class=\"slideshow_loading_icon\"><\/div>\r\n\t\t\r\n\t\t<div class=\"slideshow_content\" style=\"display: none;\">\r\n\r\n\t\t\t<div class=\"slideshow_view\">\r\n\t\t\t\t<div class=\"slideshow_slide slideshow_slide_image\">\r\n\t\t\t\t\t\t\t\t\t\t\t<img src=\"https:\/\/agora.xtec.cat\/cfacanserra\/wp-content\/uploads\/usu856\/2023\/03\/20230309_112926.jpg\" alt=\"Exposici\u00f3 Dones Invisibles\" width=\"1930\" height=\"1086\" \/>\r\n\t\t\t\t\t\t\t\t\t\t<div class=\"slideshow_description_box slideshow_transparent\">\r\n\t\t\t\t\t\t<div class=\"slideshow_title\">Exposici\u00f3 Dones Invisibles<\/div>\t\t\t\t\t\t\t\t\t\t\t<\/div>\r\n\t\t\t\t<\/div>\r\n\r\n\t\t\t\t\t\t<div style=\"clear: both;\"><\/div><\/div><div class=\"slideshow_view\">\r\n\t\t\t\t<div class=\"slideshow_slide slideshow_slide_image\">\r\n\t\t\t\t\t\t\t\t\t\t\t<img src=\"https:\/\/agora.xtec.cat\/cfacanserra\/wp-content\/uploads\/usu856\/2023\/03\/20230309_112941.jpg\" alt=\"Dones\" width=\"1930\" height=\"1086\" \/>\r\n\t\t\t\t\t\t\t\t\t\t<div class=\"slideshow_description_box slideshow_transparent\">\r\n\t\t\t\t\t\t<div class=\"slideshow_title\">Dones<\/div>\t\t\t\t\t\t\t\t\t\t\t<\/div>\r\n\t\t\t\t<\/div>\r\n\r\n\t\t\t\t\t\t<div style=\"clear: both;\"><\/div><\/div><div class=\"slideshow_view\">\r\n\t\t\t\t<div class=\"slideshow_slide slideshow_slide_image\">\r\n\t\t\t\t\t\t\t\t\t\t\t<img src=\"https:\/\/agora.xtec.cat\/cfacanserra\/wp-content\/uploads\/usu856\/2023\/03\/20230309_113001.jpg\" alt=\"Dones in\/visibles\" width=\"1930\" height=\"1086\" \/>\r\n\t\t\t\t\t\t\t\t\t\t<div class=\"slideshow_description_box slideshow_transparent\">\r\n\t\t\t\t\t\t<div class=\"slideshow_title\">Dones in\/visibles<\/div>\t\t\t\t\t\t\t\t\t\t\t<\/div>\r\n\t\t\t\t<\/div>\r\n\r\n\t\t\t\t\t\t<div style=\"clear: both;\"><\/div><\/div><div class=\"slideshow_view\">\r\n\t\t\t\t<div class=\"slideshow_slide slideshow_slide_image\">\r\n\t\t\t\t\t\t\t\t\t\t\t<img src=\"https:\/\/agora.xtec.cat\/cfacanserra\/wp-content\/uploads\/usu856\/2023\/03\/1678354824244.jpg\" alt=\"Entrada al cinef\u00f2rum\" width=\"1500\" height=\"2000\" \/>\r\n\t\t\t\t\t\t\t\t\t\t<div class=\"slideshow_description_box slideshow_transparent\">\r\n\t\t\t\t\t\t<div class=\"slideshow_title\">Entrada al cinef\u00f2rum<\/div>\t\t\t\t\t\t\t\t\t\t\t<\/div>\r\n\t\t\t\t<\/div>\r\n\r\n\t\t\t\t\t\t<div style=\"clear: both;\"><\/div><\/div><div class=\"slideshow_view\">\r\n\t\t\t\t<div class=\"slideshow_slide slideshow_slide_image\">\r\n\t\t\t\t\t\t\t\t\t\t\t<img src=\"https:\/\/agora.xtec.cat\/cfacanserra\/wp-content\/uploads\/usu856\/2023\/03\/1678354824305-1.jpg\" alt=\"Catifa cinematogr\u00e0fica\" width=\"1500\" height=\"2000\" \/>\r\n\t\t\t\t\t\t\t\t\t\t<div class=\"slideshow_description_box slideshow_transparent\">\r\n\t\t\t\t\t\t<div class=\"slideshow_title\">Catifa cinematogr\u00e0fica<\/div>\t\t\t\t\t\t\t\t\t\t\t<\/div>\r\n\t\t\t\t<\/div>\r\n\r\n\t\t\t\t\t\t<div style=\"clear: both;\"><\/div><\/div><div class=\"slideshow_view\">\r\n\t\t\t\t<div class=\"slideshow_slide slideshow_slide_image\">\r\n\t\t\t\t\t\t\t\t\t\t\t<img src=\"https:\/\/agora.xtec.cat\/cfacanserra\/wp-content\/uploads\/usu856\/2023\/03\/1678354824418-2.jpg\" alt=\"Crispetes per als assistents\" width=\"1500\" height=\"2000\" \/>\r\n\t\t\t\t\t\t\t\t\t\t<div class=\"slideshow_description_box slideshow_transparent\">\r\n\t\t\t\t\t\t<div class=\"slideshow_title\">Crispetes per als assistents<\/div>\t\t\t\t\t\t\t\t\t\t\t<\/div>\r\n\t\t\t\t<\/div>\r\n\r\n\t\t\t\t\t\t<div style=\"clear: both;\"><\/div><\/div><div class=\"slideshow_view\">\r\n\t\t\t\t<div class=\"slideshow_slide slideshow_slide_image\">\r\n\t\t\t\t\t\t\t\t\t\t\t<img src=\"https:\/\/agora.xtec.cat\/cfacanserra\/wp-content\/uploads\/usu856\/2023\/03\/1678354824688.jpg\" alt=\"Presentaci\u00f3 Xerrada\" width=\"1600\" height=\"757\" \/>\r\n\t\t\t\t\t\t\t\t\t\t<div class=\"slideshow_description_box slideshow_transparent\">\r\n\t\t\t\t\t\t<div class=\"slideshow_title\">Presentaci\u00f3 Xerrada<\/div>\t\t\t\t\t\t\t\t\t\t\t<\/div>\r\n\t\t\t\t<\/div>\r\n\r\n\t\t\t\t\t\t<div style=\"clear: both;\"><\/div><\/div><div class=\"slideshow_view\">\r\n\t\t\t\t<div class=\"slideshow_slide slideshow_slide_image\">\r\n\t\t\t\t\t\t\t\t\t\t\t<img src=\"https:\/\/agora.xtec.cat\/cfacanserra\/wp-content\/uploads\/usu856\/2023\/03\/1678354824658.jpg\" alt=\"Sandra Uve\" width=\"921\" height=\"2048\" \/>\r\n\t\t\t\t\t\t\t\t\t\t<div class=\"slideshow_description_box slideshow_transparent\">\r\n\t\t\t\t\t\t<div class=\"slideshow_title\">Sandra Uve<\/div>\t\t\t\t\t\t\t\t\t\t\t<\/div>\r\n\t\t\t\t<\/div>\r\n\r\n\t\t\t\t\t\t<div style=\"clear: both;\"><\/div><\/div><div class=\"slideshow_view\">\r\n\t\t\t\t<div class=\"slideshow_slide slideshow_slide_image\">\r\n\t\t\t\t\t\t\t\t\t\t\t<img src=\"https:\/\/agora.xtec.cat\/cfacanserra\/wp-content\/uploads\/usu856\/2023\/03\/1678354824887.jpg\" alt=\"Xocolatada\" width=\"2158\" height=\"971\" \/>\r\n\t\t\t\t\t\t\t\t\t\t<div class=\"slideshow_description_box slideshow_transparent\">\r\n\t\t\t\t\t\t<div class=\"slideshow_title\">Xocolatada<\/div>\t\t\t\t\t\t\t\t\t\t\t<\/div>\r\n\t\t\t\t<\/div>\r\n\r\n\t\t\t\t\t\t<div style=\"clear: both;\"><\/div><\/div><div class=\"slideshow_view\">\r\n\t\t\t\t<div class=\"slideshow_slide slideshow_slide_image\">\r\n\t\t\t\t\t\t\t\t\t\t\t<img src=\"https:\/\/agora.xtec.cat\/cfacanserra\/wp-content\/uploads\/usu856\/2023\/03\/1678354824791.jpg\" alt=\"Celebraci\u00f3 al pati\" width=\"2158\" height=\"971\" \/>\r\n\t\t\t\t\t\t\t\t\t\t<div class=\"slideshow_description_box slideshow_transparent\">\r\n\t\t\t\t\t\t<div class=\"slideshow_title\">Celebraci\u00f3 al pati<\/div>\t\t\t\t\t\t\t\t\t\t\t<\/div>\r\n\t\t\t\t<\/div>\r\n\r\n\t\t\t\t\t\t<div style=\"clear: both;\"><\/div><\/div>\r\n\t\t<\/div>\r\n\r\n\t\t<div class=\"slideshow_controlPanel slideshow_transparent\" style=\"display: none;\"><ul><li class=\"slideshow_togglePlay\" data-play-text=\"Visualitza\" data-pause-text=\"Pausa\"><\/li><\/ul><\/div>\r\n\r\n\t\t<div class=\"slideshow_button slideshow_previous slideshow_transparent\" role=\"button\" data-previous-text=\"Anterior\" style=\"display: none;\"><\/div>\r\n\t\t<div class=\"slideshow_button slideshow_next slideshow_transparent\" role=\"button\" data-next-text=\"Seg\u00fcent\" style=\"display: none;\"><\/div>\r\n\r\n\t\t<div class=\"slideshow_pagination\" style=\"display: none;\" data-go-to-text=\"V\u00e9s a la diapositiva\"><div class=\"slideshow_pagination_center\"><\/div><\/div>\r\n\r\n\t\t<!-- WordPress Slideshow Version 2.3.1 -->\r\n\r\n\t\t\t<\/div>\r\n\r\n<\/div>\n<div dir=\"auto\"><\/div>\n<div dir=\"auto\"><\/div>\n<div dir=\"auto\"><\/div>\n<div dir=\"auto\"><\/div>\n<div dir=\"auto\"><\/div>\n","protected":false},"excerpt":{"rendered":"<p>El 8 de mar\u00e7, Dia Internacional de la Dona, \u00e9s una de les festes m\u00e9s destacades que celebrem a l&#8217;escola. Com ja heu anat veient aquestes \u00faltimes setmanes que anava prenent forma, l&#8217;exposici\u00f3 d&#8217;enguany a l&#8217;espai de l&#8217;escala duu el t\u00edtol &#8220;Dones In\/Visibles&#8221;. Una selecci\u00f3&hellip;  <a href=\"https:\/\/agora.xtec.cat\/cfacanserra\/general\/8-de-marc-dia-internacional-de-la-dona\/\" title=\"Read 8 de mar\u00e7. Dia internacional de la Dona\">Llegeix m\u00e9s\u00bb<\/a><\/p>\n","protected":false},"author":1,"featured_media":2090,"comment_status":"closed","ping_status":"closed","sticky":false,"template":"","format":"standard","meta":{"_bbp_topic_count":0,"_bbp_reply_count":0,"_bbp_total_topic_count":0,"_bbp_total_reply_count":0,"_bbp_voice_count":0,"_bbp_anonymous_reply_count":0,"_bbp_topic_count_hidden":0,"_bbp_reply_count_hidden":0,"_bbp_forum_subforum_count":0,"footnotes":""},"categories":[1,29],"tags":[],"class_list":["post-2069","post","type-post","status-publish","format-standard","has-post-thumbnail","hentry","category-general","category-portada"],"post_mailing_queue_ids":[],"_links":{"self":[{"href":"https:\/\/agora.xtec.cat\/cfacanserra\/wp-json\/wp\/v2\/posts\/2069","targetHints":{"allow":["GET"]}}],"collection":[{"href":"https:\/\/agora.xtec.cat\/cfacanserra\/wp-json\/wp\/v2\/posts"}],"about":[{"href":"https:\/\/agora.xtec.cat\/cfacanserra\/wp-json\/wp\/v2\/types\/post"}],"author":[{"embeddable":true,"href":"https:\/\/agora.xtec.cat\/cfacanserra\/wp-json\/wp\/v2\/users\/1"}],"replies":[{"embeddable":true,"href":"https:\/\/agora.xtec.cat\/cfacanserra\/wp-json\/wp\/v2\/comments?post=2069"}],"version-history":[{"count":4,"href":"https:\/\/agora.xtec.cat\/cfacanserra\/wp-json\/wp\/v2\/posts\/2069\/revisions"}],"predecessor-version":[{"id":2144,"href":"https:\/\/agora.xtec.cat\/cfacanserra\/wp-json\/wp\/v2\/posts\/2069\/revisions\/2144"}],"wp:featuredmedia":[{"embeddable":true,"href":"https:\/\/agora.xtec.cat\/cfacanserra\/wp-json\/wp\/v2\/media\/2090"}],"wp:attachment":[{"href":"https:\/\/agora.xtec.cat\/cfacanserra\/wp-json\/wp\/v2\/media?parent=2069"}],"wp:term":[{"taxonomy":"category","embeddable":true,"href":"https:\/\/agora.xtec.cat\/cfacanserra\/wp-json\/wp\/v2\/categories?post=2069"},{"taxonomy":"post_tag","embeddable":true,"href":"https:\/\/agora.xtec.cat\/cfacanserra\/wp-json\/wp\/v2\/tags?post=2069"}],"curies":[{"name":"wp","href":"https:\/\/api.w.org\/{rel}","templated":true}]}}