{"id":1964,"date":"2022-10-24T20:50:43","date_gmt":"2022-10-24T18:50:43","guid":{"rendered":"https:\/\/agora.xtec.cat\/cfacanserra\/?p=1964"},"modified":"2022-11-24T17:13:38","modified_gmt":"2022-11-24T16:13:38","slug":"mantenint-lesperit-del-50e-aniversari","status":"publish","type":"post","link":"https:\/\/agora.xtec.cat\/cfacanserra\/general\/mantenint-lesperit-del-50e-aniversari\/","title":{"rendered":"Mantenint l&#8217;esperit del 50\u00e8 aniversari"},"content":{"rendered":"<p>Ja portem unes setmanes de curs, d&#8217;un nou curs, amb grups nous, alumnat nou, professorat nou.<\/p>\n<p><a href=\"https:\/\/agora.xtec.cat\/cfacanserra\/wp-content\/uploads\/usu856\/2022\/10\/Presentacion.jpg\"><img loading=\"lazy\" decoding=\"async\" class=\"wp-image-1965 aligncenter\" src=\"https:\/\/agora.xtec.cat\/cfacanserra\/wp-content\/uploads\/usu856\/2022\/10\/Presentacion-1024x1024.jpg\" alt=\"\" width=\"407\" height=\"407\" srcset=\"https:\/\/agora.xtec.cat\/cfacanserra\/wp-content\/uploads\/usu856\/2022\/10\/Presentacion-1024x1024.jpg 1024w, https:\/\/agora.xtec.cat\/cfacanserra\/wp-content\/uploads\/usu856\/2022\/10\/Presentacion-300x300.jpg 300w, https:\/\/agora.xtec.cat\/cfacanserra\/wp-content\/uploads\/usu856\/2022\/10\/Presentacion-150x150.jpg 150w, https:\/\/agora.xtec.cat\/cfacanserra\/wp-content\/uploads\/usu856\/2022\/10\/Presentacion-768x768.jpg 768w, https:\/\/agora.xtec.cat\/cfacanserra\/wp-content\/uploads\/usu856\/2022\/10\/Presentacion.jpg 1200w\" sizes=\"auto, (max-width: 407px) 100vw, 407px\" \/><\/a><\/p>\n<p style=\"text-align: justify;\">El que no \u00e9s nou i no volem que canvi\u00ef \u00e9s l&#8217;esperit de servei amb el que va n\u00e9ixer l&#8217;escola. En les presentacions, un dels punts que es va tractar en tots els grups va ser el recentment celebrat 50\u00e8 aniversari de la nostra escola. L&#8217;objectiu era transmetre a tothom que s&#8217;incorpora qu\u00e8 \u00e9s el CFA Can Serra, quin \u00e9s el seu sentit de ser i, el curs passat, va ser clau per entendre&#8217;l, tamb\u00e9 per les persones que en formem part fa m\u00e9s temps.<\/p>\n<p style=\"text-align: justify;\">Pels qui no vau poder ser-hi, us expliquem com va ser la celebraci\u00f3 del 50\u00e8 aniversari. Al juny, l&#8217;escola amb la col\u00b7laboraci\u00f3 de l&#8217;Ajuntament de l&#8217;Hospitalet va programar un acte a la Casa de Reconciliaci\u00f3 que va resultar molt entranyable. M\u00fasica, participaci\u00f3 de l&#8217;alcaldessa de la ciutat,\u00a0participaci\u00f3 en la taula rodona d&#8217;antic professorat i alumnat, projecci\u00f3 d&#8217;un v\u00eddeo amb l&#8217;evoluci\u00f3 de l&#8217;escola, intervencions per part de totes les direccions del CFA Can Serra, paraules d&#8217;alumnat actual i per concloure, un pica-pica.<\/p>\n<p><a href=\"https:\/\/agora.xtec.cat\/cfacanserra\/wp-content\/uploads\/usu856\/2022\/10\/50-aniv-2.jpg\"><img loading=\"lazy\" decoding=\"async\" class=\"wp-image-1972 alignright\" src=\"https:\/\/agora.xtec.cat\/cfacanserra\/wp-content\/uploads\/usu856\/2022\/10\/50-aniv-2-1024x1024.jpg\" alt=\"\" width=\"462\" height=\"462\" srcset=\"https:\/\/agora.xtec.cat\/cfacanserra\/wp-content\/uploads\/usu856\/2022\/10\/50-aniv-2-1024x1024.jpg 1024w, https:\/\/agora.xtec.cat\/cfacanserra\/wp-content\/uploads\/usu856\/2022\/10\/50-aniv-2-300x300.jpg 300w, https:\/\/agora.xtec.cat\/cfacanserra\/wp-content\/uploads\/usu856\/2022\/10\/50-aniv-2-150x150.jpg 150w, https:\/\/agora.xtec.cat\/cfacanserra\/wp-content\/uploads\/usu856\/2022\/10\/50-aniv-2-768x768.jpg 768w, https:\/\/agora.xtec.cat\/cfacanserra\/wp-content\/uploads\/usu856\/2022\/10\/50-aniv-2.jpg 1200w\" sizes=\"auto, (max-width: 462px) 100vw, 462px\" \/><\/a><a href=\"https:\/\/agora.xtec.cat\/cfacanserra\/wp-content\/uploads\/usu856\/2022\/10\/50-aniv-3.jpg\"><img loading=\"lazy\" decoding=\"async\" class=\"wp-image-1977 alignleft\" src=\"https:\/\/agora.xtec.cat\/cfacanserra\/wp-content\/uploads\/usu856\/2022\/10\/50-aniv-3-1024x1024.jpg\" alt=\"\" width=\"465\" height=\"465\" srcset=\"https:\/\/agora.xtec.cat\/cfacanserra\/wp-content\/uploads\/usu856\/2022\/10\/50-aniv-3-1024x1024.jpg 1024w, https:\/\/agora.xtec.cat\/cfacanserra\/wp-content\/uploads\/usu856\/2022\/10\/50-aniv-3-300x300.jpg 300w, https:\/\/agora.xtec.cat\/cfacanserra\/wp-content\/uploads\/usu856\/2022\/10\/50-aniv-3-150x150.jpg 150w, https:\/\/agora.xtec.cat\/cfacanserra\/wp-content\/uploads\/usu856\/2022\/10\/50-aniv-3-768x768.jpg 768w, https:\/\/agora.xtec.cat\/cfacanserra\/wp-content\/uploads\/usu856\/2022\/10\/50-aniv-3.jpg 1200w\" sizes=\"auto, (max-width: 465px) 100vw, 465px\" \/><\/a><\/p>\n<p>&nbsp;<\/p>\n<p>&nbsp;<\/p>\n<p>&nbsp;<\/p>\n<p>&nbsp;<\/p>\n<p>&nbsp;<\/p>\n<p>&nbsp;<\/p>\n<p>&nbsp;<\/p>\n<p>&nbsp;<\/p>\n<p>&nbsp;<\/p>\n<p>&nbsp;<\/p>\n<p>&nbsp;<\/p>\n<p style=\"text-align: justify;\">En la taula rodona ens van descobrir un origen d&#8217;escola molt interessant. En un\u00a0 moment de naixement del barri amb persones que volien millorar la seva vida, es va veure la necessitat de crear un espai on es pogu\u00e9s aprendre a llegir, a escriure i les regles b\u00e0siques de matem\u00e0tiques. Per\u00f2 no nom\u00e9s aix\u00f2, es necessitava un lloc on agafar eines per poder participar de forma activa en la societat. Gran repte! I all\u00f2 va ser la llavor de l&#8217;actual Centre de Formaci\u00f3 de Persones Adultes. L&#8217;escola ha anat canviant, igual que la societat, i ja es tracta d&#8217;aix\u00f2, de donar resposta real a les necessitats educatives del barri en cada \u00e8poca.<\/p>\n<p><a href=\"https:\/\/agora.xtec.cat\/cfacanserra\/wp-content\/uploads\/usu856\/2022\/10\/Taula-rodona-e1666636535630.jpg\"><img loading=\"lazy\" decoding=\"async\" class=\"wp-image-1978 aligncenter\" src=\"https:\/\/agora.xtec.cat\/cfacanserra\/wp-content\/uploads\/usu856\/2022\/10\/Taula-rodona-e1666636535630-1024x589.jpg\" alt=\"\" width=\"487\" height=\"280\" srcset=\"https:\/\/agora.xtec.cat\/cfacanserra\/wp-content\/uploads\/usu856\/2022\/10\/Taula-rodona-e1666636535630-1024x589.jpg 1024w, https:\/\/agora.xtec.cat\/cfacanserra\/wp-content\/uploads\/usu856\/2022\/10\/Taula-rodona-e1666636535630-300x173.jpg 300w, https:\/\/agora.xtec.cat\/cfacanserra\/wp-content\/uploads\/usu856\/2022\/10\/Taula-rodona-e1666636535630-768x442.jpg 768w, https:\/\/agora.xtec.cat\/cfacanserra\/wp-content\/uploads\/usu856\/2022\/10\/Taula-rodona-e1666636535630-1536x884.jpg 1536w, https:\/\/agora.xtec.cat\/cfacanserra\/wp-content\/uploads\/usu856\/2022\/10\/Taula-rodona-e1666636535630.jpg 1920w\" sizes=\"auto, (max-width: 487px) 100vw, 487px\" \/><\/a><\/p>\n<p style=\"text-align: justify;\">Gr\u00e0cies a aquella taula rodona vam con\u00e8ixer el sentit amb el que havia nascut l&#8217;escola, ens va fer conscients que volem continuar sent un centre que d\u00f3na servei al barri, que ajuda als ve\u00efns i ve\u00efnes.<\/p>\n<p style=\"text-align: justify;\">I \u00e9s que ens omple d&#8217;orgull formar part de la hist\u00f2ria del CFA Can Serra.<\/p>\n","protected":false},"excerpt":{"rendered":"<p>Ja portem unes setmanes de curs, d&#8217;un nou curs, amb grups nous, alumnat nou, professorat nou.<br \/>\n<a href=\"https:\/\/agora.xtec.cat\/cfacanserra\/wp-content\/uploads\/usu856\/2022\/10\/Presentacion.jpg\"><\/a><br \/>\nEl que no \u00e9s nou i no volem que canvi\u00ef \u00e9s l&#8217;esperit de servei amb el que va n\u00e9ixer l&#8217;escola. En les presentacions, un dels punts que es va&hellip;  <a href=\"https:\/\/agora.xtec.cat\/cfacanserra\/general\/mantenint-lesperit-del-50e-aniversari\/\" title=\"Read Mantenint l&#8217;esperit del 50\u00e8 aniversari\">Llegeix m\u00e9s\u00bb<\/a><\/p>\n","protected":false},"author":1,"featured_media":0,"comment_status":"closed","ping_status":"closed","sticky":false,"template":"","format":"standard","meta":{"_bbp_topic_count":0,"_bbp_reply_count":0,"_bbp_total_topic_count":0,"_bbp_total_reply_count":0,"_bbp_voice_count":0,"_bbp_anonymous_reply_count":0,"_bbp_topic_count_hidden":0,"_bbp_reply_count_hidden":0,"_bbp_forum_subforum_count":0,"footnotes":""},"categories":[1,29],"tags":[],"class_list":["post-1964","post","type-post","status-publish","format-standard","hentry","category-general","category-portada"],"post_mailing_queue_ids":[],"_links":{"self":[{"href":"https:\/\/agora.xtec.cat\/cfacanserra\/wp-json\/wp\/v2\/posts\/1964","targetHints":{"allow":["GET"]}}],"collection":[{"href":"https:\/\/agora.xtec.cat\/cfacanserra\/wp-json\/wp\/v2\/posts"}],"about":[{"href":"https:\/\/agora.xtec.cat\/cfacanserra\/wp-json\/wp\/v2\/types\/post"}],"author":[{"embeddable":true,"href":"https:\/\/agora.xtec.cat\/cfacanserra\/wp-json\/wp\/v2\/users\/1"}],"replies":[{"embeddable":true,"href":"https:\/\/agora.xtec.cat\/cfacanserra\/wp-json\/wp\/v2\/comments?post=1964"}],"version-history":[{"count":3,"href":"https:\/\/agora.xtec.cat\/cfacanserra\/wp-json\/wp\/v2\/posts\/1964\/revisions"}],"predecessor-version":[{"id":1990,"href":"https:\/\/agora.xtec.cat\/cfacanserra\/wp-json\/wp\/v2\/posts\/1964\/revisions\/1990"}],"wp:attachment":[{"href":"https:\/\/agora.xtec.cat\/cfacanserra\/wp-json\/wp\/v2\/media?parent=1964"}],"wp:term":[{"taxonomy":"category","embeddable":true,"href":"https:\/\/agora.xtec.cat\/cfacanserra\/wp-json\/wp\/v2\/categories?post=1964"},{"taxonomy":"post_tag","embeddable":true,"href":"https:\/\/agora.xtec.cat\/cfacanserra\/wp-json\/wp\/v2\/tags?post=1964"}],"curies":[{"name":"wp","href":"https:\/\/api.w.org\/{rel}","templated":true}]}}