{"id":1910,"date":"2022-06-10T12:05:52","date_gmt":"2022-06-10T10:05:52","guid":{"rendered":"https:\/\/agora.xtec.cat\/cfacanserra\/?p=1910"},"modified":"2022-07-15T18:20:05","modified_gmt":"2022-07-15T16:20:05","slug":"preinscripcio-curs-2022-23","status":"publish","type":"post","link":"https:\/\/agora.xtec.cat\/cfacanserra\/general\/preinscripcio-curs-2022-23\/","title":{"rendered":"PREINSCRIPCI\u00d3 CURS 2022-23"},"content":{"rendered":"<p><strong>QUAN PUC FER LA PREINSCRIPCI\u00d3 PEL CURS 2022-2023?<\/strong><\/p>\n<p>Del 21 al 29 de juny del 2022<a href=\"https:\/\/agora.xtec.cat\/cfacanserra\/wp-content\/uploads\/usu856\/2022\/06\/Copia-de-Triptic-Preinscripcio.png\"><img loading=\"lazy\" decoding=\"async\" class=\" wp-image-1913 alignright\" src=\"https:\/\/agora.xtec.cat\/cfacanserra\/wp-content\/uploads\/usu856\/2022\/06\/Copia-de-Triptic-Preinscripcio-1024x791.png\" alt=\"\" width=\"479\" height=\"370\" srcset=\"https:\/\/agora.xtec.cat\/cfacanserra\/wp-content\/uploads\/usu856\/2022\/06\/Copia-de-Triptic-Preinscripcio-1024x791.png 1024w, https:\/\/agora.xtec.cat\/cfacanserra\/wp-content\/uploads\/usu856\/2022\/06\/Copia-de-Triptic-Preinscripcio-300x232.png 300w, https:\/\/agora.xtec.cat\/cfacanserra\/wp-content\/uploads\/usu856\/2022\/06\/Copia-de-Triptic-Preinscripcio-768x593.png 768w, https:\/\/agora.xtec.cat\/cfacanserra\/wp-content\/uploads\/usu856\/2022\/06\/Copia-de-Triptic-Preinscripcio-1536x1187.png 1536w, https:\/\/agora.xtec.cat\/cfacanserra\/wp-content\/uploads\/usu856\/2022\/06\/Copia-de-Triptic-Preinscripcio.png 2000w\" sizes=\"auto, (max-width: 479px) 100vw, 479px\" \/><\/a><\/p>\n<p><strong>COM S\u2019HA DE FER LA PREINSCRIPCI\u00d3?\u00a0<\/strong><\/p>\n<p>Es pot fer de forma telem\u00e0tica o presencial.<\/p>\n<p><strong><u>Telem\u00e0ticament<\/u><\/strong><\/p>\n<p>Cal enviar un correu electr\u00f2nic a l&#8217;adre\u00e7a<strong> secretaria<span class=\"\">@cfacanser<\/span><\/strong><strong>ra.com <\/strong>adjun<span style=\"font-family: inherit; font-size: 1em;\">tant:<\/span><\/p>\n<ul>\n<li style=\"list-style-type: none;\">\n<ul>\n<li>La <span style=\"color: #000000;\"><strong><a style=\"color: #000000;\" href=\"https:\/\/agora.xtec.cat\/cfacanserra\/wp-content\/uploads\/usu856\/2022\/06\/SOL\u00b7LICITUD-PREINSCRIPCIO.pdf\" target=\"_blank\" rel=\"noopener noreferrer\">SOL\u00b7LICITUD DE PREINSCRIPCI\u00d3<\/a><\/strong><\/span> omplerta en format pdf o fotografiada.<\/li>\n<li>DNI, NIE o passaport, fotografiat o pdf de les dues cares.<\/li>\n<\/ul>\n<\/li>\n<\/ul>\n<p>Des del centre us enviarem un correu de confirmaci\u00f3 que servir\u00e0 de justificant de la recepci\u00f3 de la preinscripci\u00f3.<\/p>\n<p><strong><u>Presencialment<\/u><\/strong><\/p>\n<ul style=\"list-style-type: square;\">\n<li>Cal portar l&#8217;<strong>original<\/strong> i una <strong>fotoc\u00f2pia del DNI, NIE o passaport<\/strong><\/li>\n<li>L&#8217;horari de preinscripci\u00f3 \u00e9s:\n<ul>\n<li style=\"list-style-type: none;\">\n<ul style=\"list-style-type: circle;\">\n<li>Mat\u00ed: dilluns, dimecres i divendres de 10h a 13h<\/li>\n<li>Tarda: dimarts i dijous de 16h a 19h<\/li>\n<\/ul>\n<\/li>\n<\/ul>\n<\/li>\n<\/ul>\n<p>Podeu consultar la informaci\u00f3 complerta a la web del <a href=\"https:\/\/preinscripcio.gencat.cat\/ca\/estudis\/educacio-adults\/inici\/\">Departament d&#8217;Educaci\u00f3<\/a><\/p>\n<p><strong>EN CAS DE MENORS D\u2019EDAT?<\/strong><\/p>\n<p>Amb car\u00e0cter general poden accedir als ensenyaments d&#8217;un centre d&#8217;adults les persones que han complert els <strong>18 anys<\/strong> o b\u00e9 els compleixen durant l&#8217;any natural en qu\u00e8 inicien la formaci\u00f3. Tamb\u00e9 hi poden accedir les persones que compleixen com a m\u00ednim 16 anys l&#8217;any natural en qu\u00e8 inicien la formaci\u00f3 i es troben en alguna de les situacions seg\u00fcents:<\/p>\n<ul>\n<li style=\"list-style-type: none;\">\n<ul>\n<li>tenir\u00a0un contracte laboral que els impedeix assistir als centres educatius en r\u00e8gim ordinari,<\/li>\n<li>trobar-se en proc\u00e9s d&#8217;obtenir\u00a0un perm\u00eds de treball,<\/li>\n<li>ser esportista d&#8217;alt rendiment,<\/li>\n<li>haver cursat i superat un programa de formaci\u00f3 i inserci\u00f3 (PFI),<\/li>\n<\/ul>\n<\/li>\n<\/ul>\n<p>Els\u00a0<strong>menors d&#8217;edat\u00a0<\/strong>tamb\u00e9 han d&#8217;enviar juntament amb la sol\u00b7licitud de preinscripci\u00f3 i el document identificatiu:<\/p>\n<ul>\n<li style=\"list-style-type: none;\">\n<ul>\n<li style=\"list-style-type: none;\">\n<ul>\n<li>L&#8217;original i una c\u00f2pia del llibre de fam\u00edlia.<\/li>\n<li>L&#8217;original i una c\u00f2pia del DNI de la persona sol\u00b7licitant (pare, mare, tutor\/a)<\/li>\n<\/ul>\n<\/li>\n<\/ul>\n<\/li>\n<\/ul>\n<p>Segons les circumst\u00e0ncies al\u00b7legades per la persona sol\u00b7licitant, tamb\u00e9 cal presentar:<\/p>\n<ul>\n<li style=\"list-style-type: none;\">\n<ul>\n<li style=\"list-style-type: none;\">\n<ul>\n<li>Persones amb\u00a0<strong>contracte laboral<\/strong>: el document que acrediti la seva afiliaci\u00f3 a la Seguretat Social (si no tenen obligaci\u00f3 d&#8217;estar afiliats, el certificat del familiar titular de l&#8217;empresa i la declaraci\u00f3 dels tutors legals).<\/li>\n<li>Persones en proc\u00e9s d&#8217;obtenci\u00f3 d&#8217;un\u00a0<strong>perm\u00eds de treball<\/strong>: la documentaci\u00f3 acreditativa corresponent.<\/li>\n<li>Esportistes d&#8217;<strong>alt rendiment\u00a0<\/strong>que comparteixen ensenyaments: el certificat acreditatiu expedit pel Consell Catal\u00e0 de l&#8217;Esport.<\/li>\n<li>Persones que han cursat i superat un programa de formaci\u00f3 i inserci\u00f3 (PFI): el certificat en qu\u00e8 consti que l&#8217;han cursat.<\/li>\n<\/ul>\n<\/li>\n<\/ul>\n<\/li>\n<\/ul>\n<p>&nbsp;<\/p>\n","protected":false},"excerpt":{"rendered":"<p>QUAN PUC FER LA PREINSCRIPCI\u00d3 PEL CURS 2022-2023?<br \/>\nDel 21 al 29 de juny del 2022<a href=\"https:\/\/agora.xtec.cat\/cfacanserra\/wp-content\/uploads\/usu856\/2022\/06\/Copia-de-Triptic-Preinscripcio.png\"><\/a><br \/>\nCOM S\u2019HA DE FER LA PREINSCRIPCI\u00d3?\u00a0<br \/>\nEs pot fer de forma telem\u00e0tica o presencial.<br \/>\nTelem\u00e0ticament<br \/>\nCal enviar un correu electr\u00f2nic a l&#8217;adre\u00e7a secretaria@cfacanserra.com adjuntant:<\/p>\n<ul>\n<li style=\"list-style-type: none;\">\n<ul>\n<li>La <a style=\"color: #000000;\" href=\"https:\/\/agora.xtec.cat\/cfacanserra\/wp-content\/uploads\/usu856\/2022\/06\/SOL\u00b7LICITUD-PREINSCRIPCIO.pdf\" target=\"_blank\" rel=\"noopener noreferrer\">SOL\u00b7LICITUD&hellip;  <a href=\"https:\/\/agora.xtec.cat\/cfacanserra\/general\/preinscripcio-curs-2022-23\/\" title=\"Read PREINSCRIPCI\u00d3 CURS 2022-23\">Llegeix m\u00e9s\u00bb<\/a><br \/>\n","protected":false},"author":1,"featured_media":1913,"comment_status":"closed","ping_status":"closed","sticky":false,"template":"","format":"standard","meta":{"_bbp_topic_count":0,"_bbp_reply_count":0,"_bbp_total_topic_count":0,"_bbp_total_reply_count":0,"_bbp_voice_count":0,"_bbp_anonymous_reply_count":0,"_bbp_topic_count_hidden":0,"_bbp_reply_count_hidden":0,"_bbp_forum_subforum_count":0,"footnotes":""},"categories":[1,29],"tags":[],"class_list":["post-1910","post","type-post","status-publish","format-standard","has-post-thumbnail","hentry","category-general","category-portada"],"post_mailing_queue_ids":[],"_links":{"self":[{"href":"https:\/\/agora.xtec.cat\/cfacanserra\/wp-json\/wp\/v2\/posts\/1910","targetHints":{"allow":["GET"]}}],"collection":[{"href":"https:\/\/agora.xtec.cat\/cfacanserra\/wp-json\/wp\/v2\/posts"}],"about":[{"href":"https:\/\/agora.xtec.cat\/cfacanserra\/wp-json\/wp\/v2\/types\/post"}],"author":[{"embeddable":true,"href":"https:\/\/agora.xtec.cat\/cfacanserra\/wp-json\/wp\/v2\/users\/1"}],"replies":[{"embeddable":true,"href":"https:\/\/agora.xtec.cat\/cfacanserra\/wp-json\/wp\/v2\/comments?post=1910"}],"version-history":[{"count":3,"href":"https:\/\/agora.xtec.cat\/cfacanserra\/wp-json\/wp\/v2\/posts\/1910\/revisions"}],"predecessor-version":[{"id":1915,"href":"https:\/\/agora.xtec.cat\/cfacanserra\/wp-json\/wp\/v2\/posts\/1910\/revisions\/1915"}],"wp:featuredmedia":[{"embeddable":true,"href":"https:\/\/agora.xtec.cat\/cfacanserra\/wp-json\/wp\/v2\/media\/1913"}],"wp:attachment":[{"href":"https:\/\/agora.xtec.cat\/cfacanserra\/wp-json\/wp\/v2\/media?parent=1910"}],"wp:term":[{"taxonomy":"category","embeddable":true,"href":"https:\/\/agora.xtec.cat\/cfacanserra\/wp-json\/wp\/v2\/categories?post=1910"},{"taxonomy":"post_tag","embeddable":true,"href":"https:\/\/agora.xtec.cat\/cfacanserra\/wp-json\/wp\/v2\/tags?post=1910"}],"curies":[{"name":"wp","href":"https:\/\/api.w.org\/{rel}","templated":true}]}}