{"id":1539,"date":"2021-03-08T10:51:16","date_gmt":"2021-03-08T09:51:16","guid":{"rendered":"http:\/\/agora.xtec.cat\/cfacanserra\/?p=1539"},"modified":"2021-05-27T11:39:54","modified_gmt":"2021-05-27T09:39:54","slug":"8-de-marc-dia-internacional-de-les-dones","status":"publish","type":"post","link":"https:\/\/agora.xtec.cat\/cfacanserra\/general\/8-de-marc-dia-internacional-de-les-dones\/","title":{"rendered":"8 de mar\u00e7. Dia Internacional de les Dones"},"content":{"rendered":"<h3 dir=\"auto\"><strong><span style=\"color: #800080;\">&#8220;Escriptores amagades. Quan el masclisme amaga l&#8217;autoria&#8221;<\/span><\/strong><\/h3>\n<p style=\"text-align: justify;\"><span style=\"color: #800080;\">&#8220;Escriptores amagades. Quan el masclisme amaga l&#8217;autoria&#8221; \u00e9s el t\u00edtol de la nostra exposici\u00f3 d&#8217;aquest curs per commemorar el 8 de mar\u00e7, Dia Internacional de les Dones.<\/span><\/p>\n<p style=\"text-align: justify;\"><span style=\"color: #800080;\">Enguany, hem volgut posar el focus en aquelles grans autores de la literatura que han hagut de publicar sota un pseud\u00f2nim mascul\u00ed per tal de ser llegides.<\/span><\/p>\n<h3 dir=\"auto\"><a href=\"https:\/\/agora.xtec.cat\/cfacanserra\/wp-content\/uploads\/usu856\/2021\/03\/FotoJet-2.jpg\"><img loading=\"lazy\" decoding=\"async\" class=\"alignnone size-large wp-image-1544\" src=\"https:\/\/agora.xtec.cat\/cfacanserra\/wp-content\/uploads\/usu856\/2021\/03\/FotoJet-2-1024x1024.jpg\" alt=\"\" width=\"1024\" height=\"1024\" srcset=\"https:\/\/agora.xtec.cat\/cfacanserra\/wp-content\/uploads\/usu856\/2021\/03\/FotoJet-2-1024x1024.jpg 1024w, https:\/\/agora.xtec.cat\/cfacanserra\/wp-content\/uploads\/usu856\/2021\/03\/FotoJet-2-150x150.jpg 150w, https:\/\/agora.xtec.cat\/cfacanserra\/wp-content\/uploads\/usu856\/2021\/03\/FotoJet-2-300x300.jpg 300w, https:\/\/agora.xtec.cat\/cfacanserra\/wp-content\/uploads\/usu856\/2021\/03\/FotoJet-2-768x768.jpg 768w, https:\/\/agora.xtec.cat\/cfacanserra\/wp-content\/uploads\/usu856\/2021\/03\/FotoJet-2.jpg 1200w\" sizes=\"auto, (max-width: 1024px) 100vw, 1024px\" \/><\/a><\/h3>\n<div dir=\"auto\"><\/div>\n<p dir=\"auto\" style=\"text-align: justify;\"><span style=\"color: #800080;\">Podeu visitar-la al passad\u00eds de la planta baixa, i con\u00e8ixer qui s&#8217;amagava rere grans noms (masculins) de la literatura universal. Tamb\u00e9 veureu que hi ha codis QR que amplien la informaci\u00f3 dels panells de cada autora, per a que pugueu saber-ne m\u00e9s, a trav\u00e9s dels vostres tel\u00e8fons m\u00f2bils.<\/span><\/p>\n<div dir=\"auto\">\n<h3 dir=\"auto\"><a href=\"https:\/\/agora.xtec.cat\/cfacanserra\/wp-content\/uploads\/usu856\/2021\/03\/FotoJet-3.jpg\"><img loading=\"lazy\" decoding=\"async\" class=\"alignnone size-large wp-image-1545\" src=\"https:\/\/agora.xtec.cat\/cfacanserra\/wp-content\/uploads\/usu856\/2021\/03\/FotoJet-3-1024x1024.jpg\" alt=\"\" width=\"1024\" height=\"1024\" srcset=\"https:\/\/agora.xtec.cat\/cfacanserra\/wp-content\/uploads\/usu856\/2021\/03\/FotoJet-3-1024x1024.jpg 1024w, https:\/\/agora.xtec.cat\/cfacanserra\/wp-content\/uploads\/usu856\/2021\/03\/FotoJet-3-150x150.jpg 150w, https:\/\/agora.xtec.cat\/cfacanserra\/wp-content\/uploads\/usu856\/2021\/03\/FotoJet-3-300x300.jpg 300w, https:\/\/agora.xtec.cat\/cfacanserra\/wp-content\/uploads\/usu856\/2021\/03\/FotoJet-3-768x768.jpg 768w, https:\/\/agora.xtec.cat\/cfacanserra\/wp-content\/uploads\/usu856\/2021\/03\/FotoJet-3.jpg 1200w\" sizes=\"auto, (max-width: 1024px) 100vw, 1024px\" \/><\/a><\/h3>\n<\/div>\n","protected":false},"excerpt":{"rendered":"<p>&#8220;Escriptores amagades. Quan el masclisme amaga l&#8217;autoria&#8221;<br \/>\n&#8220;Escriptores amagades. Quan el masclisme amaga l&#8217;autoria&#8221; \u00e9s el t\u00edtol de la nostra exposici\u00f3 d&#8217;aquest curs per commemorar el 8 de mar\u00e7, Dia Internacional de les Dones.<br \/>\nEnguany, hem volgut posar el focus en aquelles grans autores de la literatura&hellip;  <a href=\"https:\/\/agora.xtec.cat\/cfacanserra\/general\/8-de-marc-dia-internacional-de-les-dones\/\" title=\"Read 8 de mar\u00e7. Dia Internacional de les Dones\">Llegeix m\u00e9s\u00bb<\/a><\/p>\n","protected":false},"author":1,"featured_media":1541,"comment_status":"open","ping_status":"closed","sticky":false,"template":"","format":"standard","meta":{"_bbp_topic_count":0,"_bbp_reply_count":0,"_bbp_total_topic_count":0,"_bbp_total_reply_count":0,"_bbp_voice_count":0,"_bbp_anonymous_reply_count":0,"_bbp_topic_count_hidden":0,"_bbp_reply_count_hidden":0,"_bbp_forum_subforum_count":0,"footnotes":""},"categories":[1,29],"tags":[],"class_list":["post-1539","post","type-post","status-publish","format-standard","has-post-thumbnail","hentry","category-general","category-portada"],"post_mailing_queue_ids":[],"_links":{"self":[{"href":"https:\/\/agora.xtec.cat\/cfacanserra\/wp-json\/wp\/v2\/posts\/1539","targetHints":{"allow":["GET"]}}],"collection":[{"href":"https:\/\/agora.xtec.cat\/cfacanserra\/wp-json\/wp\/v2\/posts"}],"about":[{"href":"https:\/\/agora.xtec.cat\/cfacanserra\/wp-json\/wp\/v2\/types\/post"}],"author":[{"embeddable":true,"href":"https:\/\/agora.xtec.cat\/cfacanserra\/wp-json\/wp\/v2\/users\/1"}],"replies":[{"embeddable":true,"href":"https:\/\/agora.xtec.cat\/cfacanserra\/wp-json\/wp\/v2\/comments?post=1539"}],"version-history":[{"count":3,"href":"https:\/\/agora.xtec.cat\/cfacanserra\/wp-json\/wp\/v2\/posts\/1539\/revisions"}],"predecessor-version":[{"id":1548,"href":"https:\/\/agora.xtec.cat\/cfacanserra\/wp-json\/wp\/v2\/posts\/1539\/revisions\/1548"}],"wp:featuredmedia":[{"embeddable":true,"href":"https:\/\/agora.xtec.cat\/cfacanserra\/wp-json\/wp\/v2\/media\/1541"}],"wp:attachment":[{"href":"https:\/\/agora.xtec.cat\/cfacanserra\/wp-json\/wp\/v2\/media?parent=1539"}],"wp:term":[{"taxonomy":"category","embeddable":true,"href":"https:\/\/agora.xtec.cat\/cfacanserra\/wp-json\/wp\/v2\/categories?post=1539"},{"taxonomy":"post_tag","embeddable":true,"href":"https:\/\/agora.xtec.cat\/cfacanserra\/wp-json\/wp\/v2\/tags?post=1539"}],"curies":[{"name":"wp","href":"https:\/\/api.w.org\/{rel}","templated":true}]}}