{"id":1357,"date":"2020-03-03T15:10:40","date_gmt":"2020-03-03T14:10:40","guid":{"rendered":"http:\/\/agora.xtec.cat\/cfacanserra\/?p=1357"},"modified":"2020-03-12T23:02:06","modified_gmt":"2020-03-12T22:02:06","slug":"taller-de-bosses-aromatiques","status":"publish","type":"post","link":"https:\/\/agora.xtec.cat\/cfacanserra\/general\/taller-de-bosses-aromatiques\/","title":{"rendered":"Taller de bosses arom\u00e0tiques"},"content":{"rendered":"<p>Amb gran assist\u00e8ncia de p\u00fablic, el passat 28 de febrer,\u00a0 vam fer a l&#8217;escola un taller de bosses arom\u00e0tiques amb esp\u00edgol del nostre pati.<\/p>\n<p>Ja fa unes setmanes que la nostra alumna Rosa Maria va suggerir la idea d&#8217;aquest taller. Va prendre la iniciativa i es va dedicar a tallar l&#8217;esp\u00edgol del pati i deixar-lo assecar. Un cop sec, vam fixar una data, i ella mateixa es va encarregar de muntar el taller.<\/p>\n<p><a href=\"https:\/\/agora.xtec.cat\/cfacanserra\/wp-content\/uploads\/usu856\/2020\/03\/Preparaci\u00f3_web.jpg\"><img loading=\"lazy\" decoding=\"async\" class=\"alignnone wp-image-1361\" src=\"https:\/\/agora.xtec.cat\/cfacanserra\/wp-content\/uploads\/usu856\/2020\/03\/Preparaci\u00f3_web-1024x1024.jpg\" alt=\"\" width=\"293\" height=\"293\" srcset=\"https:\/\/agora.xtec.cat\/cfacanserra\/wp-content\/uploads\/usu856\/2020\/03\/Preparaci\u00f3_web-1024x1024.jpg 1024w, https:\/\/agora.xtec.cat\/cfacanserra\/wp-content\/uploads\/usu856\/2020\/03\/Preparaci\u00f3_web-150x150.jpg 150w, https:\/\/agora.xtec.cat\/cfacanserra\/wp-content\/uploads\/usu856\/2020\/03\/Preparaci\u00f3_web-300x300.jpg 300w, https:\/\/agora.xtec.cat\/cfacanserra\/wp-content\/uploads\/usu856\/2020\/03\/Preparaci\u00f3_web-768x768.jpg 768w, https:\/\/agora.xtec.cat\/cfacanserra\/wp-content\/uploads\/usu856\/2020\/03\/Preparaci\u00f3_web.jpg 1200w\" sizes=\"auto, (max-width: 293px) 100vw, 293px\" \/><\/a><\/p>\n<p>Els alumnes havien de tallar esp\u00edgol del pati per substituir el que feien servir.<\/p>\n<p><a href=\"https:\/\/agora.xtec.cat\/cfacanserra\/wp-content\/uploads\/usu856\/2020\/03\/Tallar_web-1.jpg\"><img loading=\"lazy\" decoding=\"async\" class=\"alignnone wp-image-1359\" src=\"https:\/\/agora.xtec.cat\/cfacanserra\/wp-content\/uploads\/usu856\/2020\/03\/Tallar_web-1-1024x1024.jpg\" alt=\"\" width=\"401\" height=\"401\" srcset=\"https:\/\/agora.xtec.cat\/cfacanserra\/wp-content\/uploads\/usu856\/2020\/03\/Tallar_web-1-1024x1024.jpg 1024w, https:\/\/agora.xtec.cat\/cfacanserra\/wp-content\/uploads\/usu856\/2020\/03\/Tallar_web-1-150x150.jpg 150w, https:\/\/agora.xtec.cat\/cfacanserra\/wp-content\/uploads\/usu856\/2020\/03\/Tallar_web-1-300x300.jpg 300w, https:\/\/agora.xtec.cat\/cfacanserra\/wp-content\/uploads\/usu856\/2020\/03\/Tallar_web-1-768x768.jpg 768w, https:\/\/agora.xtec.cat\/cfacanserra\/wp-content\/uploads\/usu856\/2020\/03\/Tallar_web-1.jpg 1200w\" sizes=\"auto, (max-width: 401px) 100vw, 401px\" \/><\/a><\/p>\n<p>Despr\u00e9s posaven el que ja estava assecat dins les bosses.<\/p>\n<p><a href=\"https:\/\/agora.xtec.cat\/cfacanserra\/wp-content\/uploads\/usu856\/2020\/03\/Fent_web.jpg\"><img loading=\"lazy\" decoding=\"async\" class=\"alignnone wp-image-1360\" src=\"https:\/\/agora.xtec.cat\/cfacanserra\/wp-content\/uploads\/usu856\/2020\/03\/Fent_web-1024x1024.jpg\" alt=\"\" width=\"436\" height=\"436\" srcset=\"https:\/\/agora.xtec.cat\/cfacanserra\/wp-content\/uploads\/usu856\/2020\/03\/Fent_web-1024x1024.jpg 1024w, https:\/\/agora.xtec.cat\/cfacanserra\/wp-content\/uploads\/usu856\/2020\/03\/Fent_web-150x150.jpg 150w, https:\/\/agora.xtec.cat\/cfacanserra\/wp-content\/uploads\/usu856\/2020\/03\/Fent_web-300x300.jpg 300w, https:\/\/agora.xtec.cat\/cfacanserra\/wp-content\/uploads\/usu856\/2020\/03\/Fent_web-768x768.jpg 768w, https:\/\/agora.xtec.cat\/cfacanserra\/wp-content\/uploads\/usu856\/2020\/03\/Fent_web.jpg 1200w\" sizes=\"auto, (max-width: 436px) 100vw, 436px\" \/><\/a><\/p>\n<p>I ja tenim el nostre ambientador natural. Moltes gr\u00e0cies a la Rosa Maria!<\/p>\n<p>&nbsp;<\/p>\n","protected":false},"excerpt":{"rendered":"<p>Amb gran assist\u00e8ncia de p\u00fablic, el passat 28 de febrer,\u00a0 vam fer a l&#8217;escola un taller de bosses arom\u00e0tiques amb esp\u00edgol del nostre pati.<br \/>\nJa fa unes setmanes que la nostra alumna Rosa Maria va suggerir la idea d&#8217;aquest taller. Va prendre la iniciativa i es&hellip;  <a href=\"https:\/\/agora.xtec.cat\/cfacanserra\/general\/taller-de-bosses-aromatiques\/\" title=\"Read Taller de bosses arom\u00e0tiques\">Llegeix m\u00e9s\u00bb<\/a><\/p>\n","protected":false},"author":1,"featured_media":1361,"comment_status":"open","ping_status":"closed","sticky":false,"template":"","format":"standard","meta":{"_bbp_topic_count":0,"_bbp_reply_count":0,"_bbp_total_topic_count":0,"_bbp_total_reply_count":0,"_bbp_voice_count":0,"_bbp_anonymous_reply_count":0,"_bbp_topic_count_hidden":0,"_bbp_reply_count_hidden":0,"_bbp_forum_subforum_count":0,"footnotes":""},"categories":[1,29],"tags":[],"class_list":["post-1357","post","type-post","status-publish","format-standard","has-post-thumbnail","hentry","category-general","category-portada"],"post_mailing_queue_ids":[],"_links":{"self":[{"href":"https:\/\/agora.xtec.cat\/cfacanserra\/wp-json\/wp\/v2\/posts\/1357","targetHints":{"allow":["GET"]}}],"collection":[{"href":"https:\/\/agora.xtec.cat\/cfacanserra\/wp-json\/wp\/v2\/posts"}],"about":[{"href":"https:\/\/agora.xtec.cat\/cfacanserra\/wp-json\/wp\/v2\/types\/post"}],"author":[{"embeddable":true,"href":"https:\/\/agora.xtec.cat\/cfacanserra\/wp-json\/wp\/v2\/users\/1"}],"replies":[{"embeddable":true,"href":"https:\/\/agora.xtec.cat\/cfacanserra\/wp-json\/wp\/v2\/comments?post=1357"}],"version-history":[{"count":3,"href":"https:\/\/agora.xtec.cat\/cfacanserra\/wp-json\/wp\/v2\/posts\/1357\/revisions"}],"predecessor-version":[{"id":1366,"href":"https:\/\/agora.xtec.cat\/cfacanserra\/wp-json\/wp\/v2\/posts\/1357\/revisions\/1366"}],"wp:featuredmedia":[{"embeddable":true,"href":"https:\/\/agora.xtec.cat\/cfacanserra\/wp-json\/wp\/v2\/media\/1361"}],"wp:attachment":[{"href":"https:\/\/agora.xtec.cat\/cfacanserra\/wp-json\/wp\/v2\/media?parent=1357"}],"wp:term":[{"taxonomy":"category","embeddable":true,"href":"https:\/\/agora.xtec.cat\/cfacanserra\/wp-json\/wp\/v2\/categories?post=1357"},{"taxonomy":"post_tag","embeddable":true,"href":"https:\/\/agora.xtec.cat\/cfacanserra\/wp-json\/wp\/v2\/tags?post=1357"}],"curies":[{"name":"wp","href":"https:\/\/api.w.org\/{rel}","templated":true}]}}