{"id":1058,"date":"2018-10-19T00:07:20","date_gmt":"2018-10-18T22:07:20","guid":{"rendered":"http:\/\/agora.xtec.cat\/cfacanserra\/?p=1058"},"modified":"2018-11-07T00:22:02","modified_gmt":"2018-11-06T23:22:02","slug":"dia-mundial-de-lalimentacio-2018","status":"publish","type":"post","link":"https:\/\/agora.xtec.cat\/cfacanserra\/general\/dia-mundial-de-lalimentacio-2018\/","title":{"rendered":"Dia mundial de l&#8217;alimentaci\u00f3 2018"},"content":{"rendered":"<p>Cada any el 16 d\u2019octubre se celebra el\u00a0<strong>Dia Mundial de l\u2019Alimentaci\u00f3<\/strong>, proclamat per la FAO (Organitzaci\u00f3 de les Nacions Unides per a l\u2019Alimentaci\u00f3 i l\u2019Agricultura), coincidint amb la creaci\u00f3 d\u2019aquesta organitzaci\u00f3. Pret\u00e9n conscienciar el m\u00f3n del problema de la fam, ja que actualment encara hi ha 815 milions de persones al planeta que la pateixen, de les quals un 60% s\u00f3n dones. I aix\u00f2 tenint en compte que es produeixen suficients aliments per alimentar tothom.<\/p>\n<p>Enguany, els grups de Castell\u00e0 1 i 2 de l&#8217;escola han volgut participar en la conscienciaci\u00f3 d&#8217;aquest tema treballant el consum responsable. El resultat ha estat un mural del calendari anual de la temporada de les fruites i verdures.<\/p>\n<p>&nbsp;<\/p>\n<p><a href=\"https:\/\/agora.xtec.cat\/cfacanserra\/wp-content\/uploads\/usu856\/2018\/10\/Dia-alimentacio.jpg\"><img loading=\"lazy\" decoding=\"async\" class=\"wp-image-1059 aligncenter\" src=\"https:\/\/agora.xtec.cat\/cfacanserra\/wp-content\/uploads\/usu856\/2018\/10\/Dia-alimentacio-1024x822.jpg\" alt=\"\" width=\"521\" height=\"418\" srcset=\"https:\/\/agora.xtec.cat\/cfacanserra\/wp-content\/uploads\/usu856\/2018\/10\/Dia-alimentacio-1024x822.jpg 1024w, https:\/\/agora.xtec.cat\/cfacanserra\/wp-content\/uploads\/usu856\/2018\/10\/Dia-alimentacio-300x241.jpg 300w, https:\/\/agora.xtec.cat\/cfacanserra\/wp-content\/uploads\/usu856\/2018\/10\/Dia-alimentacio-768x617.jpg 768w\" sizes=\"auto, (max-width: 521px) 100vw, 521px\" \/><\/a><\/p>\n<p>&nbsp;<\/p>\n","protected":false},"excerpt":{"rendered":"<p>Cada any el 16 d\u2019octubre se celebra el\u00a0Dia Mundial de l\u2019Alimentaci\u00f3, proclamat per la FAO (Organitzaci\u00f3 de les Nacions Unides per a l\u2019Alimentaci\u00f3 i l\u2019Agricultura), coincidint amb la creaci\u00f3 d\u2019aquesta organitzaci\u00f3. Pret\u00e9n conscienciar el m\u00f3n del problema de la fam, ja que actualment encara hi&hellip;  <a href=\"https:\/\/agora.xtec.cat\/cfacanserra\/general\/dia-mundial-de-lalimentacio-2018\/\" title=\"Read Dia mundial de l&#8217;alimentaci\u00f3 2018\">Llegeix m\u00e9s\u00bb<\/a><\/p>\n","protected":false},"author":1,"featured_media":1059,"comment_status":"open","ping_status":"closed","sticky":false,"template":"","format":"standard","meta":{"_bbp_topic_count":0,"_bbp_reply_count":0,"_bbp_total_topic_count":0,"_bbp_total_reply_count":0,"_bbp_voice_count":0,"_bbp_anonymous_reply_count":0,"_bbp_topic_count_hidden":0,"_bbp_reply_count_hidden":0,"_bbp_forum_subforum_count":0,"footnotes":""},"categories":[1,29],"tags":[],"class_list":["post-1058","post","type-post","status-publish","format-standard","has-post-thumbnail","hentry","category-general","category-portada"],"post_mailing_queue_ids":[],"_links":{"self":[{"href":"https:\/\/agora.xtec.cat\/cfacanserra\/wp-json\/wp\/v2\/posts\/1058","targetHints":{"allow":["GET"]}}],"collection":[{"href":"https:\/\/agora.xtec.cat\/cfacanserra\/wp-json\/wp\/v2\/posts"}],"about":[{"href":"https:\/\/agora.xtec.cat\/cfacanserra\/wp-json\/wp\/v2\/types\/post"}],"author":[{"embeddable":true,"href":"https:\/\/agora.xtec.cat\/cfacanserra\/wp-json\/wp\/v2\/users\/1"}],"replies":[{"embeddable":true,"href":"https:\/\/agora.xtec.cat\/cfacanserra\/wp-json\/wp\/v2\/comments?post=1058"}],"version-history":[{"count":3,"href":"https:\/\/agora.xtec.cat\/cfacanserra\/wp-json\/wp\/v2\/posts\/1058\/revisions"}],"predecessor-version":[{"id":1071,"href":"https:\/\/agora.xtec.cat\/cfacanserra\/wp-json\/wp\/v2\/posts\/1058\/revisions\/1071"}],"wp:featuredmedia":[{"embeddable":true,"href":"https:\/\/agora.xtec.cat\/cfacanserra\/wp-json\/wp\/v2\/media\/1059"}],"wp:attachment":[{"href":"https:\/\/agora.xtec.cat\/cfacanserra\/wp-json\/wp\/v2\/media?parent=1058"}],"wp:term":[{"taxonomy":"category","embeddable":true,"href":"https:\/\/agora.xtec.cat\/cfacanserra\/wp-json\/wp\/v2\/categories?post=1058"},{"taxonomy":"post_tag","embeddable":true,"href":"https:\/\/agora.xtec.cat\/cfacanserra\/wp-json\/wp\/v2\/tags?post=1058"}],"curies":[{"name":"wp","href":"https:\/\/api.w.org\/{rel}","templated":true}]}}