{"id":6656,"date":"2026-04-12T21:09:35","date_gmt":"2026-04-12T19:09:35","guid":{"rendered":"https:\/\/agora.xtec.cat\/cfacanovelles\/?p=6656"},"modified":"2026-04-12T21:22:29","modified_gmt":"2026-04-12T19:22:29","slug":"tema-8-com-soc-que-porto","status":"publish","type":"post","link":"https:\/\/agora.xtec.cat\/cfacanovelles\/catala-1-mati\/tema-8-com-soc-que-porto\/","title":{"rendered":"TEMA 8: COM S\u00d3C?  QU\u00c8 PORTO?"},"content":{"rendered":"<p>En aquest tema estudiarem:<\/p>\n<p>-Els <a href=\"https:\/\/agora.xtec.cat\/escsantsabdoisenen\/wp-content\/uploads\/usu554\/2020\/05\/4t-AULA-EE-del-18-al-22-de-maig.pdf\" target=\"_blank\" rel=\"noopener\">trets f\u00edsics<\/a> caracter\u00edstics d&#8217;una persona (color de cabell i maneres de porta-lo, descripci\u00f3 f\u00edsica)<\/p>\n<p>&#8211;<a href=\"https:\/\/profedecatala.com\/els-colors-en-catala\/\" target=\"_blank\" rel=\"noopener\">Els colors en catal\u00e0<\/a> ( blanc, negre, groc, vermall, blau, verd, gris, marr\u00f3, lila) i tonalitats clares i fosques (verd clar, verd fosc).<\/p>\n<p>&#8211;<a href=\"https:\/\/www.avl.gva.es\/documents\/31987\/98639\/20_tripticroba.pdf\" target=\"_blank\" rel=\"noopener\">La roba<\/a>: tipus de roba, forma,&#8230; (camisa, samarreta, jaqueta, pantalons,&#8230;)<\/p>\n<p>&#8211;<a href=\"https:\/\/www.auladecatala.com\/la-roba-i-les-estacions\/\" target=\"_blank\" rel=\"noopener\">La roba i les estacions de l&#8217;any<\/a>.<\/p>\n<p>&#8211;<a href=\"https:\/\/agora.xtec.cat\/escjoanblanquer\/wp-content\/uploads\/usu28\/2020\/05\/QUALITATS-PERSONALS-2.pdf\" target=\"_blank\" rel=\"noopener\">Caracter\u00edstiques personals<\/a> de com s\u00f3n les persones (divertides, callades, serioses, intel\u00b7ligents, afectuoses, amables,&#8230;)<\/p>\n<p>&#8211;<a href=\"https:\/\/www.cpnl.cat\/gramatica\/46\/13-els-verbs\" target=\"_blank\" rel=\"noopener\">Verbs<\/a>: tenir, portar, dur i agradar<\/p>\n<p>&nbsp;<\/p>\n<p>MIRA AQUEST POWER RESUM DE TOT EL QUE ESTUDIAREM. <a href=\"https:\/\/view.genially.com\/5f9952c45ff9a30d0577f116\" target=\"_blank\" rel=\"noopener\">CLICA AQU\u00cd<\/a><\/p>\n<p><a href=\"https:\/\/agora.xtec.cat\/cfacanovelles\/wp-content\/uploads\/usu1982\/2026\/04\/PHOTO-2026-04-12-21-06-07.jpg\"><img loading=\"lazy\" decoding=\"async\" class=\"alignnone size-large wp-image-6657\" src=\"https:\/\/agora.xtec.cat\/cfacanovelles\/wp-content\/uploads\/usu1982\/2026\/04\/PHOTO-2026-04-12-21-06-07-1024x570.jpg\" alt=\"\" width=\"1024\" height=\"570\" srcset=\"https:\/\/agora.xtec.cat\/cfacanovelles\/wp-content\/uploads\/usu1982\/2026\/04\/PHOTO-2026-04-12-21-06-07-1024x570.jpg 1024w, https:\/\/agora.xtec.cat\/cfacanovelles\/wp-content\/uploads\/usu1982\/2026\/04\/PHOTO-2026-04-12-21-06-07-300x167.jpg 300w, https:\/\/agora.xtec.cat\/cfacanovelles\/wp-content\/uploads\/usu1982\/2026\/04\/PHOTO-2026-04-12-21-06-07-768x428.jpg 768w, https:\/\/agora.xtec.cat\/cfacanovelles\/wp-content\/uploads\/usu1982\/2026\/04\/PHOTO-2026-04-12-21-06-07-1536x855.jpg 1536w, https:\/\/agora.xtec.cat\/cfacanovelles\/wp-content\/uploads\/usu1982\/2026\/04\/PHOTO-2026-04-12-21-06-07.jpg 1600w\" sizes=\"auto, (max-width: 1024px) 100vw, 1024px\" \/><\/a><\/p>\n","protected":false},"excerpt":{"rendered":"<p>En aquest tema estudiarem:<br \/>\n-Els <a href=\"https:\/\/agora.xtec.cat\/escsantsabdoisenen\/wp-content\/uploads\/usu554\/2020\/05\/4t-AULA-EE-del-18-al-22-de-maig.pdf\" target=\"_blank\" rel=\"noopener\">trets f\u00edsics<\/a> caracter\u00edstics d&#8217;una persona (color de cabell i maneres de porta-lo, descripci\u00f3 f\u00edsica)<br \/>\n&#8211;<a href=\"https:\/\/profedecatala.com\/els-colors-en-catala\/\" target=\"_blank\" rel=\"noopener\">Els colors en catal\u00e0<\/a> ( blanc, negre, groc, vermall, blau, verd, gris, marr\u00f3, lila) i tonalitats clares i fosques (verd clar, verd&hellip;  <a href=\"https:\/\/agora.xtec.cat\/cfacanovelles\/catala-1-mati\/tema-8-com-soc-que-porto\/\" title=\"Read TEMA 8: COM S\u00d3C?  QU\u00c8 PORTO?\">Llegeix m\u00e9s\u00bb<\/a><\/p>\n","protected":false},"author":25,"featured_media":6657,"comment_status":"open","ping_status":"open","sticky":false,"template":"","format":"standard","meta":{"_bbp_topic_count":0,"_bbp_reply_count":0,"_bbp_total_topic_count":0,"_bbp_total_reply_count":0,"_bbp_voice_count":0,"_bbp_anonymous_reply_count":0,"_bbp_topic_count_hidden":0,"_bbp_reply_count_hidden":0,"_bbp_forum_subforum_count":0,"footnotes":""},"categories":[140],"tags":[],"class_list":["post-6656","post","type-post","status-publish","format-standard","has-post-thumbnail","hentry","category-catala-1-mati"],"post_mailing_queue_ids":[],"_links":{"self":[{"href":"https:\/\/agora.xtec.cat\/cfacanovelles\/wp-json\/wp\/v2\/posts\/6656","targetHints":{"allow":["GET"]}}],"collection":[{"href":"https:\/\/agora.xtec.cat\/cfacanovelles\/wp-json\/wp\/v2\/posts"}],"about":[{"href":"https:\/\/agora.xtec.cat\/cfacanovelles\/wp-json\/wp\/v2\/types\/post"}],"author":[{"embeddable":true,"href":"https:\/\/agora.xtec.cat\/cfacanovelles\/wp-json\/wp\/v2\/users\/25"}],"replies":[{"embeddable":true,"href":"https:\/\/agora.xtec.cat\/cfacanovelles\/wp-json\/wp\/v2\/comments?post=6656"}],"version-history":[{"count":2,"href":"https:\/\/agora.xtec.cat\/cfacanovelles\/wp-json\/wp\/v2\/posts\/6656\/revisions"}],"predecessor-version":[{"id":6660,"href":"https:\/\/agora.xtec.cat\/cfacanovelles\/wp-json\/wp\/v2\/posts\/6656\/revisions\/6660"}],"wp:featuredmedia":[{"embeddable":true,"href":"https:\/\/agora.xtec.cat\/cfacanovelles\/wp-json\/wp\/v2\/media\/6657"}],"wp:attachment":[{"href":"https:\/\/agora.xtec.cat\/cfacanovelles\/wp-json\/wp\/v2\/media?parent=6656"}],"wp:term":[{"taxonomy":"category","embeddable":true,"href":"https:\/\/agora.xtec.cat\/cfacanovelles\/wp-json\/wp\/v2\/categories?post=6656"},{"taxonomy":"post_tag","embeddable":true,"href":"https:\/\/agora.xtec.cat\/cfacanovelles\/wp-json\/wp\/v2\/tags?post=6656"}],"curies":[{"name":"wp","href":"https:\/\/api.w.org\/{rel}","templated":true}]}}