{"id":6583,"date":"2026-02-04T11:17:40","date_gmt":"2026-02-04T10:17:40","guid":{"rendered":"https:\/\/agora.xtec.cat\/cfacanovelles\/?p=6583"},"modified":"2026-02-04T11:17:40","modified_gmt":"2026-02-04T10:17:40","slug":"xerrada-als-alumnes-sobre-mediacio","status":"publish","type":"post","link":"https:\/\/agora.xtec.cat\/cfacanovelles\/general\/xerrada-als-alumnes-sobre-mediacio\/","title":{"rendered":"Xerrada als alumnes sobre mediaci\u00f3"},"content":{"rendered":"<p>Avui ha vingut la Laia del servei de mediaci\u00f3 de l&#8217;Ajuntament de Canovelles per a explicar-nos qu\u00e8 \u00e9s la mediaci\u00f3, qu\u00e8 hi fan i quan hi podem acudir.<\/p>\n<p>Aquest servei \u00e9s gratu\u00eft i ens pot ajudar en c<a href=\"https:\/\/agora.xtec.cat\/cfacanovelles\/wp-content\/uploads\/usu1982\/2026\/02\/PHOTO-2026-02-04-11-07-17-1.jpg\"><img loading=\"lazy\" decoding=\"async\" class=\"alignnone size-large wp-image-6584\" src=\"https:\/\/agora.xtec.cat\/cfacanovelles\/wp-content\/uploads\/usu1982\/2026\/02\/PHOTO-2026-02-04-11-07-17-1-1024x768.jpg\" alt=\"\" width=\"1024\" height=\"768\" srcset=\"https:\/\/agora.xtec.cat\/cfacanovelles\/wp-content\/uploads\/usu1982\/2026\/02\/PHOTO-2026-02-04-11-07-17-1-1024x768.jpg 1024w, https:\/\/agora.xtec.cat\/cfacanovelles\/wp-content\/uploads\/usu1982\/2026\/02\/PHOTO-2026-02-04-11-07-17-1-300x225.jpg 300w, https:\/\/agora.xtec.cat\/cfacanovelles\/wp-content\/uploads\/usu1982\/2026\/02\/PHOTO-2026-02-04-11-07-17-1-768x576.jpg 768w, https:\/\/agora.xtec.cat\/cfacanovelles\/wp-content\/uploads\/usu1982\/2026\/02\/PHOTO-2026-02-04-11-07-17-1-1536x1152.jpg 1536w, https:\/\/agora.xtec.cat\/cfacanovelles\/wp-content\/uploads\/usu1982\/2026\/02\/PHOTO-2026-02-04-11-07-17-1-200x150.jpg 200w, https:\/\/agora.xtec.cat\/cfacanovelles\/wp-content\/uploads\/usu1982\/2026\/02\/PHOTO-2026-02-04-11-07-17-1.jpg 1600w\" sizes=\"auto, (max-width: 1024px) 100vw, 1024px\" \/><\/a> <a href=\"https:\/\/agora.xtec.cat\/cfacanovelles\/wp-content\/uploads\/usu1982\/2026\/02\/PHOTO-2026-02-04-11-07-17.jpg\"><img loading=\"lazy\" decoding=\"async\" class=\"alignnone size-large wp-image-6585\" src=\"https:\/\/agora.xtec.cat\/cfacanovelles\/wp-content\/uploads\/usu1982\/2026\/02\/PHOTO-2026-02-04-11-07-17-1024x768.jpg\" alt=\"\" width=\"1024\" height=\"768\" srcset=\"https:\/\/agora.xtec.cat\/cfacanovelles\/wp-content\/uploads\/usu1982\/2026\/02\/PHOTO-2026-02-04-11-07-17-1024x768.jpg 1024w, https:\/\/agora.xtec.cat\/cfacanovelles\/wp-content\/uploads\/usu1982\/2026\/02\/PHOTO-2026-02-04-11-07-17-300x225.jpg 300w, https:\/\/agora.xtec.cat\/cfacanovelles\/wp-content\/uploads\/usu1982\/2026\/02\/PHOTO-2026-02-04-11-07-17-768x576.jpg 768w, https:\/\/agora.xtec.cat\/cfacanovelles\/wp-content\/uploads\/usu1982\/2026\/02\/PHOTO-2026-02-04-11-07-17-1536x1152.jpg 1536w, https:\/\/agora.xtec.cat\/cfacanovelles\/wp-content\/uploads\/usu1982\/2026\/02\/PHOTO-2026-02-04-11-07-17-200x150.jpg 200w, https:\/\/agora.xtec.cat\/cfacanovelles\/wp-content\/uploads\/usu1982\/2026\/02\/PHOTO-2026-02-04-11-07-17.jpg 1600w\" sizes=\"auto, (max-width: 1024px) 100vw, 1024px\" \/><\/a> <a href=\"https:\/\/agora.xtec.cat\/cfacanovelles\/wp-content\/uploads\/usu1982\/2026\/02\/PHOTO-2026-02-04-11-11-03.jpg\"><img loading=\"lazy\" decoding=\"async\" class=\"alignnone size-large wp-image-6586\" src=\"https:\/\/agora.xtec.cat\/cfacanovelles\/wp-content\/uploads\/usu1982\/2026\/02\/PHOTO-2026-02-04-11-11-03-1024x768.jpg\" alt=\"\" width=\"1024\" height=\"768\" srcset=\"https:\/\/agora.xtec.cat\/cfacanovelles\/wp-content\/uploads\/usu1982\/2026\/02\/PHOTO-2026-02-04-11-11-03-1024x768.jpg 1024w, https:\/\/agora.xtec.cat\/cfacanovelles\/wp-content\/uploads\/usu1982\/2026\/02\/PHOTO-2026-02-04-11-11-03-300x225.jpg 300w, https:\/\/agora.xtec.cat\/cfacanovelles\/wp-content\/uploads\/usu1982\/2026\/02\/PHOTO-2026-02-04-11-11-03-768x576.jpg 768w, https:\/\/agora.xtec.cat\/cfacanovelles\/wp-content\/uploads\/usu1982\/2026\/02\/PHOTO-2026-02-04-11-11-03-1536x1152.jpg 1536w, https:\/\/agora.xtec.cat\/cfacanovelles\/wp-content\/uploads\/usu1982\/2026\/02\/PHOTO-2026-02-04-11-11-03-200x150.jpg 200w, https:\/\/agora.xtec.cat\/cfacanovelles\/wp-content\/uploads\/usu1982\/2026\/02\/PHOTO-2026-02-04-11-11-03.jpg 1600w\" sizes=\"auto, (max-width: 1024px) 100vw, 1024px\" \/><\/a>as de conflicte.<\/p>\n<p>Ha estat una xerrada molt interessant!<\/p>\n","protected":false},"excerpt":{"rendered":"<p>Avui ha vingut la Laia del servei de mediaci\u00f3 de l&#8217;Ajuntament de Canovelles per a explicar-nos qu\u00e8 \u00e9s la mediaci\u00f3, qu\u00e8 hi fan i quan hi podem acudir.<br \/>\nAquest servei \u00e9s gratu\u00eft i ens pot ajudar en c<a href=\"https:\/\/agora.xtec.cat\/cfacanovelles\/wp-content\/uploads\/usu1982\/2026\/02\/PHOTO-2026-02-04-11-07-17-1.jpg\"><\/a> <a href=\"https:\/\/agora.xtec.cat\/cfacanovelles\/wp-content\/uploads\/usu1982\/2026\/02\/PHOTO-2026-02-04-11-07-17.jpg\"><\/a> <a href=\"https:\/\/agora.xtec.cat\/cfacanovelles\/wp-content\/uploads\/usu1982\/2026\/02\/PHOTO-2026-02-04-11-11-03.jpg\"><\/a>as de conflicte.<br \/>\nHa estat&hellip;  <a href=\"https:\/\/agora.xtec.cat\/cfacanovelles\/general\/xerrada-als-alumnes-sobre-mediacio\/\" title=\"Read Xerrada als alumnes sobre mediaci\u00f3\">Llegeix m\u00e9s\u00bb<\/a><\/p>\n","protected":false},"author":25,"featured_media":6585,"comment_status":"open","ping_status":"open","sticky":false,"template":"","format":"standard","meta":{"_bbp_topic_count":0,"_bbp_reply_count":0,"_bbp_total_topic_count":0,"_bbp_total_reply_count":0,"_bbp_voice_count":0,"_bbp_anonymous_reply_count":0,"_bbp_topic_count_hidden":0,"_bbp_reply_count_hidden":0,"_bbp_forum_subforum_count":0,"footnotes":""},"categories":[1,29],"tags":[],"class_list":["post-6583","post","type-post","status-publish","format-standard","has-post-thumbnail","hentry","category-general","category-portada"],"post_mailing_queue_ids":[],"_links":{"self":[{"href":"https:\/\/agora.xtec.cat\/cfacanovelles\/wp-json\/wp\/v2\/posts\/6583","targetHints":{"allow":["GET"]}}],"collection":[{"href":"https:\/\/agora.xtec.cat\/cfacanovelles\/wp-json\/wp\/v2\/posts"}],"about":[{"href":"https:\/\/agora.xtec.cat\/cfacanovelles\/wp-json\/wp\/v2\/types\/post"}],"author":[{"embeddable":true,"href":"https:\/\/agora.xtec.cat\/cfacanovelles\/wp-json\/wp\/v2\/users\/25"}],"replies":[{"embeddable":true,"href":"https:\/\/agora.xtec.cat\/cfacanovelles\/wp-json\/wp\/v2\/comments?post=6583"}],"version-history":[{"count":1,"href":"https:\/\/agora.xtec.cat\/cfacanovelles\/wp-json\/wp\/v2\/posts\/6583\/revisions"}],"predecessor-version":[{"id":6587,"href":"https:\/\/agora.xtec.cat\/cfacanovelles\/wp-json\/wp\/v2\/posts\/6583\/revisions\/6587"}],"wp:featuredmedia":[{"embeddable":true,"href":"https:\/\/agora.xtec.cat\/cfacanovelles\/wp-json\/wp\/v2\/media\/6585"}],"wp:attachment":[{"href":"https:\/\/agora.xtec.cat\/cfacanovelles\/wp-json\/wp\/v2\/media?parent=6583"}],"wp:term":[{"taxonomy":"category","embeddable":true,"href":"https:\/\/agora.xtec.cat\/cfacanovelles\/wp-json\/wp\/v2\/categories?post=6583"},{"taxonomy":"post_tag","embeddable":true,"href":"https:\/\/agora.xtec.cat\/cfacanovelles\/wp-json\/wp\/v2\/tags?post=6583"}],"curies":[{"name":"wp","href":"https:\/\/api.w.org\/{rel}","templated":true}]}}