{"id":6561,"date":"2026-01-21T09:23:35","date_gmt":"2026-01-21T08:23:35","guid":{"rendered":"https:\/\/agora.xtec.cat\/cfacanovelles\/?p=6561"},"modified":"2026-01-20T10:02:22","modified_gmt":"2026-01-20T09:02:22","slug":"tema-5-un-dia-amb-la-montserrat","status":"publish","type":"post","link":"https:\/\/agora.xtec.cat\/cfacanovelles\/catala-1-mati\/tema-5-un-dia-amb-la-montserrat\/","title":{"rendered":"TEMA 5: UN DIA AMB LA MONTSERRAT"},"content":{"rendered":"<p>En aquest tema estudiarem les diferents accions que fem al llarg del dia<\/p>\n<p>A continuaci\u00f3, teniu un seguit d&#8217;activitats divertides on practicar els verbs espec\u00edfics d&#8217;accions que realitzem cont\u00ednuament en el dia a dia. L&#8217;enlla\u00e7 que trobareu a continuaci\u00f3, us dirigir\u00e0 a la p\u00e0gina on trobar el recurs:<\/p>\n<p><a href=\"https:\/\/clic.xtec.cat\/projects\/accions\/jclic.js\/index.html\">https:\/\/clic.xtec.cat\/projects\/accions\/jclic.js\/index.html<\/a><\/p>\n<p>\u00c9s important que sapigueu dir tant qu\u00e8 fa una tercera persona com el que feu vosaltres al llarg d&#8217;un dia.<a href=\"https:\/\/agora.xtec.cat\/cfacanovelles\/wp-content\/uploads\/usu1982\/2025\/02\/angles-cuinem.png\"><img loading=\"lazy\" decoding=\"async\" class=\"alignnone  wp-image-5897\" src=\"https:\/\/agora.xtec.cat\/cfacanovelles\/wp-content\/uploads\/usu1982\/2025\/02\/angles-cuinem.png\" alt=\"\" width=\"247\" height=\"166\" srcset=\"https:\/\/agora.xtec.cat\/cfacanovelles\/wp-content\/uploads\/usu1982\/2025\/02\/angles-cuinem.png 734w, https:\/\/agora.xtec.cat\/cfacanovelles\/wp-content\/uploads\/usu1982\/2025\/02\/angles-cuinem-300x201.png 300w\" sizes=\"auto, (max-width: 247px) 100vw, 247px\" \/>\u00a0 <\/a><a href=\"https:\/\/agora.xtec.cat\/cfacanovelles\/wp-content\/uploads\/usu1982\/2025\/02\/angles-sofa-que-fem-en-cap-de-setmana.png\"><img loading=\"lazy\" decoding=\"async\" class=\"alignnone  wp-image-5896\" src=\"https:\/\/agora.xtec.cat\/cfacanovelles\/wp-content\/uploads\/usu1982\/2025\/02\/angles-sofa-que-fem-en-cap-de-setmana.png\" alt=\"\" width=\"256\" height=\"168\" srcset=\"https:\/\/agora.xtec.cat\/cfacanovelles\/wp-content\/uploads\/usu1982\/2025\/02\/angles-sofa-que-fem-en-cap-de-setmana.png 730w, https:\/\/agora.xtec.cat\/cfacanovelles\/wp-content\/uploads\/usu1982\/2025\/02\/angles-sofa-que-fem-en-cap-de-setmana-300x197.png 300w\" sizes=\"auto, (max-width: 256px) 100vw, 256px\" \/> <\/a><a href=\"https:\/\/agora.xtec.cat\/cfacanovelles\/wp-content\/uploads\/usu1982\/2019\/09\/correr.jpeg\"><img loading=\"lazy\" decoding=\"async\" class=\"alignnone size-full wp-image-451\" src=\"https:\/\/agora.xtec.cat\/cfacanovelles\/wp-content\/uploads\/usu1982\/2019\/09\/correr.jpeg\" alt=\"\" width=\"275\" height=\"183\" \/><\/a> <a href=\"https:\/\/agora.xtec.cat\/cfacanovelles\/wp-content\/uploads\/usu1982\/2014\/09\/portatil.jpg\"><img loading=\"lazy\" decoding=\"async\" class=\"alignnone  wp-image-419\" src=\"https:\/\/agora.xtec.cat\/cfacanovelles\/wp-content\/uploads\/usu1982\/2014\/09\/portatil.jpg\" alt=\"\" width=\"477\" height=\"181\" srcset=\"https:\/\/agora.xtec.cat\/cfacanovelles\/wp-content\/uploads\/usu1982\/2014\/09\/portatil.jpg 845w, https:\/\/agora.xtec.cat\/cfacanovelles\/wp-content\/uploads\/usu1982\/2014\/09\/portatil-300x114.jpg 300w, https:\/\/agora.xtec.cat\/cfacanovelles\/wp-content\/uploads\/usu1982\/2014\/09\/portatil-768x292.jpg 768w\" sizes=\"auto, (max-width: 477px) 100vw, 477px\" \/>\u00a0 <\/a><a href=\"https:\/\/agora.xtec.cat\/cfacanovelles\/wp-content\/uploads\/usu1982\/2014\/09\/llibreta.jpg\"><img loading=\"lazy\" decoding=\"async\" class=\"alignnone size-full wp-image-406\" src=\"https:\/\/agora.xtec.cat\/cfacanovelles\/wp-content\/uploads\/usu1982\/2014\/09\/llibreta.jpg\" alt=\"\" width=\"275\" height=\"183\" \/><\/a><a href=\"https:\/\/agora.xtec.cat\/cfacanovelles\/wp-content\/uploads\/usu1982\/2014\/09\/portatil.jpg\"> \u00a0<\/a><\/p>\n<p>&nbsp;<\/p>\n","protected":false},"excerpt":{"rendered":"<p>En aquest tema estudiarem les diferents accions que fem al llarg del dia<br \/>\nA continuaci\u00f3, teniu un seguit d&#8217;activitats divertides on practicar els verbs espec\u00edfics d&#8217;accions que realitzem cont\u00ednuament en el dia a dia. L&#8217;enlla\u00e7 que trobareu a continuaci\u00f3, us dirigir\u00e0 a la p\u00e0gina on trobar&hellip;  <a href=\"https:\/\/agora.xtec.cat\/cfacanovelles\/catala-1-mati\/tema-5-un-dia-amb-la-montserrat\/\" title=\"Read TEMA 5: UN DIA AMB LA MONTSERRAT\">Llegeix m\u00e9s\u00bb<\/a><\/p>\n","protected":false},"author":25,"featured_media":451,"comment_status":"open","ping_status":"open","sticky":false,"template":"","format":"standard","meta":{"_bbp_topic_count":0,"_bbp_reply_count":0,"_bbp_total_topic_count":0,"_bbp_total_reply_count":0,"_bbp_voice_count":0,"_bbp_anonymous_reply_count":0,"_bbp_topic_count_hidden":0,"_bbp_reply_count_hidden":0,"_bbp_forum_subforum_count":0,"footnotes":""},"categories":[140],"tags":[],"class_list":["post-6561","post","type-post","status-publish","format-standard","has-post-thumbnail","hentry","category-catala-1-mati"],"post_mailing_queue_ids":[],"_links":{"self":[{"href":"https:\/\/agora.xtec.cat\/cfacanovelles\/wp-json\/wp\/v2\/posts\/6561","targetHints":{"allow":["GET"]}}],"collection":[{"href":"https:\/\/agora.xtec.cat\/cfacanovelles\/wp-json\/wp\/v2\/posts"}],"about":[{"href":"https:\/\/agora.xtec.cat\/cfacanovelles\/wp-json\/wp\/v2\/types\/post"}],"author":[{"embeddable":true,"href":"https:\/\/agora.xtec.cat\/cfacanovelles\/wp-json\/wp\/v2\/users\/25"}],"replies":[{"embeddable":true,"href":"https:\/\/agora.xtec.cat\/cfacanovelles\/wp-json\/wp\/v2\/comments?post=6561"}],"version-history":[{"count":1,"href":"https:\/\/agora.xtec.cat\/cfacanovelles\/wp-json\/wp\/v2\/posts\/6561\/revisions"}],"predecessor-version":[{"id":6562,"href":"https:\/\/agora.xtec.cat\/cfacanovelles\/wp-json\/wp\/v2\/posts\/6561\/revisions\/6562"}],"wp:featuredmedia":[{"embeddable":true,"href":"https:\/\/agora.xtec.cat\/cfacanovelles\/wp-json\/wp\/v2\/media\/451"}],"wp:attachment":[{"href":"https:\/\/agora.xtec.cat\/cfacanovelles\/wp-json\/wp\/v2\/media?parent=6561"}],"wp:term":[{"taxonomy":"category","embeddable":true,"href":"https:\/\/agora.xtec.cat\/cfacanovelles\/wp-json\/wp\/v2\/categories?post=6561"},{"taxonomy":"post_tag","embeddable":true,"href":"https:\/\/agora.xtec.cat\/cfacanovelles\/wp-json\/wp\/v2\/tags?post=6561"}],"curies":[{"name":"wp","href":"https:\/\/api.w.org\/{rel}","templated":true}]}}