{"id":6392,"date":"2025-12-02T10:46:23","date_gmt":"2025-12-02T09:46:23","guid":{"rendered":"https:\/\/agora.xtec.cat\/cfacanovelles\/?p=6392"},"modified":"2026-01-12T16:18:03","modified_gmt":"2026-01-12T15:18:03","slug":"edat-mitjana-2","status":"publish","type":"post","link":"https:\/\/agora.xtec.cat\/cfacanovelles\/literatura-catalana\/edat-mitjana-2\/","title":{"rendered":"LITERATURA CATALANA DE L&#8217;EDAT MITJANA"},"content":{"rendered":"<p>La\u00a0<b>literatura catalana<\/b>\u00a0\u00e9s\u00a0<a title=\"Literatura\" href=\"https:\/\/ca.wikipedia.org\/wiki\/Literatura\">literatura<\/a>\u00a0escrita en\u00a0<a title=\"Catal\u00e0\" href=\"https:\/\/ca.wikipedia.org\/wiki\/Catal%C3%A0\">catal\u00e0<\/a> sense atendre al lloc o l&#8217;origen de l&#8217;autor. entre els segles\u00a0xi\u00a0i\u00a0xiii\u00a0van apar\u00e8ixer dues obres escrites ja en llengua vulgar: el\u00a0<a title=\"Codi de Recesvint\" href=\"https:\/\/ca.wikipedia.org\/wiki\/Codi_de_Recesvint\"><i>Llibre jutge<\/i><\/a>\u00a0o\u00a0<i>Liber iudicum<\/i>, del segle\u00a0<span title=\"Nombre\u00a0escrit en xifres romanes\">xii<\/span>\u00a0\u2014la traducci\u00f3 d&#8217;una compilaci\u00f3 de lleis visig\u00f2tiques en llat\u00ed\u2014 i les\u00a0<i><a title=\"Homilies d'Organy\u00e0\" href=\"https:\/\/ca.wikipedia.org\/wiki\/Homilies_d%27Organy%C3%A0\">Homilies d&#8217;Organy\u00e0<\/a><\/i>, de comen\u00e7ament del segle xiii, que s\u00f3n predicacions en roman\u00e7.<b style=\"font-family: inherit; font-size: 1em;\">XII &#8211; XIII<\/b><\/p>\n<p><b>SEGLES XII-XIII<\/b><\/p>\n<p>POESIA<\/p>\n<p>POESIA TROBADORESCA<img loading=\"lazy\" decoding=\"async\" class=\"alignright\" src=\"https:\/\/www.rte.ie\/images\/0022f34c-500.jpg\" alt=\"Meet the independent, fierce, proactive women of medieval Ireland\" width=\"546\" height=\"307\" \/><\/p>\n<ul>\n<li aria-level=\"1\">Escrita en occit\u00e0.<\/li>\n<li aria-level=\"1\">Tema central: amor cort\u00e8s.<\/li>\n<li aria-level=\"1\">G\u00e8neres: can\u00e7\u00f3 (amor), sirvent\u00e8s (sat\u00edric) i plany (lament).<\/li>\n<li aria-level=\"1\">Autors: Guillem de Bergued\u00e0<\/li>\n<\/ul>\n<p>PROSA<\/p>\n<ul>\n<li aria-level=\"1\">Primer textos literaris en catal\u00e0.<\/li>\n<li aria-level=\"1\">2 tipus: did\u00e0ctica i historiogr\u00e0fica.<\/li>\n<li aria-level=\"1\">Prosa did\u00e0ctica.\u00a0 Ramon Llull: <i>Llibre d\u2019Amic e Amat.<\/i><\/li>\n<li aria-level=\"1\">Cr\u00f2niques reials: Jaume I, <i>Llibre dels Feyts<\/i>.\u00a0 Bernat Desclot, <i>Cr\u00f2nica de Bernat Desclot<\/i>. Narren les conquestes reials.<\/li>\n<\/ul>\n<p><b>SEGLE XIV<img decoding=\"async\" class=\"alignright\" src=\"https:\/\/www.masmallorca.es\/wp-content\/uploads\/2009\/10\/jaume-I-2_IIIcapitulo.jpg\" alt=\"Jaume I - La conquesta de Mallorca (III) | +Mallorca, la revista de Mallorca\" \/><\/b><\/p>\n<ul>\n<li aria-level=\"1\">La l\u00edrica encara \u00e9s en occit\u00e0. Jocs Florals.<\/li>\n<li aria-level=\"1\">Cr\u00f2niques per narrar gestes reials: <i>Cr\u00f2nica de Ramon Muntaner<\/i> i <i>Cr\u00f2nica de Pere III el Cerimoni\u00f3s.<\/i><\/li>\n<li aria-level=\"1\">Prosa did\u00e0ctica destinada a instruir el poble i la burgesia. Francesc Eiximenis: <i>Lo cresti\u00e0.<\/i><\/li>\n<li aria-level=\"1\">Prosa human\u00edstica introdueix temes mitol\u00f2gics i cl\u00e0ssics romans i grecs. Bernat Metge: <i>Lo somni.<\/i><\/li>\n<\/ul>\n<p><b>SEGLE D\u2019OR VALENCI\u00c0<\/b><\/p>\n<p>POESIA<\/p>\n<ul>\n<li aria-level=\"1\">Catalanitzaci\u00f3 de la poesia.<\/li>\n<li aria-level=\"1\"><img loading=\"lazy\" decoding=\"async\" class=\"alignright\" src=\"https:\/\/upload.wikimedia.org\/wikipedia\/commons\/thumb\/d\/d5\/Ausias_Marc.jpg\/250px-Ausias_Marc.jpg\" alt=\"Ausi\u00e0s March - Viquip\u00e8dia, l'enciclop\u00e8dia lliure\" width=\"311\" height=\"495\" \/>L\u00edrica personal i filos\u00f2fica: introspecci\u00f3 psicol\u00f2gica i conflicte moral.<\/li>\n<li aria-level=\"1\">Temes existencials:\u00a0 por, pecat, mort, temps\u2026<\/li>\n<\/ul>\n<p>PROSA<\/p>\n<ul>\n<li aria-level=\"1\">Novel\u00b7la moderna.<\/li>\n<li aria-level=\"1\">Realisme i antiheroisme.<\/li>\n<li aria-level=\"1\">Prosa llatinitzant culta i ret\u00f2rica.<\/li>\n<li aria-level=\"1\">Literatures per a dones i escrites per dones.<\/li>\n<\/ul>\n<p>AUTORS<\/p>\n<ul>\n<li aria-level=\"1\">Ausi\u00e0s March. Creador de poesia personal i filos\u00f2fica. <i>Cants d\u2019amor, Cants de mort, Cants espiritual.<\/i><\/li>\n<li aria-level=\"1\">Joanot Martorell. La seva obra <i>Tirant lo Blanc<\/i> \u00e9s la primera novel\u00b7la moderna: realisme, erotisme, pol\u00edtica\u2026<\/li>\n<li aria-level=\"1\">Joan Ro\u00eds de Corella. Exponent de l\u2019humanisme, prosa llatinitzant i temes mitol\u00f2gics. <i>La trag\u00e8dia de Caldesa.<\/i><\/li>\n<li aria-level=\"1\">Jaume Roig. Prosa en vers d\u2019estil popular i misogin. <i>Espill o llibre de les dones.<\/i><\/li>\n<li aria-level=\"1\">Sor Isabel de Villena. Primera dona que escriu en catal\u00e0 amb un to humanitzador i antimisogin. <i>Vita Christi.<\/i><\/li>\n<\/ul>\n<h5>Mira aquest v\u00eddeo sobre la literatura a l&#8217;Edat Mitjana<\/h5>\n<p><iframe loading=\"lazy\" title=\"YouTube video player\" src=\"https:\/\/www.youtube.com\/embed\/u6QIOPQl17c?si=M8P6GUE49A5MlxpB\" width=\"560\" height=\"315\" frameborder=\"0\" allowfullscreen=\"allowfullscreen\"><\/iframe><\/p>\n<p>&nbsp;<\/p>\n<h5>Fes aquests jocs per repassar<\/h5>\n<div style=\"width: 100%;\">\n<div style=\"position: relative; padding-bottom: 56.25%; padding-top: 0; height: 0;\">\n<div style=\"width: 100%;\">\n<div style=\"position: relative; padding-bottom: 56.25%; padding-top: 0; height: 0;\">\n<div style=\"width: 100%;\">\n<div style=\"position: relative; padding-bottom: 56.25%; padding-top: 0; height: 0;\">\n<div style=\"width: 100%;\">\n<div style=\"position: relative; padding-bottom: 56.25%; padding-top: 0; height: 0;\">\n<div style=\"width: 100%;\">\n<div style=\"position: relative; padding-bottom: 56.25%; padding-top: 0; height: 0;\"><iframe loading=\"lazy\" style=\"position: absolute; top: 0; left: 0; width: 100%; height: 100%;\" title=\"Q\u00fcestionari sobre la literatura catalana dels segles XII-XIV\" src=\"https:\/\/view.genially.com\/694e304ac0325e54d8207b40\" width=\"1200\" height=\"675\" frameborder=\"0\" scrolling=\"yes\" allowfullscreen=\"allowfullscreen\"><\/iframe><\/div>\n<\/div>\n<p>&nbsp;<\/p>\n<\/div>\n<\/div>\n<\/div>\n<\/div>\n<\/div>\n<\/div>\n<\/div>\n<\/div>\n<p>&nbsp;<\/p>\n<div style=\"width: 100%;\">\n<div style=\"position: relative; padding-bottom: 56.25%; padding-top: 0; height: 0;\"><iframe loading=\"lazy\" style=\"position: absolute; top: 0; left: 0; width: 100%; height: 100%;\" title=\"Roda del Segle d'Or valenci\u00e0\" src=\"https:\/\/view.genially.com\/69412f2eaa2a1b6c97952053\" width=\"1200\" height=\"675\" frameborder=\"0\" scrolling=\"yes\" allowfullscreen=\"allowfullscreen\"><\/iframe><\/div>\n<\/div>\n<p>&nbsp;<\/p>\n<p>&nbsp;<\/p>\n<h5>Ara fes les activitats del formulari<\/h5>\n<p><iframe loading=\"lazy\" src=\"https:\/\/docs.google.com\/forms\/d\/e\/1FAIpQLSdo3Yb2coGkgBYSqqERXwBRIgqqwGKms98jcyVd4mGqXw3qYw\/viewform?embedded=true\" width=\"640\" height=\"5355\" frameborder=\"0\" marginwidth=\"0\" marginheight=\"0\">S&#8217;est\u00e0 carregant\u2026<\/iframe><\/p>\n","protected":false},"excerpt":{"rendered":"<p>La\u00a0literatura catalana\u00a0\u00e9s\u00a0<a title=\"Literatura\" href=\"https:\/\/ca.wikipedia.org\/wiki\/Literatura\">literatura<\/a>\u00a0escrita en\u00a0<a title=\"Catal\u00e0\" href=\"https:\/\/ca.wikipedia.org\/wiki\/Catal%C3%A0\">catal\u00e0<\/a> sense atendre al lloc o l&#8217;origen de l&#8217;autor. entre els segles\u00a0xi\u00a0i\u00a0xiii\u00a0van apar\u00e8ixer dues obres escrites ja en llengua vulgar: el\u00a0<a title=\"Codi de Recesvint\" href=\"https:\/\/ca.wikipedia.org\/wiki\/Codi_de_Recesvint\">Llibre jutge<\/a>\u00a0o\u00a0Liber iudicum, del segle\u00a0xii\u00a0\u2014la traducci\u00f3 d&#8217;una compilaci\u00f3 de lleis visig\u00f2tiques en llat\u00ed\u2014 i les\u00a0<a&hellip;  <a href=\"https:\/\/agora.xtec.cat\/cfacanovelles\/literatura-catalana\/edat-mitjana-2\/\" title=\"Read LITERATURA CATALANA DE L&#8217;EDAT MITJANA\">Llegeix m\u00e9s\u00bb<\/a><\/p>\n","protected":false},"author":4,"featured_media":6402,"comment_status":"open","ping_status":"open","sticky":false,"template":"","format":"standard","meta":{"_bbp_topic_count":0,"_bbp_reply_count":0,"_bbp_total_topic_count":0,"_bbp_total_reply_count":0,"_bbp_voice_count":0,"_bbp_anonymous_reply_count":0,"_bbp_topic_count_hidden":0,"_bbp_reply_count_hidden":0,"_bbp_forum_subforum_count":0,"footnotes":""},"categories":[129],"tags":[],"class_list":["post-6392","post","type-post","status-publish","format-standard","has-post-thumbnail","hentry","category-literatura-catalana"],"post_mailing_queue_ids":[],"_links":{"self":[{"href":"https:\/\/agora.xtec.cat\/cfacanovelles\/wp-json\/wp\/v2\/posts\/6392","targetHints":{"allow":["GET"]}}],"collection":[{"href":"https:\/\/agora.xtec.cat\/cfacanovelles\/wp-json\/wp\/v2\/posts"}],"about":[{"href":"https:\/\/agora.xtec.cat\/cfacanovelles\/wp-json\/wp\/v2\/types\/post"}],"author":[{"embeddable":true,"href":"https:\/\/agora.xtec.cat\/cfacanovelles\/wp-json\/wp\/v2\/users\/4"}],"replies":[{"embeddable":true,"href":"https:\/\/agora.xtec.cat\/cfacanovelles\/wp-json\/wp\/v2\/comments?post=6392"}],"version-history":[{"count":6,"href":"https:\/\/agora.xtec.cat\/cfacanovelles\/wp-json\/wp\/v2\/posts\/6392\/revisions"}],"predecessor-version":[{"id":6542,"href":"https:\/\/agora.xtec.cat\/cfacanovelles\/wp-json\/wp\/v2\/posts\/6392\/revisions\/6542"}],"wp:featuredmedia":[{"embeddable":true,"href":"https:\/\/agora.xtec.cat\/cfacanovelles\/wp-json\/wp\/v2\/media\/6402"}],"wp:attachment":[{"href":"https:\/\/agora.xtec.cat\/cfacanovelles\/wp-json\/wp\/v2\/media?parent=6392"}],"wp:term":[{"taxonomy":"category","embeddable":true,"href":"https:\/\/agora.xtec.cat\/cfacanovelles\/wp-json\/wp\/v2\/categories?post=6392"},{"taxonomy":"post_tag","embeddable":true,"href":"https:\/\/agora.xtec.cat\/cfacanovelles\/wp-json\/wp\/v2\/tags?post=6392"}],"curies":[{"name":"wp","href":"https:\/\/api.w.org\/{rel}","templated":true}]}}