{"id":6385,"date":"2025-11-22T10:54:11","date_gmt":"2025-11-22T09:54:11","guid":{"rendered":"https:\/\/agora.xtec.cat\/cfacanovelles\/?p=6385"},"modified":"2025-11-22T10:59:05","modified_gmt":"2025-11-22T09:59:05","slug":"tema-3-visc-a-canovelles","status":"publish","type":"post","link":"https:\/\/agora.xtec.cat\/cfacanovelles\/catala-1-mati\/tema-3-visc-a-canovelles\/","title":{"rendered":"TEMA 3: VISC A CANOVELLES"},"content":{"rendered":"<p><span style=\"font-weight: 400;\">En aquesta unitat aprendrem:<\/span><\/p>\n<p><span style=\"font-weight: 400;\">-A preguntar i a dir l\u2019adre\u00e7a: el carrer, el n\u00famero del carrer, el pis i la poblaci\u00f3.<\/span><\/p>\n<p>-Veurem els diferents tipus de cases i com s&#8217;anomenen.<\/p>\n<p><span style=\"font-weight: 400;\">-Aprendrem a dir la nostra adre\u00e7a segons un punt de refer\u00e8ncia.<\/span><\/p>\n<p><span style=\"font-weight: 400;\">-Tamb\u00e9 sabrem situar edificis i objectes en un punt de refer\u00e8ncia utilitzant les preposicions i les locucions prepositives de lloc: (a) davant (de), (a) darrere (de), (a) sobre (de), (a) sota (de), lluny de, (a) prop de, a la vora de, a la dreta de, a l\u2019esquerra de, al costat de i entre.<\/span><\/p>\n<p><span style=\"font-weight: 400;\">-Per acabar, aprendrem a conjugar el verb viure.\u00a0<\/span><\/p>\n<p>&nbsp;<\/p>\n<p>Practiquem?:<\/p>\n<table>\n<tbody>\n<tr>\n<td><span style=\"font-weight: 400;\">On visc?<\/span><\/p>\n<p><span style=\"font-weight: 400;\">Jo visc al carrer del Sol n\u00fam. 363, 2n 4a<\/span><\/p>\n<p><span style=\"font-weight: 400;\">Jo visc al carrer del Sol n\u00famero tres-cents seixanta-tres, segon, quarta.<\/span><\/td>\n<\/tr>\n<\/tbody>\n<\/table>\n<p>&nbsp;<\/p>\n<p><span style=\"font-weight: 400;\">Mira la seg\u00fcent imatge i digues a quin pis viuen cadascuna de les persones :<\/span><\/p>\n<table style=\"width: 90.6913%;\">\n<tbody>\n<tr>\n<td style=\"width: 58.3073%;\"><a href=\"https:\/\/agora.xtec.cat\/cfacanovelles\/wp-content\/uploads\/usu1982\/2025\/11\/Edifici.png\"><img loading=\"lazy\" decoding=\"async\" class=\"alignnone size-large wp-image-6386\" src=\"https:\/\/agora.xtec.cat\/cfacanovelles\/wp-content\/uploads\/usu1982\/2025\/11\/Edifici-1024x582.png\" alt=\"\" width=\"1024\" height=\"582\" srcset=\"https:\/\/agora.xtec.cat\/cfacanovelles\/wp-content\/uploads\/usu1982\/2025\/11\/Edifici-1024x582.png 1024w, https:\/\/agora.xtec.cat\/cfacanovelles\/wp-content\/uploads\/usu1982\/2025\/11\/Edifici-300x170.png 300w, https:\/\/agora.xtec.cat\/cfacanovelles\/wp-content\/uploads\/usu1982\/2025\/11\/Edifici-768x436.png 768w, https:\/\/agora.xtec.cat\/cfacanovelles\/wp-content\/uploads\/usu1982\/2025\/11\/Edifici.png 1130w\" sizes=\"auto, (max-width: 1024px) 100vw, 1024px\" \/><\/a><\/td>\n<td style=\"width: 311.27%;\"><span style=\"font-weight: 400;\">Carrer Montserrat, 233<\/span><\/p>\n<p><span style=\"font-weight: 400;\">Marta: 1r, 2a<\/span><\/p>\n<p><span style=\"font-weight: 400;\">Pau: 3r, 5a<\/span><\/p>\n<p><span style=\"font-weight: 400;\">Bea: 4t, 4a<\/span><\/p>\n<p><span style=\"font-weight: 400;\">Nil: 6\u00e8, 1a<\/span><\/p>\n<p><span style=\"font-weight: 400;\">Abdoul: 3r, 3a<\/span><\/p>\n<p><span style=\"font-weight: 400;\">Hicham: 2n, 7a<\/span><\/td>\n<\/tr>\n<\/tbody>\n<\/table>\n<p>&nbsp;<\/p>\n<p><span style=\"font-weight: 400;\">Conjugaci\u00f3 del <\/span><b>Verb viure<\/b><span style=\"font-weight: 400;\">: \u00a0 <\/span><span style=\"font-weight: 400;\">Jo visc<\/span><\/p>\n<p><span style=\"font-weight: 400;\">\u00a0 \u00a0 \u00a0 \u00a0 \u00a0 \u00a0 \u00a0 \u00a0 \u00a0 \u00a0 \u00a0 \u00a0 \u00a0 \u00a0 \u00a0 \u00a0 \u00a0 \u00a0 \u00a0 \u00a0 \u00a0 \u00a0 \u00a0 \u00a0Tu vius<\/span><\/p>\n<p><span style=\"font-weight: 400;\">\u00a0 \u00a0 \u00a0 \u00a0 \u00a0 \u00a0 \u00a0 \u00a0 \u00a0 \u00a0 \u00a0 \u00a0 \u00a0 \u00a0 \u00a0 \u00a0 \u00a0 \u00a0 \u00a0 \u00a0 \u00a0 \u00a0 \u00a0 \u00a0 Ell\/a viu<\/span><\/p>\n<p><span style=\"font-weight: 400;\">\u00a0 \u00a0 \u00a0 \u00a0 \u00a0 \u00a0 \u00a0 \u00a0 \u00a0 \u00a0 \u00a0 \u00a0 \u00a0 \u00a0 \u00a0 \u00a0 \u00a0 \u00a0 \u00a0 \u00a0 \u00a0 \u00a0 \u00a0 \u00a0Nosaltres vivim<\/span><\/p>\n<p><span style=\"font-weight: 400;\">\u00a0 \u00a0 \u00a0 \u00a0 \u00a0 \u00a0 \u00a0 \u00a0 \u00a0 \u00a0 \u00a0 \u00a0 \u00a0 \u00a0 \u00a0 \u00a0 \u00a0 \u00a0 \u00a0 \u00a0 \u00a0 \u00a0 \u00a0 \u00a0Vosaltres viviu<\/span><\/p>\n<p><span style=\"font-weight: 400;\">\u00a0 \u00a0 \u00a0 \u00a0 \u00a0 \u00a0 \u00a0 \u00a0 \u00a0 \u00a0 \u00a0 \u00a0 \u00a0 \u00a0 \u00a0 \u00a0 \u00a0 \u00a0 \u00a0 \u00a0 \u00a0 \u00a0 \u00a0 \u00a0Ells\/es viuen<\/span><\/p>\n<p>&nbsp;<\/p>\n<p><span style=\"font-weight: 400;\">M\u2019indiques com anar des de l\u2019ajuntament fins a la farm\u00e0cia?<\/span><\/p>\n<p><a href=\"https:\/\/agora.xtec.cat\/cfacanovelles\/wp-content\/uploads\/usu1982\/2025\/11\/Mapa-dibuixat-ciutat.png\"><img loading=\"lazy\" decoding=\"async\" class=\"alignnone size-large wp-image-6388\" src=\"https:\/\/agora.xtec.cat\/cfacanovelles\/wp-content\/uploads\/usu1982\/2025\/11\/Mapa-dibuixat-ciutat-1024x772.png\" alt=\"\" width=\"1024\" height=\"772\" srcset=\"https:\/\/agora.xtec.cat\/cfacanovelles\/wp-content\/uploads\/usu1982\/2025\/11\/Mapa-dibuixat-ciutat-1024x772.png 1024w, https:\/\/agora.xtec.cat\/cfacanovelles\/wp-content\/uploads\/usu1982\/2025\/11\/Mapa-dibuixat-ciutat-300x226.png 300w, https:\/\/agora.xtec.cat\/cfacanovelles\/wp-content\/uploads\/usu1982\/2025\/11\/Mapa-dibuixat-ciutat-768x579.png 768w, https:\/\/agora.xtec.cat\/cfacanovelles\/wp-content\/uploads\/usu1982\/2025\/11\/Mapa-dibuixat-ciutat-200x150.png 200w, https:\/\/agora.xtec.cat\/cfacanovelles\/wp-content\/uploads\/usu1982\/2025\/11\/Mapa-dibuixat-ciutat.png 1315w\" sizes=\"auto, (max-width: 1024px) 100vw, 1024px\" \/><\/a><\/p>\n","protected":false},"excerpt":{"rendered":"<p>En aquesta unitat aprendrem:<br \/>\n-A preguntar i a dir l\u2019adre\u00e7a: el carrer, el n\u00famero del carrer, el pis i la poblaci\u00f3.<br \/>\n-Veurem els diferents tipus de cases i com s&#8217;anomenen.<br \/>\n-Aprendrem a dir la nostra adre\u00e7a segons un punt de refer\u00e8ncia.<br \/>\n-Tamb\u00e9 sabrem situar edificis i objectes en un&hellip;  <a href=\"https:\/\/agora.xtec.cat\/cfacanovelles\/catala-1-mati\/tema-3-visc-a-canovelles\/\" title=\"Read TEMA 3: VISC A CANOVELLES\">Llegeix m\u00e9s\u00bb<\/a><\/p>\n","protected":false},"author":25,"featured_media":6386,"comment_status":"open","ping_status":"open","sticky":false,"template":"","format":"standard","meta":{"_bbp_topic_count":0,"_bbp_reply_count":0,"_bbp_total_topic_count":0,"_bbp_total_reply_count":0,"_bbp_voice_count":0,"_bbp_anonymous_reply_count":0,"_bbp_topic_count_hidden":0,"_bbp_reply_count_hidden":0,"_bbp_forum_subforum_count":0,"footnotes":""},"categories":[140],"tags":[],"class_list":["post-6385","post","type-post","status-publish","format-standard","has-post-thumbnail","hentry","category-catala-1-mati"],"post_mailing_queue_ids":[],"_links":{"self":[{"href":"https:\/\/agora.xtec.cat\/cfacanovelles\/wp-json\/wp\/v2\/posts\/6385","targetHints":{"allow":["GET"]}}],"collection":[{"href":"https:\/\/agora.xtec.cat\/cfacanovelles\/wp-json\/wp\/v2\/posts"}],"about":[{"href":"https:\/\/agora.xtec.cat\/cfacanovelles\/wp-json\/wp\/v2\/types\/post"}],"author":[{"embeddable":true,"href":"https:\/\/agora.xtec.cat\/cfacanovelles\/wp-json\/wp\/v2\/users\/25"}],"replies":[{"embeddable":true,"href":"https:\/\/agora.xtec.cat\/cfacanovelles\/wp-json\/wp\/v2\/comments?post=6385"}],"version-history":[{"count":2,"href":"https:\/\/agora.xtec.cat\/cfacanovelles\/wp-json\/wp\/v2\/posts\/6385\/revisions"}],"predecessor-version":[{"id":6389,"href":"https:\/\/agora.xtec.cat\/cfacanovelles\/wp-json\/wp\/v2\/posts\/6385\/revisions\/6389"}],"wp:featuredmedia":[{"embeddable":true,"href":"https:\/\/agora.xtec.cat\/cfacanovelles\/wp-json\/wp\/v2\/media\/6386"}],"wp:attachment":[{"href":"https:\/\/agora.xtec.cat\/cfacanovelles\/wp-json\/wp\/v2\/media?parent=6385"}],"wp:term":[{"taxonomy":"category","embeddable":true,"href":"https:\/\/agora.xtec.cat\/cfacanovelles\/wp-json\/wp\/v2\/categories?post=6385"},{"taxonomy":"post_tag","embeddable":true,"href":"https:\/\/agora.xtec.cat\/cfacanovelles\/wp-json\/wp\/v2\/tags?post=6385"}],"curies":[{"name":"wp","href":"https:\/\/api.w.org\/{rel}","templated":true}]}}